{"id":323470,"date":"2026-01-05T02:09:12","date_gmt":"2026-01-05T02:09:12","guid":{"rendered":"https:\/\/www.europesays.com\/es\/323470\/"},"modified":"2026-01-05T02:09:12","modified_gmt":"2026-01-05T02:09:12","slug":"gloria-camila-desmiente-a-ana-maria-aldon-y-corta-las-habladurias-sobre-ortega-cano","status":"publish","type":"post","link":"https:\/\/www.europesays.com\/es\/323470\/","title":{"rendered":"Gloria Camila desmiente a Ana Mar\u00eda Ald\u00f3n y corta las habladur\u00edas sobre Ortega Cano"},"content":{"rendered":"<p class=\"paragraph\">La guerra en los plat\u00f3s sigue m\u00e1s viva que nunca. Si pensabas que <b>lo de Gloria Camila y Ana Mar\u00eda Ald\u00f3n<\/b> estaba ya dicho de todo, nueva bomba: la hija de <b>Ortega Cano<\/b> ha salido al paso para desmentir a la dise\u00f1adora y poner las cosas claras con su caracter\u00edstico estilo sin filtros.<\/p>\n<p class=\"paragraph\">Todo comenz\u00f3 cuando Ald\u00f3n asegur\u00f3 que segu\u00eda manteniendo una \u201cmagn\u00edfica relaci\u00f3n\u201d con su ex, el torero Jos\u00e9 Ortega Cano, con quien tuvo un hijo. Pues bien\u2026 Gloria Camila, al escuchar esas palabras en el mismo plat\u00f3, no se mordi\u00f3 la lengua: <b>\u201cEso no es cierto, no tienen relaci\u00f3n\u201d, <\/b>sentenci\u00f3 con gesto serio. Y vaya que no. Seg\u00fan la colaboradora, Ortega Cano y Ald\u00f3n hace much\u00edsimo que no hablan y solo se comunican, si hace falta, por intermediarios.<\/p>\n<p>            <a href=\"#\" title=\"\"><\/p>\n<p>                    <img loading=\"lazy\" decoding=\"async\" data-index=\"\" width=\"140\" height=\"140\" alt=\"Gloria Camila cierra la puerta a Roc\u00edo Carrasco.\" data-full=\"[object Object]\" data-original=\"[object Object]\" src=\"https:\/\/imagenes.esdiario.com\/files\/related_image\/uploads\/2025\/12\/23\/694a4d9ad3916.jpeg\" data-full-src=\"https:\/\/www.europesays.com\/es\/wp-content\/uploads\/2026\/01\/694a4d9ad3916.jpeg\"\/><\/p>\n<p>            <\/a><\/p>\n<p class=\"paragraph\">Los colaboradores se quedaron con la boca abierta. Una de dos \u2014 o no entendimos bien lo que dijo Ana Mar\u00eda\u2026 o, como apunt\u00f3 un tertuliano, <b>\u201cnos han colado un cuento\u201d<\/b>. Pero Gloria no se qued\u00f3 ah\u00ed: lanz\u00f3 una advertencia con chispa incluyendo una frase que pocos esperan escuchar en plena batalla medi\u00e1tica: \u201cni los buenos son tan buenos, ni los malos son tan malos\u201d. <b>\u00bfTiene alg\u00fan as bajo la manga? <\/b>Lo cierto es que su argumento ha encendido a\u00fan m\u00e1s la pol\u00e9mica que rodea a esta relaci\u00f3n familiar tan \u201ctelevisiva\u201d.<\/p>\n<p class=\"paragraph\">Lo que parec\u00eda una declaraci\u00f3n de cari\u00f1o y cordialidad por parte de Ald\u00f3n, al final ha terminado en zasca directo en toda regla, y ahora todo el mundo se pregunta si habr\u00e1 r\u00e9plica por parte de la dise\u00f1adora. <b>\u00bfTendremos nueva entrega de este culebr\u00f3n en los pr\u00f3ximos d\u00edas? <\/b>Mantente atento: en el amor y la guerra, nunca est\u00e1 todo dicho.<\/p>\n","protected":false},"excerpt":{"rendered":"La guerra en los plat\u00f3s sigue m\u00e1s viva que nunca. Si pensabas que lo de Gloria Camila y&hellip;\n","protected":false},"author":2,"featured_media":323471,"comment_status":"","ping_status":"","sticky":false,"template":"","format":"standard","meta":{"footnotes":""},"categories":[174],"tags":[35058,255,146,147,25,24,256,5929,5932,23,625],"class_list":{"0":"post-323470","1":"post","2":"type-post","3":"status-publish","4":"format-standard","5":"has-post-thumbnail","7":"category-famosos","8":"tag-ana-maria-aldon","9":"tag-celebrities","10":"tag-entertainment","11":"tag-entretenimiento","12":"tag-es","13":"tag-espana","14":"tag-famosos","15":"tag-gloria-camila","16":"tag-ortega-cano","17":"tag-spain","18":"tag-tauromaquia"},"share_on_mastodon":{"url":"https:\/\/pubeurope.com\/@es\/115840061491230022","error":""},"_links":{"self":[{"href":"https:\/\/www.europesays.com\/es\/wp-json\/wp\/v2\/posts\/323470","targetHints":{"allow":["GET"]}}],"collection":[{"href":"https:\/\/www.europesays.com\/es\/wp-json\/wp\/v2\/posts"}],"about":[{"href":"https:\/\/www.europesays.com\/es\/wp-json\/wp\/v2\/types\/post"}],"author":[{"embeddable":true,"href":"https:\/\/www.europesays.com\/es\/wp-json\/wp\/v2\/users\/2"}],"replies":[{"embeddable":true,"href":"https:\/\/www.europesays.com\/es\/wp-json\/wp\/v2\/comments?post=323470"}],"version-history":[{"count":0,"href":"https:\/\/www.europesays.com\/es\/wp-json\/wp\/v2\/posts\/323470\/revisions"}],"wp:featuredmedia":[{"embeddable":true,"href":"https:\/\/www.europesays.com\/es\/wp-json\/wp\/v2\/media\/323471"}],"wp:attachment":[{"href":"https:\/\/www.europesays.com\/es\/wp-json\/wp\/v2\/media?parent=323470"}],"wp:term":[{"taxonomy":"category","embeddable":true,"href":"https:\/\/www.europesays.com\/es\/wp-json\/wp\/v2\/categories?post=323470"},{"taxonomy":"post_tag","embeddable":true,"href":"https:\/\/www.europesays.com\/es\/wp-json\/wp\/v2\/tags?post=323470"}],"curies":[{"name":"wp","href":"https:\/\/api.w.org\/{rel}","templated":true}]}}