{"id":323473,"date":"2026-01-05T02:16:09","date_gmt":"2026-01-05T02:16:09","guid":{"rendered":"https:\/\/www.europesays.com\/es\/323473\/"},"modified":"2026-01-05T02:16:09","modified_gmt":"2026-01-05T02:16:09","slug":"la-braquiterapia-de-prostata-llegara-al-hospital-esta-primavera","status":"publish","type":"post","link":"https:\/\/www.europesays.com\/es\/323473\/","title":{"rendered":"La braquiterapia de pr\u00f3stata llegar\u00e1 al Hospital esta primavera"},"content":{"rendered":"<p><a class=\"v-mdl-ath__fig-a\" href=\"https:\/\/www.lagacetadesalamanca.es\/autor\/javier-hernandez-5987.html\" title=\"Javier Hern\u00e1ndez\" rel=\"nofollow noopener\" target=\"_blank\"><br \/>\n<img decoding=\"async\" class=\"v-mdl-ath__img\" src=\"https:\/\/www.europesays.com\/es\/wp-content\/uploads\/2025\/08\/autor-5987-foto-1.png\" alt=\"Javier Hern\u00e1ndez\"\/><br \/>\n<\/a><\/p>\n<p class=\"v-mdl-ath__p v-mdl-ath__p--6\">\nDomingo, 4 de enero 2026, 21:34<\/p>\n<p class=\"v-p\">El <strong>Hospital de Salamanca<\/strong> incorporar\u00e1 a lo largo de 2026 la <strong>braquiterapia de baja tasa de dosis (LDR)<\/strong> para el tratamiento del c\u00e1ncer de pr\u00f3stata, una prestaci\u00f3n que completar\u00e1 su cartera de servicios oncol\u00f3gicos y para la que se destinar\u00e1 un presupuesto estimado de 1,93 millones de euros, distribuidos en dos lotes: el equipamiento m\u00e9dico especializado y los consumibles necesarios para el tratamiento con semillas radiactivas de yodo-125.<\/p>\n<p class=\"v-p\">La convocatoria de licitaci\u00f3n p\u00fablica se formaliz\u00f3 al cierre de 2025 y constituye una de las ampliaciones m\u00e1s significativas de la oferta terap\u00e9utica radioncol\u00f3gica que el hospital ha acometido en los \u00faltimos a\u00f1os. No obstante, el retraso en la implementaci\u00f3n es notable, puesto que esta adquisici\u00f3n formaba parte del <strong>Plan Anual de Gesti\u00f3n de 2024<\/strong>.<\/p>\n<p class=\"v-p\">La licitaci\u00f3n se divide en dos lotes complementarios. El primero, presupuestado en 206.718,82 euros (IVA incluido), cubre el equipamiento m\u00e9dico especializado, que incluye un ec\u00f3grafo de \u00faltima generaci\u00f3n con capacidades avanzadas de visualizaci\u00f3n tridimensional, un sistema inform\u00e1tico de planificaci\u00f3n que permite calcular la dosimetr\u00eda exacta del tratamiento, monitores de alta resoluci\u00f3n y sondas transrectales biplano. Este lote fija un plazo m\u00e1ximo de un mes desde la formalizaci\u00f3n del contrato.<\/p>\n<p class=\"v-p\">El segundo lote, presupuestado en 1.056.000 euros (IVA incluido), cubre los kits de tratamiento que contienen las semillas radiactivas de yodo-125. Se estima un consumo de 300 kits anuales, a un precio unitario de 3.200 euros cada uno, con un contrato de 36 meses desde la recepci\u00f3n del equipamiento. La administraci\u00f3n ha retenido, adem\u00e1s, un cr\u00e9dito adicional del 10% sobre el precio para financiar posibles incrementos de demanda no previstos.<\/p>\n<p>La ventaja<\/p>\n<p class=\"v-p\">La braquiterapia de baja tasa de dosis es un procedimiento de alta precisi\u00f3n radiol\u00f3gica que consiste en implantar diminutas semillas radiactivas \u2014del tama\u00f1o aproximado de un grano de arroz, de unos 4,5 mil\u00edmetros de longitud\u2014 directamente en la pr\u00f3stata mediante agujas guiadas por ecograf\u00eda transrectal en tiempo real. El sistema inform\u00e1tico de planificaci\u00f3n, que crea una reconstrucci\u00f3n tridimensional de la gl\u00e1ndula, permite al radionc\u00f3logo determinar la ubicaci\u00f3n \u00f3ptima de cada semilla para maximizar la cobertura del tumor y minimizar la radiaci\u00f3n en \u00f3rganos cercanos como la vejiga y el recto.<\/p>\n<p class=\"v-p\">Las semillas emiten niveles bajos de radiaci\u00f3n durante varias semanas, eliminando gradualmente las c\u00e9lulas cancerosas. A diferencia de la braquiterapia de alta tasa de dosis (HDR), que requiere m\u00faltiples sesiones con anestesia, las semillas permanecen de forma definitiva en la pr\u00f3stata tras su implantaci\u00f3n, sin complicaciones relevantes.<\/p>\n<p class=\"v-p\">El <strong>servicio de Ginecolog\u00eda<\/strong> del hospital salmantino ya utilizaba la braquiterapia en casos de c\u00e1ncer de endometrio de riesgo intermedio y alto, as\u00ed como en c\u00e1ncer de c\u00e9rvix en estadios avanzados.<\/p>\n<p>Reporta un error<\/p>\n","protected":false},"excerpt":{"rendered":"Domingo, 4 de enero 2026, 21:34 El Hospital de Salamanca incorporar\u00e1 a lo largo de 2026 la braquiterapia&hellip;\n","protected":false},"author":2,"featured_media":323474,"comment_status":"","ping_status":"","sticky":false,"template":"","format":"standard","meta":{"footnotes":""},"categories":[92],"tags":[75088,25,24,165,3345,24036,18433,13076,166,23],"class_list":{"0":"post-323473","1":"post","2":"type-post","3":"status-publish","4":"format-standard","5":"has-post-thumbnail","7":"category-salud","8":"tag-braquiterapia","9":"tag-es","10":"tag-espana","11":"tag-health","12":"tag-hospital","13":"tag-llegara","14":"tag-primavera","15":"tag-prostata","16":"tag-salud","17":"tag-spain"},"share_on_mastodon":{"url":"https:\/\/pubeurope.com\/@es\/115840089179437602","error":""},"_links":{"self":[{"href":"https:\/\/www.europesays.com\/es\/wp-json\/wp\/v2\/posts\/323473","targetHints":{"allow":["GET"]}}],"collection":[{"href":"https:\/\/www.europesays.com\/es\/wp-json\/wp\/v2\/posts"}],"about":[{"href":"https:\/\/www.europesays.com\/es\/wp-json\/wp\/v2\/types\/post"}],"author":[{"embeddable":true,"href":"https:\/\/www.europesays.com\/es\/wp-json\/wp\/v2\/users\/2"}],"replies":[{"embeddable":true,"href":"https:\/\/www.europesays.com\/es\/wp-json\/wp\/v2\/comments?post=323473"}],"version-history":[{"count":0,"href":"https:\/\/www.europesays.com\/es\/wp-json\/wp\/v2\/posts\/323473\/revisions"}],"wp:featuredmedia":[{"embeddable":true,"href":"https:\/\/www.europesays.com\/es\/wp-json\/wp\/v2\/media\/323474"}],"wp:attachment":[{"href":"https:\/\/www.europesays.com\/es\/wp-json\/wp\/v2\/media?parent=323473"}],"wp:term":[{"taxonomy":"category","embeddable":true,"href":"https:\/\/www.europesays.com\/es\/wp-json\/wp\/v2\/categories?post=323473"},{"taxonomy":"post_tag","embeddable":true,"href":"https:\/\/www.europesays.com\/es\/wp-json\/wp\/v2\/tags?post=323473"}],"curies":[{"name":"wp","href":"https:\/\/api.w.org\/{rel}","templated":true}]}}