{"id":323542,"date":"2026-01-05T03:23:14","date_gmt":"2026-01-05T03:23:14","guid":{"rendered":"https:\/\/www.europesays.com\/es\/323542\/"},"modified":"2026-01-05T03:23:14","modified_gmt":"2026-01-05T03:23:14","slug":"peliculas-libros-y-contenido-en-redes-para-empezar-el-ano-palomitas-con-mufasa-el-rey-leon","status":"publish","type":"post","link":"https:\/\/www.europesays.com\/es\/323542\/","title":{"rendered":"Pel\u00edculas, libros y contenido en redes para empezar el a\u00f1o: Palomitas con&#8230; \u2018Mufasa: el rey le\u00f3n\u2019"},"content":{"rendered":"<p>\n        Con la intenci\u00f3n de promocionar la cultura, ya sea<strong>\u00a0audiovisual o anal\u00f3gica<\/strong>, esta semana traemos\u00a0<strong>las mejores\u00a0<\/strong><a href=\"https:\/\/www.deia.eus\/tags\/recomendaciones\/pagina-7\/\" title=\"recomendaciones\" class=\"link copy\" rel=\"nofollow noopener\" target=\"_blank\"><strong>recomendaciones<\/strong><\/a> para empezar este a\u00f1o 2026. Pel\u00edculas, series, p\u00f3dcasts, contenido en redes o lecturas, lo rese\u00f1amos todo con verdadera pasi\u00f3n y en compa\u00f1\u00eda de\u00a0<strong>un buen bol de palomitas<\/strong>.\n<\/p>\n<p>  Palomitas con&#8230;<\/p>\n<p>  \u2018Mufasa: el rey le\u00f3n\u2019 \u2605\u2605\u2605\u2605<\/p>\n<p>  Un fen\u00f3meno mundial<\/p>\n<p class=\"article-body__text \">\n        Seamos de la generaci\u00f3n que seamos, estoy al <strong>99% segura<\/strong> de que todos hemos visto alguna vez la <a href=\"https:\/\/www.deia.eus\/tags\/peliculas\/\" title=\"pel\u00edcula\" class=\"link copy\" rel=\"nofollow noopener\" target=\"_blank\">pel\u00edcula<\/a> del <strong>Rey le\u00f3n<\/strong> en alguno de sus m\u00faltiples formatos. Ya sea en <strong>su filme original de dibujos del 94<\/strong>, en la secuela sobre la hija de Simba -Nala- o en la tercera parte con las aventuras de Tim\u00f3n y Pumba, todos nos hemos emocionado con <strong>esta historia<\/strong>.\n<\/p>\n<p class=\"article-body__text \">\n        Pero fue en <strong>2019 <\/strong>cuando el fen\u00f3meno volvi\u00f3 a estallar con el<strong> live action<\/strong> que Disney estren\u00f3. Es raro hablar de este g\u00e9nero cuando se trata de un filme sobre<strong> animales salvajes<\/strong>, no obstante, parece que el <strong>CGI<\/strong> lleva muchos a\u00f1os consolid\u00e1ndose en <strong>el mundo cinematogr\u00e1fico<\/strong>, con la intenci\u00f3n de quedarse. Tras la buena acogida de esta polivalente saga, fue en <strong>2020 <\/strong>cuando se estren\u00f3 <strong>Mufasa: El rey le\u00f3n<\/strong>, un <strong>remake<\/strong><strong> fotorrealista<\/strong> que nos cuenta la historia del padre de Simba.\n<\/p>\n<p class=\"article-body__text \">\n        Para los <strong>m\u00e1s nost\u00e1lgicos<\/strong>, lo que comenz\u00f3 como un cuento se ha convertido en <strong>un referente cultural<\/strong>, ya no solo con su gran impacto internacional -ejemplo de ello es <strong>su <\/strong><a href=\"https:\/\/www.deia.eus\/tags\/musicales\/\" title=\"musical\" class=\"link copy\" rel=\"nofollow noopener\" target=\"_blank\"><strong>musical<\/strong><\/a>-, sino por la cantidad de <strong>lecciones y aprendizajes<\/strong> que nos llevamos de esta historia, record\u00e1ndonos que si perdemos a un ser querido,<strong> \u201c\u00e9l vive en ti\u201d<\/strong>.\n<\/p>\n<p>  Redes<\/p>\n<p>  Recomendaciones musicales desde Euskal Herria<\/p>\n<p class=\"article-body__text \">\n        <a href=\"https:\/\/www.deia.eus\/tags\/euskal-herria\/\" title=\"Euskal Herria\" class=\"link copy\" rel=\"nofollow noopener\" target=\"_blank\">Euskal Herria<\/a> siempre ha sido un territorio en el que <strong>la m\u00fasica <\/strong>se ha entendido como <strong>un acto de rebeli\u00f3n y resiliencia <\/strong>a trav\u00e9s del arte. Independientemente del estilo, para todos aquellos amantes de este \u00e1mbito, perfiles como el de<strong> Izaromur <\/strong>son algo as\u00ed como<strong> una gu\u00eda espiritual<\/strong>.\n<\/p>\n<p class=\"article-body__text \">\n        La <strong>influencer <\/strong>que define a Euskal Herria como<strong> \u201cmi tierra\u201d<\/strong> y afirma que vive <strong>\u201cen el mejor sitio del mundo\u201d<\/strong> con un atardecer espectacular de fondo, centra <strong>su contenido<\/strong> en <a href=\"https:\/\/www.deia.eus\/tags\/redes-sociales\/\" title=\"redes sociales\" class=\"link copy\" rel=\"nofollow noopener\" target=\"_blank\">redes sociales<\/a> principalmente en <strong>la m\u00fasica<\/strong>, aunque tambi\u00e9n ofrece recomendaciones de<strong> maquillaje, ropa y oufits <\/strong>con un estilo <strong>urban<\/strong><strong> y<\/strong><strong> underground<\/strong><strong> s\u00fapermarcado<\/strong> -aunque ella dice que <strong>no posee un estilo definido<\/strong> y que simplemente <strong>se pone lo que le gusta<\/strong>-. Derrocha <strong>personalidad y buenas energ\u00edas<\/strong>, adem\u00e1s de una calidad sorprendente de documentaci\u00f3n sobre los temas que habla en cada una de sus producciones.\n<\/p>\n<p class=\"article-body__text \">\n        No obstante, <strong>Izaro<\/strong> utiliza este altavoz para defender tambi\u00e9n <strong>causas sociales<\/strong>, como la denuncia de las situaciones que ocurren en los CIES, lugares que uno de los artistas de los que habla menciona en sus barras (<strong>Cruz Cafun\u00e9<\/strong>). Aparte, tambi\u00e9n recomienda <strong>artistas emergentes y m\u00fasica alternativa<\/strong>, y nos desvela cu\u00e1les son <strong>los temas que m\u00e1s quema<\/strong> en seg\u00fan qu\u00e9 semana. Si son de los que suelen aburrirse de escuchar siempre lo mismo, Izaro es un perfil de redes adecuado para <strong>volar a otras esferas<\/strong>.\n<\/p>\n<p>  Libros<\/p>\n<p>  \u2018Placeres mortales\u2019\t<\/p>\n<p>  Sed de venganza en un mundo traicionero<\/p>\n<p class=\"article-body__text \">\n        <strong>Venganza, deseo, romance&#8230;<\/strong>, \u00bfd\u00f3nde hay que firmar? Qui\u00e9nes aman el <strong>romantasy<\/strong> lo tienen claro. Por eso, el regalo que <strong>Belen Mart\u00ednez<\/strong> ha hecho al escribir este <a href=\"https:\/\/www.deia.eus\/tags\/libro\/\" title=\"libro\" class=\"link copy\" rel=\"nofollow noopener\" target=\"_blank\">libro<\/a> debe tener <strong>el reconocimiento<\/strong> que se merece.\n<\/p>\n<p class=\"article-body__text \">\n        Protagonizado por <strong>una criada cuyo<\/strong> nombre les sonar\u00e1, <strong>Cixi<\/strong>, la trama cuenta la historia de un mundo en el que <strong>las apariencias sirven como velo<\/strong> ante la <strong>cruda verdad<\/strong>. Con ansias de <strong>vengar <\/strong>a su ama Lilan, con quien ten\u00eda <strong>una fuerte relaci\u00f3n de amistad<\/strong>, la joven en cuyo interior late<strong> un poder oscuro y prohibido<\/strong> atraviesa los muros del <strong>Palacio Rojo<\/strong> dispuesta a cobrarse su venganza. Aunque tenga que hacer lo que sea para conseguirlo, aunque tenga que derramar sangre, aunque tenga que convertirse en <strong>un monstruo&#8230;<\/strong><\/p>\n","protected":false},"excerpt":{"rendered":"Con la intenci\u00f3n de promocionar la cultura, ya sea\u00a0audiovisual o anal\u00f3gica, esta semana traemos\u00a0las mejores\u00a0recomendaciones para empezar este&hellip;\n","protected":false},"author":2,"featured_media":323543,"comment_status":"","ping_status":"","sticky":false,"template":"","format":"standard","meta":{"footnotes":""},"categories":[169],"tags":[75104,177,75102,146,147,25,24,176,225,175,75103,753,23],"class_list":{"0":"post-323542","1":"post","2":"type-post","3":"status-publish","4":"format-standard","5":"has-post-thumbnail","7":"category-cine","8":"tag-mufasa-el-rey-leon","9":"tag-cine","10":"tag-contenido-en-redes","11":"tag-entertainment","12":"tag-entretenimiento","13":"tag-es","14":"tag-espana","15":"tag-film","16":"tag-libros","17":"tag-movies","18":"tag-palomitas-con","19":"tag-peliculas","20":"tag-spain"},"share_on_mastodon":{"url":"https:\/\/pubeurope.com\/@es\/115840352702743390","error":""},"_links":{"self":[{"href":"https:\/\/www.europesays.com\/es\/wp-json\/wp\/v2\/posts\/323542","targetHints":{"allow":["GET"]}}],"collection":[{"href":"https:\/\/www.europesays.com\/es\/wp-json\/wp\/v2\/posts"}],"about":[{"href":"https:\/\/www.europesays.com\/es\/wp-json\/wp\/v2\/types\/post"}],"author":[{"embeddable":true,"href":"https:\/\/www.europesays.com\/es\/wp-json\/wp\/v2\/users\/2"}],"replies":[{"embeddable":true,"href":"https:\/\/www.europesays.com\/es\/wp-json\/wp\/v2\/comments?post=323542"}],"version-history":[{"count":0,"href":"https:\/\/www.europesays.com\/es\/wp-json\/wp\/v2\/posts\/323542\/revisions"}],"wp:featuredmedia":[{"embeddable":true,"href":"https:\/\/www.europesays.com\/es\/wp-json\/wp\/v2\/media\/323543"}],"wp:attachment":[{"href":"https:\/\/www.europesays.com\/es\/wp-json\/wp\/v2\/media?parent=323542"}],"wp:term":[{"taxonomy":"category","embeddable":true,"href":"https:\/\/www.europesays.com\/es\/wp-json\/wp\/v2\/categories?post=323542"},{"taxonomy":"post_tag","embeddable":true,"href":"https:\/\/www.europesays.com\/es\/wp-json\/wp\/v2\/tags?post=323542"}],"curies":[{"name":"wp","href":"https:\/\/api.w.org\/{rel}","templated":true}]}}