{"id":323584,"date":"2026-01-05T03:59:14","date_gmt":"2026-01-05T03:59:14","guid":{"rendered":"https:\/\/www.europesays.com\/es\/323584\/"},"modified":"2026-01-05T03:59:14","modified_gmt":"2026-01-05T03:59:14","slug":"alejandro-davidovich-ya-tiene-su-primer-rival-para-este-2026","status":"publish","type":"post","link":"https:\/\/www.europesays.com\/es\/323584\/","title":{"rendered":"Alejandro Davidovich ya tiene su primer rival para este 2026"},"content":{"rendered":"<p class=\"v-p\">De momento el tenista malague\u00f1o ya conoce su primer contrincante, en un ATP 250 de Brisbane en el que es el segundo favorito de un cuadro (el primero es el ruso Daniil Medvedev) con un nivel muy alto, quiz\u00e1s m\u00e1s propio de un 500. De hecho, ese rival de estreno, el norteamericano Brandon Nakashima (34\u00ba) supone que ser\u00e1 la primera vez que Fokina se enfrente a un &#8216;top 40&#8217; para el arranque de una temporada. <\/p>\n<p class=\"v-p\">Eso s\u00ed, la buena noticia es que Davidovich tiene un r\u00e9cord de 2-0 ante Nakashima, a quien ya venci\u00f3 en sets corridos en Adelaida y Miami en 2023, en ambos casos ganando un &#8216;tie break&#8217; en la segunda manga, siempre m\u00e1s dura que la primera.<\/p>\n<p class=\"v-p\">El tenista rinconero, que cedi\u00f3 en 2025 a las primeras de cambio ante Jaume Munar, s\u00f3lo tendr\u00e1 que defender 25 puntos antes de que empiece el primer Grand Slam del curso, el Abierto de Australia, donde sum\u00f3 200 en la temporada pasada. Esto le da &#8216;chance&#8217; de seguir escalando puestos en las primeras semanas de enero. Cabe recordar que la pr\u00f3xima estar\u00e1 en el ATP 250 de Adelaida, tambi\u00e9n como segundo favorito.<\/p>\n<p class=\"v-p\">En Brisbane, en el caso de superar en dieciseisavos de final a Nakashima (el partido se podr\u00eda jugar la madrugada de este lunes, en horario espa\u00f1ol), se medir\u00eda al local Alexei Popyrin o a un jugador de la previa, y en su mitad del cuadro aparecen tenistas del nivel de Grigor Dimitrov, Denis Shapovalov, Tommy Paul o Cameron Norrie, por citar algunos. Adem\u00e1s, Davidovich competir\u00e1 tambi\u00e9n en el cuadro de dobles junto a Jiri Lehecka. Sus rivale ser\u00e1n el polaco Kamil Majchrzak y el argentino Camilo Ugo Carabelli.<\/p>\n<p class=\"v-p\">Como suele sucederle en el inicio de los partidos, en los que tarda en entrar en calor, Davidovich nunca ha brillado en el comienzo de las temporadas. La gira australiana nunca le ha llevado a finales o rondas cercanas a ella. Adem\u00e1s, en la pretemporada, los resultados del malague\u00f1o, que se prob\u00f3 en dos torneos de exhibici\u00f3n (en Francia y Macau) tampoco registr\u00f3 resultados llamativos.<\/p>\n","protected":false},"excerpt":{"rendered":"De momento el tenista malague\u00f1o ya conoce su primer contrincante, en un ATP 250 de Brisbane en el&hellip;\n","protected":false},"author":2,"featured_media":323585,"comment_status":"","ping_status":"","sticky":false,"template":"","format":"standard","meta":{"footnotes":""},"categories":[274],"tags":[3076,2911,168,25,24,977,6260,23,167,327,326],"class_list":{"0":"post-323584","1":"post","2":"type-post","3":"status-publish","4":"format-standard","5":"has-post-thumbnail","7":"category-tenis","8":"tag-3076","9":"tag-davidovich","10":"tag-deportes","11":"tag-es","12":"tag-espana","13":"tag-primer","14":"tag-rival","15":"tag-spain","16":"tag-sports","17":"tag-tenis","18":"tag-tennis"},"share_on_mastodon":{"url":"https:\/\/pubeurope.com\/@es\/115840494007202899","error":""},"_links":{"self":[{"href":"https:\/\/www.europesays.com\/es\/wp-json\/wp\/v2\/posts\/323584","targetHints":{"allow":["GET"]}}],"collection":[{"href":"https:\/\/www.europesays.com\/es\/wp-json\/wp\/v2\/posts"}],"about":[{"href":"https:\/\/www.europesays.com\/es\/wp-json\/wp\/v2\/types\/post"}],"author":[{"embeddable":true,"href":"https:\/\/www.europesays.com\/es\/wp-json\/wp\/v2\/users\/2"}],"replies":[{"embeddable":true,"href":"https:\/\/www.europesays.com\/es\/wp-json\/wp\/v2\/comments?post=323584"}],"version-history":[{"count":0,"href":"https:\/\/www.europesays.com\/es\/wp-json\/wp\/v2\/posts\/323584\/revisions"}],"wp:featuredmedia":[{"embeddable":true,"href":"https:\/\/www.europesays.com\/es\/wp-json\/wp\/v2\/media\/323585"}],"wp:attachment":[{"href":"https:\/\/www.europesays.com\/es\/wp-json\/wp\/v2\/media?parent=323584"}],"wp:term":[{"taxonomy":"category","embeddable":true,"href":"https:\/\/www.europesays.com\/es\/wp-json\/wp\/v2\/categories?post=323584"},{"taxonomy":"post_tag","embeddable":true,"href":"https:\/\/www.europesays.com\/es\/wp-json\/wp\/v2\/tags?post=323584"}],"curies":[{"name":"wp","href":"https:\/\/api.w.org\/{rel}","templated":true}]}}