{"id":323695,"date":"2026-01-05T06:05:08","date_gmt":"2026-01-05T06:05:08","guid":{"rendered":"https:\/\/www.europesays.com\/es\/323695\/"},"modified":"2026-01-05T06:05:08","modified_gmt":"2026-01-05T06:05:08","slug":"tony-iommi-de-black-sabbath-anuncio-un-album-en-solitario-para-2026","status":"publish","type":"post","link":"https:\/\/www.europesays.com\/es\/323695\/","title":{"rendered":"Tony Iommi de Black Sabbath anunci\u00f3 un \u00e1lbum en solitario para 2026"},"content":{"rendered":"<p><img alt=\"Tony Iommi confirma el lanzamiento\" class=\"global-image\" decoding=\"async\" fetchpriority=\"high\" height=\"1080\" loading=\"eager\" src=\"https:\/\/www.europesays.com\/es\/wp-content\/uploads\/2026\/01\/V6JLKX4INRD6BMMWHVCLQQS2AE.jpg\" width=\"1921\"\/>Tony Iommi confirma el lanzamiento de su pr\u00f3ximo \u00e1lbum en solitario para 2026, su primer material propio desde 2005 (Paul ELLIS\/AFP)<\/p>\n<p class=\"paragraph\">El guitarrista <b>Tony Iommi<\/b> de <a href=\"https:\/\/www.infobae.com\/entretenimiento\/2025\/12\/16\/sharon-osbourne-revelo-por-que-no-cumplio-el-pacto-de-suicidio-asistido-tras-la-muerte-de-ozzy\/\" target=\"_blank\" rel=\"noreferrer nofollow noopener\" title=\"https:\/\/www.infobae.com\/entretenimiento\/2025\/12\/16\/sharon-osbourne-revelo-por-que-no-cumplio-el-pacto-de-suicidio-asistido-tras-la-muerte-de-ozzy\/\">Black Sabbath<\/a> confirm\u00f3 que lanzar\u00e1 un <b>\u00e1lbum en solitario<\/b> en 2026, lo que implicar\u00e1 su primer material propio desde 2005.<\/p>\n<p class=\"paragraph\">En un video publicado en su canal oficial de YouTube como saludo de A\u00f1o Nuevo, Iommi incluy\u00f3 entre sus proyectos inmediatos la publicaci\u00f3n del sucesor de Fused. \u201c<b>En 2026, tendr\u00e9, definitivamente, definitivamente, mi \u00e1lbum en solitario fuera<\/b>\u201d, afirm\u00f3.<\/p>\n<p class=\"paragraph\">\u201cEstoy realmente esperando que llegue ese momento. Me est\u00e1 encantando hacerlo. Ha sido muy divertido y realmente espero que lo disfruten, pero los mantendr\u00e9 al tanto sobre lo que pasa con eso y cu\u00e1ndo saldr\u00e1\u201d, expres\u00f3.<\/p>\n<p class=\"paragraph\">Durante su mensaje, repas\u00f3 hechos recientes de su carrera, como la colaboraci\u00f3n con Robbie Williams en el sencillo \u201cRocket\u201d y la distinci\u00f3n Freedom of Birmingham award recibida junto a sus compa\u00f1eros de banda, que describi\u00f3 como \u201cabsolutamente incre\u00edble\u201d.<\/p>\n<p><img alt=\"El m\u00fasico record\u00f3 con pesar\" class=\"global-image\" decoding=\"async\" fetchpriority=\"low\" height=\"3287\" loading=\"lazy\" src=\"https:\/\/www.europesays.com\/es\/wp-content\/uploads\/2026\/01\/4U52MYJJ7VHLLIII4PAQYLRH54.JPG\" width=\"4840\"\/>El m\u00fasico record\u00f3 con pesar la muerte de Ozzy Osbourne, ocurrida semanas despu\u00e9s del concierto final Back To The Beginning (REUTERS\/Lucy Nicholson)<\/p>\n<p class=\"paragraph\">Tambi\u00e9n record\u00f3 el concierto final <b>Back To The Beginning<\/b>, y coment\u00f3: \u201cLa cantidad de bandas que vinieron a apoyar a Sabbath fue simplemente fant\u00e1stica. Qu\u00e9 gran evento. Y, por supuesto, recaud\u00f3 mucho dinero para la caridad\u201d.<\/p>\n<p class=\"paragraph\">Iommi mencion\u00f3 la muerte de <b>Ozzy Osbourne<\/b> pocas semanas despu\u00e9s de aquel espect\u00e1culo. \u201cEs simplemente desafortunado y triste que Ozzy haya fallecido un par de semanas despu\u00e9s de eso. Que descanse en paz\u201d, sostuvo tras la p\u00e9rdida de su hist\u00f3rico compa\u00f1ero de banda<\/p>\n<p class=\"paragraph\">En comunicaciones previas, el guitarrista ya hab\u00eda adelantado su intenci\u00f3n de grabar un nuevo disco, mencionando la construcci\u00f3n de un estudio propio.<\/p>\n<p class=\"paragraph\">Adem\u00e1s, en octubre, realiz\u00f3 una actuaci\u00f3n sorpresa en la presentaci\u00f3n de prensa de Black Sabbath \u2013 The Ballet del Birmingham Royal Ballet en Londres, donde interpret\u00f3 el solo de guitarra de \u201cParanoid\u201d ante el p\u00fablico, entre quienes se encontraba Brian May.<\/p>\n<p class=\"paragraph\">May le obsequi\u00f3 una r\u00e9plica para zurdos de su guitarra Red Special, detalle que Iommi defini\u00f3 como \u201cuna Navidad anticipada\u201d.<\/p>\n<p><img alt=\"El \u00faltimo concierto ben\u00e9fico de\" class=\"global-image\" decoding=\"async\" fetchpriority=\"low\" height=\"5173\" loading=\"lazy\" src=\"https:\/\/www.europesays.com\/es\/wp-content\/uploads\/2026\/01\/4LBPR5JWJ5BYTAJSQ2E77SBF6Y.jpg\" width=\"7760\"\/>El \u00faltimo concierto ben\u00e9fico de Black Sabbath recaud\u00f3 fondos para caridad y cont\u00f3 con el apoyo de diversas bandas en el evento (ANDY BUCHANAN\/AFP)<\/p>\n<p class=\"paragraph\">La viuda de <b>Ozzy Osbourne<\/b>, <b>Sharon Osbourne<\/b>, expres\u00f3 su desacuerdo con el plan de <b>Jim Simpson<\/b>, exm\u00e1nager de la banda, para lanzar grabaciones in\u00e9ditas realizadas en 1969, cuando el grupo actuaba bajo el nombre Earth.<\/p>\n<p class=\"paragraph\">Simpson sostiene que tiene derechos legales sobre esas grabaciones y anunci\u00f3 su intenci\u00f3n de publicar el material titulado <b>Earth: The Legendary Lost Tapes<\/b>.<\/p>\n<p class=\"paragraph\">A trav\u00e9s de su perfil en Instagram, Sharon comparti\u00f3 capturas de un correo electr\u00f3nico enviado el 2 de julio, en el que advert\u00eda a Simpson sobre posibles consecuencias legales si el lanzamiento se realizaba sin la aprobaci\u00f3n del grupo.<\/p>\n<p class=\"paragraph\">\u201cComo sabes, <b>la banda no quiere que estas cintas se publiquen<\/b>, entre otras cosas porque no las han escuchado, a pesar de que dijiste que proporcionar\u00edas copias hace mucho tiempo\u201d, escribi\u00f3 Sharon.<\/p>\n<p class=\"paragraph\">Adem\u00e1s, la viuda de Ozzy advirti\u00f3 tomar acciones legales si los deseos de los miembros de <b>Black Sabbath<\/b> no son respetados tras la reciente comunicaci\u00f3n.<\/p>\n<p><img alt=\"Sharon Osbourne se opone a\" class=\"global-image\" decoding=\"async\" fetchpriority=\"low\" height=\"1080\" loading=\"lazy\" src=\"https:\/\/www.europesays.com\/es\/wp-content\/uploads\/2026\/01\/BZXH744FFFCL5DU7QYY6TXCEKM.jpg\" width=\"1920\"\/>Sharon Osbourne se opone a la publicaci\u00f3n de grabaciones in\u00e9ditas de Black Sabbath, amenazando con medidas legales contra el exm\u00e1nager Jim Simpson (Richard Shotwell\/Invision\/AP)<\/p>\n<p class=\"paragraph\">\u201cSabes que, como banda, Black Sabbath no se queda de brazos cruzados y puedes estar seguro de que si sigues adelante con esto contra los deseos de la banda, tomaremos cualquier medida donde se infrinjan sus derechos, tanto aqu\u00ed como en Estados Unidos\u201d, indic\u00f3.<\/p>\n<p class=\"paragraph\">Las grabaciones corresponden a la formaci\u00f3n original de <b>Black Sabbath<\/b> \u2014Ozzy Osbourne, Tony Iommi, Geezer Butler y Bill Ward\u2014 en la etapa en que usaban el nombre Earth.<\/p>\n<p class=\"paragraph\">Aunque este material genera inter\u00e9s entre coleccionistas, el grupo siempre ejerci\u00f3 un control estricto sobre su archivo.<\/p>\n<p class=\"paragraph\">Por el momento, el proyecto Earth: The Legendary Lost Tapes no tiene fecha confirmada ni resoluci\u00f3n legal, y <b>Sharon Osbourne<\/b> reiter\u00f3 que la banda no permitir\u00e1 la publicaci\u00f3n sin su consentimiento.<\/p>\n<p class=\"paragraph\">Tras la muerte de <b>Ozzy Osbourne<\/b>, Sharon qued\u00f3 a cargo de la administraci\u00f3n de su patrimonio y sus v\u00ednculos con la agrupaci\u00f3n musical.<\/p>\n","protected":false},"excerpt":{"rendered":"Tony Iommi confirma el lanzamiento de su pr\u00f3ximo \u00e1lbum en solitario para 2026, su primer material propio desde&hellip;\n","protected":false},"author":2,"featured_media":323696,"comment_status":"","ping_status":"","sticky":false,"template":"","format":"standard","meta":{"footnotes":""},"categories":[170],"tags":[12194,146,147,25,24,408,184,185,12212,23],"class_list":{"0":"post-323695","1":"post","2":"type-post","3":"status-publish","4":"format-standard","5":"has-post-thumbnail","7":"category-musica","8":"tag-ballet","9":"tag-entertainment","10":"tag-entretenimiento","11":"tag-es","12":"tag-espana","13":"tag-horizontal","14":"tag-music","15":"tag-musica","16":"tag-musical","17":"tag-spain"},"share_on_mastodon":{"url":"https:\/\/pubeurope.com\/@es\/115840989505872489","error":""},"_links":{"self":[{"href":"https:\/\/www.europesays.com\/es\/wp-json\/wp\/v2\/posts\/323695","targetHints":{"allow":["GET"]}}],"collection":[{"href":"https:\/\/www.europesays.com\/es\/wp-json\/wp\/v2\/posts"}],"about":[{"href":"https:\/\/www.europesays.com\/es\/wp-json\/wp\/v2\/types\/post"}],"author":[{"embeddable":true,"href":"https:\/\/www.europesays.com\/es\/wp-json\/wp\/v2\/users\/2"}],"replies":[{"embeddable":true,"href":"https:\/\/www.europesays.com\/es\/wp-json\/wp\/v2\/comments?post=323695"}],"version-history":[{"count":0,"href":"https:\/\/www.europesays.com\/es\/wp-json\/wp\/v2\/posts\/323695\/revisions"}],"wp:featuredmedia":[{"embeddable":true,"href":"https:\/\/www.europesays.com\/es\/wp-json\/wp\/v2\/media\/323696"}],"wp:attachment":[{"href":"https:\/\/www.europesays.com\/es\/wp-json\/wp\/v2\/media?parent=323695"}],"wp:term":[{"taxonomy":"category","embeddable":true,"href":"https:\/\/www.europesays.com\/es\/wp-json\/wp\/v2\/categories?post=323695"},{"taxonomy":"post_tag","embeddable":true,"href":"https:\/\/www.europesays.com\/es\/wp-json\/wp\/v2\/tags?post=323695"}],"curies":[{"name":"wp","href":"https:\/\/api.w.org\/{rel}","templated":true}]}}