{"id":323718,"date":"2026-01-05T06:27:09","date_gmt":"2026-01-05T06:27:09","guid":{"rendered":"https:\/\/www.europesays.com\/es\/323718\/"},"modified":"2026-01-05T06:27:09","modified_gmt":"2026-01-05T06:27:09","slug":"cristina-piaget-telecinco-sorprende-con-el-fichaje-de-una-conocida-modelo-y-actriz-para-gh-duo-con-su-debut-en-el-genero-reality-el-sueno-que-me-quedaba-por-cumplir","status":"publish","type":"post","link":"https:\/\/www.europesays.com\/es\/323718\/","title":{"rendered":"CRISTINA PIAGET | Telecinco sorprende con el fichaje de una conocida modelo y actriz para &#8216;GH D\u00fao&#8217;, con su debut en el g\u00e9nero reality: \u00abEl sue\u00f1o que me quedaba por cumplir\u00bb"},"content":{"rendered":"<p class=\"ft-text\">El <strong>casting\u00a0de la cuarta edici\u00f3n de &#8216;GH D\u00fao&#8217; <\/strong>est\u00e1 generando muy <strong>buenas sensaciones <\/strong>entre los mayores seguidores de los formatos de telerrealidad. Tras el tropiezo de &#8216;GH 20&#8217;, Telecinco est\u00e1 poniendo toda la carne en el asador, recurriendo a <strong>nombres conocidos de la cadena<\/strong>, de testada eficacia, junto a <strong>nombres totalmente inesperados <\/strong>que saldr\u00e1n de esta manera de su zona de confort por primera vez y se expondr\u00e1n a la vigilancia de las c\u00e1maras 24 horas y a una m\u00e1s que posible complicada convivencia.<\/p>\n<p class=\"ft-text\">Es el caso de <strong>Cristina Piaget<\/strong>, conocida modelo y actriz, considerada personaje de primer nivel, con <strong>d\u00e9cadas apareciendo en portadas de revistas como \u00a1Hola!,<\/strong> que tras varios a\u00f1os desaparecida a nivel medi\u00e1tico, vuelve para mostrar una nueva faceta, su <strong>debut como concursante del reality.\u00a0<\/strong><\/p>\n<p class=\"ft-text\">\u00abTras a\u00f1os entre flashes y pasarelas, entre escenarios y aeropuertos, ahora es el momento de vivir el sue\u00f1o que me quedaba por cumplir. Soy concursante confirmada de &#8216;GH D\u00fao\u00bb, ha comentado en el video oficial que ha emitido el programa &#8216;Fiesta&#8217;.\u00a0<\/p>\n<p class=\"ft-text\">Cristina Piaget <strong>Inici\u00f3 su trayectoria\u00a0en el mundo de la moda con solo 14 a\u00f1os<\/strong>, llegando a ser <strong>una de las modelos espa\u00f1olas\u00a0m\u00e1s\u00a0cotizadas a nivel internacional<\/strong>.\u00a0llegando a trabajar con\u00a0grandes dise\u00f1adores de\u00a0alta costura, como <strong>Christian Dior, Valentino o Yves Saint Laurent o Paco Rabanne<\/strong>, que la consideraba una de sus fetiches en sus desfiles, junto a Carla Bruni.\u00a0<\/p>\n<p class=\"ft-text\">Tras debutar en el mundo del teatro con la obra\u00a0Ruinas, se form\u00f3 como actriz\u00a0en una prestigiosa escuela\u00a0de Londres y protagoniz\u00f3 diferentes cortos y pel\u00edculas, adem\u00e1s de participar en producciones de prestigio con La fura dels baus y Els comediants.\u00a0Habla cinco idiomas: ingl\u00e9s, franc\u00e9s, italiano, indonesio y espa\u00f1ol.\u00a0<\/p>\n<p class=\"ft-text\">Las primera reacciones de los espectadores en las redes sociales tras el anuncio realizado por Emma Garc\u00eda en Telecinco no se han hecho esperar. De muchos comentarios incr\u00e9dulos, por la inesperada categor\u00eda de la nueva concursante, a gente m\u00e1s joven que hasta este momento sab\u00edan qui\u00e9n era Cristina Piaget.\u00a0<\/p>\n<p class=\"ft-text\">De esta manera, se sumar\u00e1 al grupo de nuevos\u00a0habitantes de la casa de Tres Cantos (Madrid), que ya cuenta con <strong>Carmen Borrego, Anita Williams, Antonio Canales, Bel\u00e9n Rodr\u00edguez y Raquel Salazar<\/strong>,\u00a0como concursantes oficiales. Comenzar\u00e1n su convivencia ante las c\u00e1maras este pr\u00f3ximo jueves 7 de enero, a partir de las 21:45 horas. De nuevo, <strong>Jorge Javier V\u00e1zquez<\/strong> ser\u00e1 el presentador titular de las galas de &#8216;GH D\u00fao&#8217;.\u00a0<\/p>\n","protected":false},"excerpt":{"rendered":"El casting\u00a0de la cuarta edici\u00f3n de &#8216;GH D\u00fao&#8217; est\u00e1 generando muy buenas sensaciones entre los mayores seguidores de&hellip;\n","protected":false},"author":2,"featured_media":323719,"comment_status":"","ping_status":"","sticky":false,"template":"","format":"standard","meta":{"footnotes":""},"categories":[171],"tags":[6456,6599,7538,16738,146,147,25,24,557,37023,3057,3431,75130,6924,23,692,214],"class_list":{"0":"post-323718","1":"post","2":"type-post","3":"status-publish","4":"format-standard","5":"has-post-thumbnail","7":"category-tv","8":"tag-actriz","9":"tag-conocida","10":"tag-cristina","11":"tag-duo","12":"tag-entertainment","13":"tag-entretenimiento","14":"tag-es","15":"tag-espana","16":"tag-fichaje","17":"tag-gh","18":"tag-gran-hermano","19":"tag-modelo","20":"tag-piaget","21":"tag-sorprende","22":"tag-spain","23":"tag-telecinco","24":"tag-tv"},"share_on_mastodon":{"url":"https:\/\/pubeurope.com\/@es\/115841076353628384","error":""},"_links":{"self":[{"href":"https:\/\/www.europesays.com\/es\/wp-json\/wp\/v2\/posts\/323718","targetHints":{"allow":["GET"]}}],"collection":[{"href":"https:\/\/www.europesays.com\/es\/wp-json\/wp\/v2\/posts"}],"about":[{"href":"https:\/\/www.europesays.com\/es\/wp-json\/wp\/v2\/types\/post"}],"author":[{"embeddable":true,"href":"https:\/\/www.europesays.com\/es\/wp-json\/wp\/v2\/users\/2"}],"replies":[{"embeddable":true,"href":"https:\/\/www.europesays.com\/es\/wp-json\/wp\/v2\/comments?post=323718"}],"version-history":[{"count":0,"href":"https:\/\/www.europesays.com\/es\/wp-json\/wp\/v2\/posts\/323718\/revisions"}],"wp:featuredmedia":[{"embeddable":true,"href":"https:\/\/www.europesays.com\/es\/wp-json\/wp\/v2\/media\/323719"}],"wp:attachment":[{"href":"https:\/\/www.europesays.com\/es\/wp-json\/wp\/v2\/media?parent=323718"}],"wp:term":[{"taxonomy":"category","embeddable":true,"href":"https:\/\/www.europesays.com\/es\/wp-json\/wp\/v2\/categories?post=323718"},{"taxonomy":"post_tag","embeddable":true,"href":"https:\/\/www.europesays.com\/es\/wp-json\/wp\/v2\/tags?post=323718"}],"curies":[{"name":"wp","href":"https:\/\/api.w.org\/{rel}","templated":true}]}}