{"id":323759,"date":"2026-01-05T06:59:43","date_gmt":"2026-01-05T06:59:43","guid":{"rendered":"https:\/\/www.europesays.com\/es\/323759\/"},"modified":"2026-01-05T06:59:43","modified_gmt":"2026-01-05T06:59:43","slug":"cantar-eres-alta-y-delgada-para-sobrellevar-el-infierno-del-campo-nazi-de-ravensbruck-cultura","status":"publish","type":"post","link":"https:\/\/www.europesays.com\/es\/323759\/","title":{"rendered":"Cantar \u2018Eres alta y delgada\u2019 para sobrellevar el infierno del campo nazi de Ravensbr\u00fcck | Cultura"},"content":{"rendered":"<p class=\"\">\u201cQuien canta sus males espanta\u201d, dice el refr\u00e1n. Sin embargo, hab\u00eda que tener mucho \u00e1nimo para hacerlo en un campo de concentraci\u00f3n nazi, aunque fuera en voz baja, de forma clandestina. \u201cEres alta y delgada\/ como tu madre\/ Morena salada\/ como tu madre\u201d. O la habanera La paloma: \u201cSi a tu ventana llega una paloma\/ tr\u00e1tala con cari\u00f1o que es mi persona\u201d. Fueron dos de las canciones que entonaban las espa\u00f1olas presas en el infierno <a href=\"https:\/\/elpais.com\/cultura\/2024-02-14\/viaje-al-campo-de-ravensbruck-el-mayor-burdel-del-tercer-reich.html\" target=\"_self\" rel=\"nofollow noopener\" title=\"https:\/\/elpais.com\/cultura\/2024-02-14\/viaje-al-campo-de-ravensbruck-el-mayor-burdel-del-tercer-reich.html\">de Ravensbr\u00fcck<\/a> para darse \u00e1nimos y mantenerse como \u201cseres pensantes\u201d, dec\u00edan ellas. Ese episodio apenas conocido de la historia reciente de Espa\u00f1a, el de las deportadas al horror del sistema carcelario alem\u00e1n, se quiere recuperar con un proyecto musical que ya ha dado sus frutos en conciertos y con un disco, titulado <a href=\"https:\/\/www.youtube.com\/watch?v=mHk5dx7hDb4\" target=\"_self\" rel=\"nofollow noopener\" title=\"https:\/\/www.youtube.com\/watch?v=mHk5dx7hDb4\">Olvidadas, del grupo vocal Ensemble Cantaderas<\/a>.<\/p>\n<p class=\"\">La necesidad de reconocer el sufrimiento de aquellas mujeres parti\u00f3, significativamente, de un encargo del Estado alem\u00e1n de Brandeburgo a Ensemble Cantaderas, formaci\u00f3n dedicada a recuperar cancioneros ca\u00eddos en el olvido de finales del siglo XIX y comienzos del XX, aunque tambi\u00e9n incluyen m\u00fasica medieval en su repertorio. La formaci\u00f3n, que naci\u00f3 hace unos 10 a\u00f1os, est\u00e1 integrada por Ana Arnaz de Hoyos, <a href=\"https:\/\/palomagutierrezdelarroyo.com\/\" target=\"_self\" rel=\"nofollow noopener\" title=\"https:\/\/palomagutierrezdelarroyo.com\/\">Paloma Guti\u00e9rrez del Arroyo<\/a>, <a href=\"https:\/\/open.spotify.com\/intl-es\/artist\/0UTxOOjRk20NjTePV77kRl\" target=\"_self\" rel=\"nofollow noopener\" title=\"https:\/\/open.spotify.com\/intl-es\/artist\/0UTxOOjRk20NjTePV77kRl\">June Telletxea Garc\u00eda<\/a> y Anne Marie Lablaude.<\/p>\n<p class=\"\">\u201cCada tres a\u00f1os, el Ministerio de Cultura de Brandeburgo organiza un concierto de homenaje a las mujeres de un pa\u00eds que estuvieron presas en Ravensbr\u00fcck. En 2023 le toc\u00f3 a las espa\u00f1olas\u201d, explica Telletxea por tel\u00e9fono. La escasa documentaci\u00f3n dificulta poder establecer cu\u00e1ntas espa\u00f1olas penaron all\u00ed. <a href=\"https:\/\/elpais.com\/autor\/gutmaro-gomez-bravo\/\" target=\"_self\" rel=\"nofollow noopener\" title=\"https:\/\/elpais.com\/autor\/gutmaro-gomez-bravo\/\">Gutmaro G\u00f3mez Bravo<\/a>, catedr\u00e1tico de Historia Contempor\u00e1nea de la Universidad Complutense de Madrid, dice que partiendo de los listados oficiales nazis y seg\u00fan sus \u00faltimos estudios, de 2024, la cifra rondar\u00eda las 210. \u201cEl problema de establecer un n\u00famero concreto es que las espa\u00f1olas eran detenidas en Francia y muchas daban nombres falsos o estaban casadas con franceses y dec\u00edan que su nacionalidad era la francesa, y eso era lo que transcrib\u00edan los alemanes, por lo que probablemente fueran algunas m\u00e1s\u201d, a\u00f1ade <a href=\"https:\/\/elpais.com\/noticias\/gutmaro-gomez-bravo\" target=\"_self\" rel=\"nofollow noopener\" title=\"https:\/\/elpais.com\/noticias\/gutmaro-gomez-bravo\">G\u00f3mez Bravo<\/a>, autor, junto a Diego Mart\u00ednez L\u00f3pez, de <a href=\"https:\/\/elpais.com\/cultura\/2024-05-27\/ultimas-noticias-desde-el-infierno-7500-espanoles-murieron-en-los-campos-nazis.html\" target=\"_self\" rel=\"nofollow noopener\" title=\"https:\/\/elpais.com\/cultura\/2024-05-27\/ultimas-noticias-desde-el-infierno-7500-espanoles-murieron-en-los-campos-nazis.html\">Deportados y olvidados. Los espa\u00f1oles en los campos de concentraci\u00f3n nazis<\/a> (La Esfera de los Libros, 2024).<\/p>\n<p class=\"\">Cantaderas realiz\u00f3 su propia investigaci\u00f3n musical e hist\u00f3rica, que incluy\u00f3 una estancia de varios d\u00edas de ensayos en las instalaciones del antiguo campo para dar un concierto, el 23 de septiembre de 2023, en la misma f\u00e1brica textil donde las espa\u00f1olas hab\u00edan sufrido los trabajos forzados. \u201cYo, que vivo en Berl\u00edn, desconoc\u00eda ese episodio de la historia espa\u00f1ola. Supuso descubrir la lucha por la supervivencia de aquellas mujeres, su fortaleza y su capacidad para estar unidas, y c\u00f3mo la m\u00fasica, el canto, las ayud\u00f3\u201d, agrega Telletxea.<\/p>\n<p class=\"\">\u00bfCu\u00e1ndo pod\u00edan cantar las presas? Telletxea se\u00f1ala que \u201ccomo al llegar al campo ten\u00edan que pasar una cuarentena, ah\u00ed lo hac\u00edan\u201d. \u201cY por los testimonios que recogimos supimos que, por ejemplo, los domingos hab\u00eda menos vigilancia, as\u00ed que ten\u00edan m\u00e1s ocasi\u00f3n\u201d.<\/p>\n<p class=\"\">En septiembre de 2024 se grab\u00f3 el CD en ese mismo lugar. Telletxea describe c\u00f3mo fue ese proceso: \u201cEl espacio te condiciona y cambia la percepci\u00f3n de todo. Cuando escuch\u00e1bamos fragmentos de la grabaci\u00f3n me sorprend\u00eda el peso que ten\u00eda cada pieza, era conmovedor. Te hac\u00eda recordar la emoci\u00f3n de estas historias y la sensaci\u00f3n de curar heridas\u201d.<\/p>\n<p class=\"\">El \u00e1lbum, <a href=\"https:\/\/www.youtube.com\/live\/sL_A5pm7kaU\" target=\"_self\" rel=\"nofollow noopener\" title=\"https:\/\/www.youtube.com\/live\/sL_A5pm7kaU\">presentado el pasado mayo en la Instituci\u00f3n Libre de Ense\u00f1anza<\/a>, en Madrid, contiene 29 canciones. A las que documentaron que cantaban aquellas mujeres por testimonios directos e indirectos, sumaron cantos de siega, canciones de boda, de cuna&#8230; las que sonaban en la Espa\u00f1a de la \u00e9poca. Las int\u00e9rpretes de Ensemble Cantaderas usaron sus propias manos como percusi\u00f3n para acompa\u00f1ar sus voces, adem\u00e1s de piedras recogidas en el lager, dedales, cucharas y un tambor. Como dice Telletxea, \u201cpara aquellas mujeres, cantar era un arma contra el embrutecimiento\u201d. El 3 de julio repitieron actuaci\u00f3n en Ravensbr\u00fcck. Ese d\u00eda el Gobierno espa\u00f1ol inaugur\u00f3 una placa en un muro de recuerdo que hay en el campo.<\/p>\n<p>M\u00e1s informaci\u00f3n<\/p>\n<p class=\"\">Durante la presentaci\u00f3n del disco, la historiadora <a href=\"https:\/\/www.catarata.org\/libro\/espanolas-en-los-campos-nazis_156627\/\" target=\"_self\" rel=\"nofollow noopener\" title=\"https:\/\/www.catarata.org\/libro\/espanolas-en-los-campos-nazis_156627\/\">Amalia Rosado Orqu\u00edn, autora de Espa\u00f1olas en los campos nazis (Catarata, 2024)<\/a>, ensayo para el que consult\u00f3 archivos de 14 pa\u00edses, declar\u00f3 que, adem\u00e1s de las torturas, las mujeres sufr\u00edan violaciones y eran convertidas en esclavas sexuales. Rosado record\u00f3 que les pon\u00edan inyecciones para eliminar la menstruaci\u00f3n y as\u00ed poder trabajar todos los d\u00edas. \u201cLo consegu\u00edan con unas, y con las que no, las hac\u00edan pasear desnudas para humillarlas\u201d.<\/p>\n<p class=\"\">El CD se titula Olvidadas porque, como explican en el magn\u00edfico libreto, \u201clas olvid\u00f3 su pa\u00eds; el r\u00e9gimen franquista declar\u00f3 a los exiliados ap\u00e1tridas y tuvieron que ser acogidos en Francia\u201d. Adem\u00e1s, a muchas de ellas \u201clas olvidaron incluso sus familias por verg\u00fcenza, y no se empez\u00f3 a hablar de los espa\u00f1oles deportados a campos nazis hasta el final de la dictadura\u201d. Como dec\u00eda Neus Catal\u00e0, la espa\u00f1ola m\u00e1s conocida de las que sufri\u00f3 aquel horror, <a href=\"https:\/\/elpais.com\/ccaa\/2019\/04\/13\/catalunya\/1555180668_273957.html\" target=\"_self\" rel=\"nofollow noopener\" title=\"https:\/\/elpais.com\/ccaa\/2019\/04\/13\/catalunya\/1555180668_273957.html\">fallecida a los 103 a\u00f1os, en abril de 2019<\/a>, eran \u201clas olvidadas entre los olvidados\u201d.<\/p>\n<p><img decoding=\"auto\" class=\"_re lazyload a_m-h\" height=\"277\"  width=\"414\"  src=\"https:\/\/www.europesays.com\/es\/wp-content\/uploads\/2026\/01\/KFRKFW5DIALQJ2FO4ED7K7DXGA.jpg\" loading=\"lazy\"\/>Neus Catal\u00e0, fallecida en 2019, superviviente del campo nazi de Ravensbr\u00fcck.JOAN SANCHEZ<\/p>\n<p class=\"\">Catal\u00e0 hab\u00eda huido de Barcelona cuando entraron las tropas franquistas al final de la Guerra Civil y se march\u00f3 a Francia, donde se uni\u00f3 a la Resistencia, pero fue arrestada en noviembre de 1943. Torturada por los nazis, fue condenada a trabajos forzados en Ravensbr\u00fcck. En su libro <a href=\"https:\/\/arxiujosepserradell.cat\/wp-content\/uploads\/2023\/04\/Neus_Catal_De_la_resistencia_y_la_deportaci_n.pdf\" target=\"_self\" rel=\"nofollow noopener\" title=\"https:\/\/arxiujosepserradell.cat\/wp-content\/uploads\/2023\/04\/Neus_Catal_De_la_resistencia_y_la_deportaci_n.pdf\">De la Resistencia y la Deportaci\u00f3n. 50 testimonios de mujeres espa\u00f1olas<\/a>, de 1984, describ\u00eda c\u00f3mo fue su llegada a aquel lugar, una impresi\u00f3n que le segu\u00eda sobrecogiendo a\u00f1os despu\u00e9s: \u201cCon una temperatura de m\u00e1s de veinte bajo cero, a las tres de la madrugada del 3 de febrero de 1944, mil mujeres procedentes de todas las c\u00e1rceles y campos de Francia llegamos a Ravensbr\u00fcck [&#8230;] con sus calles negras, sus barracas verdinegras, sus techos negros, su cielo de plomo, sus innumerables cuervos atra\u00eddos por el olor a carne quemada y a cadaverina de aquellas supliciadas que, sin tregua, d\u00eda y noche, sal\u00edan con humareda escalofriante de los cuatro hornos crematorios\u201d.<\/p>\n<p class=\"\">Esta luchadora recogi\u00f3, entre otros, el testimonio de Alfonsina Bueno Vela: \u201cUna noche cantaba La paloma; cuando veo llegar a una Aufseherin [guardiana del campo] cierro el pico. \u2018C\u00f3mo me castigar\u00e1\u2019, pens\u00e9. Pero, asombrada, o\u00ed que me dice en espa\u00f1ol: \u2018\u00a1Cante, cante, mujer!\u2019, y le pregunt\u00e9 c\u00f3mo era que hablaba espa\u00f1ol y contest\u00f3: \u2018He venido de la Argentina para ayudar a Hitler. Puede cantar La paloma\u2019. Y yo me dec\u00eda: \u2018Menuda paloma est\u00e1s hecha t\u00fa, \u00a1pingo!\u201d.<\/p>\n<p><img decoding=\"auto\" class=\"_re lazyload a_m-h\" height=\"276\"  width=\"414\"  src=\"https:\/\/www.europesays.com\/es\/wp-content\/uploads\/2026\/01\/BWDAG435OJCPFDUJIJSFQTIKGQ.JPG\" loading=\"lazy\"\/>Las componentes del grupo Ensemble Cantaderas, durante su concierto en la f\u00e1brica en la que trabajaban las presas del campo nazi de Ravensbr\u00fcck. Desde la izquierda, Ana Arnaz, June Tellextea, Anne Marie Lablaude y Paloma Guti\u00e9rrez del Arroyo.MEMORIAL DE RAVENSBR\u00dcCK<\/p>\n<p class=\"\">El libreto de Olvidadas recoge revelaciones como la de Antonia Frexedes sobre Josefina Gonz\u00e1lez, conocida como La Ma\u00f1a, \u201ca la que le dieron tal paliza que qued\u00f3 alelada\u201d. \u201cEn cuanto o\u00eda el m\u00e1s peque\u00f1o ruido se pon\u00eda a temblar; ten\u00edamos que mecerla y cantarla para sosegarla\u201d.<\/p>\n<p class=\"\">Otro ejemplo de c\u00f3mo una melod\u00eda pod\u00eda ayudar a mantenerse con vida lo muestra el libro <a href=\"https:\/\/elgarajeediciones.com\/producto\/morir-por-la-libertad-espanoles-en-los-campos-de-exterminio-nazis-eduardo-pons-prades\/\" target=\"_self\" rel=\"nofollow noopener\" title=\"https:\/\/elgarajeediciones.com\/producto\/morir-por-la-libertad-espanoles-en-los-campos-de-exterminio-nazis-eduardo-pons-prades\/\">Morir por la libertad, de Eduardo Pons Prades<\/a> (El Garaje Ediciones, 1995), en el que \u00c1ngeles Mart\u00ednez hablaba sobre Mar\u00eda Dolores Garc\u00eda Echevarrieta, alias Charlie. \u201cFue como una madre, ayud\u00e1ndome a sobrevivir en aquel infierno. Una vez, cuando fui condenada a 14 d\u00edas de celda de castigo, acusada de actividades clandestinas, anduvo junto a m\u00ed, sin parar de repetirme: \u2018Tu encierro ser\u00e1 duro, dur\u00edsimo, pero debes salir viva. Cuanto te sientas triste, canta. \u00a1Canta y vivir\u00e1s!\u2019. Segu\u00ed su consejo y as\u00ed pude soportar el calvario\u00bb.<\/p>\n<p><img decoding=\"auto\" class=\"_re lazyload a_m-h\" height=\"277\"  width=\"414\"  src=\"https:\/\/www.europesays.com\/es\/wp-content\/uploads\/2026\/01\/YXG6OVBPQVHLRJC23Z44RDPMKM.jpg\" loading=\"lazy\"\/>Las componentes del grupo Ensemble Cantaderas, durante la graci\u00f3n del disco en la f\u00e1brica en la que trabajaban las presas del campo nazi de Ravensbr\u00fcck. Imagen cedida por Cantaderas.Ronald Patrick<\/p>\n<p class=\"\">\u00bfQui\u00e9nes eran estas espa\u00f1olas? En su mayor\u00eda, de clase humilde, aunque algunas hab\u00edan desempe\u00f1ado cargos durante la II Rep\u00fablica. Lo que s\u00ed compart\u00edan era la conciencia pol\u00edtica, hab\u00edan luchado contra el franquismo y luego se hab\u00edan unido a la Resistencia en Francia contra el avance de Hitler. Catal\u00e0 contaba en su libro que \u201chab\u00eda comunistas, socialistas, mujeres de la burgues\u00eda, intelectuales, aunque la mayor\u00eda proced\u00eda de capas obreras y campesinas\u201d.<\/p>\n<p><img decoding=\"auto\" class=\"_re lazyload a_m-h\" height=\"277\"  width=\"414\"  src=\"https:\/\/www.europesays.com\/es\/wp-content\/uploads\/2026\/01\/W6JLOF3YORAXDKRYNPZHBM6BJQ.jpg\" loading=\"lazy\"\/>Exterior de la f\u00e1brica textil en la que trabajaban las presas del campo nazi de Ravensbr\u00fcck. Imagen cedida por Ensemble Cantaderas.Ronald Patrick<\/p>\n<p class=\"\">Tambi\u00e9n vivi\u00f3 para contarlo <a href=\"https:\/\/www.editorialrenacimiento.com\/biblioteca-de-la-memoria-serie-mediana\/1720-el-valor-de-la-memoria.html\" target=\"_self\" rel=\"nofollow noopener\" title=\"https:\/\/www.editorialrenacimiento.com\/biblioteca-de-la-memoria-serie-mediana\/1720-el-valor-de-la-memoria.html\">Mercedes N\u00fa\u00f1ez Targa, que escribi\u00f3 el libro El valor de la Memoria<\/a> (Renacimiento, 2016). \u201cPor el camino vemos casitas muy cucas con cortinas almidonadas, con flores, con ni\u00f1os rubios de mofletes como manzanas rojas [&#8230;] Aquellas casitas felices son los hogares de nuestros verdugos, los SS del campo; aquellos ni\u00f1os, los hijos de los monstruos\u201d. N\u00fa\u00f1ez se refer\u00eda tambi\u00e9n a las cualidades cantoras de las presas: \u201cPolacas, sovi\u00e9ticas y h\u00fangaras cantan a coro maravillosamente. Las francesas son un poco m\u00e1s flojitas [&#8230;]. El punto fuerte de las espa\u00f1olas es Constanza, que tiene una voz muy fresca y muy bien timbrada\u201d. Ochenta a\u00f1os despu\u00e9s, Ensemble Cantaderas intenta que \u201caquellas olvidadas dejen de estarlo gracias a la m\u00fasica\u201d.<\/p>\n","protected":false},"excerpt":{"rendered":"\u201cQuien canta sus males espanta\u201d, dice el refr\u00e1n. Sin embargo, hab\u00eda que tener mucho \u00e1nimo para hacerlo en&hellip;\n","protected":false},"author":2,"featured_media":323760,"comment_status":"","ping_status":"","sticky":false,"template":"","format":"standard","meta":{"footnotes":""},"categories":[8],"tags":[1660,17,18,75136,218,209,893,20062,25,24,13,14,11,448,4028,32310,19,20,185,4196,75137,9,10,15,16,23,12,21,22],"class_list":{"0":"post-323759","1":"post","2":"type-post","3":"status-publish","4":"format-standard","5":"has-post-thumbnail","7":"category-espana","8":"tag-alemania","9":"tag-breaking-news","10":"tag-breakingnews","11":"tag-campos-concentracion-nazis","12":"tag-canciones","13":"tag-cultura","14":"tag-deportacion","15":"tag-discos-musica","16":"tag-es","17":"tag-espana","18":"tag-featured-news","19":"tag-featurednews","20":"tag-headlines","21":"tag-historia","22":"tag-historia-contemporanea","23":"tag-historiadores","24":"tag-latest-news","25":"tag-latestnews","26":"tag-musica","27":"tag-nazismo","28":"tag-neus-catala","29":"tag-news","30":"tag-noticias","31":"tag-noticias-destacadas","32":"tag-noticiasdestacadas","33":"tag-spain","34":"tag-titulares","35":"tag-ultimas-noticias","36":"tag-ultimasnoticias"},"share_on_mastodon":{"url":"https:\/\/pubeurope.com\/@es\/115841201936338141","error":""},"_links":{"self":[{"href":"https:\/\/www.europesays.com\/es\/wp-json\/wp\/v2\/posts\/323759","targetHints":{"allow":["GET"]}}],"collection":[{"href":"https:\/\/www.europesays.com\/es\/wp-json\/wp\/v2\/posts"}],"about":[{"href":"https:\/\/www.europesays.com\/es\/wp-json\/wp\/v2\/types\/post"}],"author":[{"embeddable":true,"href":"https:\/\/www.europesays.com\/es\/wp-json\/wp\/v2\/users\/2"}],"replies":[{"embeddable":true,"href":"https:\/\/www.europesays.com\/es\/wp-json\/wp\/v2\/comments?post=323759"}],"version-history":[{"count":0,"href":"https:\/\/www.europesays.com\/es\/wp-json\/wp\/v2\/posts\/323759\/revisions"}],"wp:featuredmedia":[{"embeddable":true,"href":"https:\/\/www.europesays.com\/es\/wp-json\/wp\/v2\/media\/323760"}],"wp:attachment":[{"href":"https:\/\/www.europesays.com\/es\/wp-json\/wp\/v2\/media?parent=323759"}],"wp:term":[{"taxonomy":"category","embeddable":true,"href":"https:\/\/www.europesays.com\/es\/wp-json\/wp\/v2\/categories?post=323759"},{"taxonomy":"post_tag","embeddable":true,"href":"https:\/\/www.europesays.com\/es\/wp-json\/wp\/v2\/tags?post=323759"}],"curies":[{"name":"wp","href":"https:\/\/api.w.org\/{rel}","templated":true}]}}