{"id":323789,"date":"2026-01-05T07:22:51","date_gmt":"2026-01-05T07:22:51","guid":{"rendered":"https:\/\/www.europesays.com\/es\/323789\/"},"modified":"2026-01-05T07:22:51","modified_gmt":"2026-01-05T07:22:51","slug":"5-de-enero-cabalgata-viviente-de-reyes-magos-de-guillena-fiesta-de-interes-turistico-de-andalucia-ayuntamiento-de-guillena","status":"publish","type":"post","link":"https:\/\/www.europesays.com\/es\/323789\/","title":{"rendered":"5 de enero, Cabalgata Viviente de Reyes Magos de Guillena, Fiesta de Inter\u00e9s Tur\u00edstico de Andaluc\u00eda \u2013 Ayuntamiento de Guillena"},"content":{"rendered":"<p>-18 carrozas componen el cortejo, de las cuales 11 son representaciones b\u00edblicas.\u00a0La salida ser\u00e1 a las 7 de la tarde desde el puente de la Rivera. Al final del recorrido, sobre las 21:30 horas, tendr\u00e1 lugar la Adoraci\u00f3n de los Reyes Magos en la Iglesia, la despedida desde el Ayuntamiento de Guillena y un espect\u00e1culo de fuegos artificiales.<\/p>\n<p>-A las 4 de la tarde, en la plaza de toros, lugar de \u2018Campamento de Reyes, habr\u00e1 una Recepci\u00f3n oficial de los Reyes Magos de Oriente a los beb\u00e9s nacidos en 2025<\/p>\n<p>-Desde las 5 de la tarde, habr\u00e1 pasacalles musical, recepci\u00f3n de la guardia romana y entrega de llaves de la Villa en la Plaza de Espa\u00f1a y un pasacalles animado de fantas\u00eda<\/p>\n<p>-Por primera vez, las encargadas de encarnar a sus Majestades de Oriente ser\u00e1n todas mujeres. Amparo Calder\u00f3n que representar\u00e1 a Melchor; Raquel Casanova que ser\u00e1 Gaspar; e Isamar Florido como Baltasar. La Estrella de la Ilusi\u00f3n ser\u00e1\u00a0Candela Puntas<\/p>\n<p>-El municipio cuenta con tres cabalgatas. El martes 6 de enero, a las 12 del mediod\u00eda, se podr\u00e1 disfrutar en Las Pajanosas y Torre de la Reina<\/p>\n<p>El lunes 5 de enero, a las 19:00 horas, la Cabalgata de Reyes Magos, la \u00fanica viviente de la provincia de Sevilla, recorrer\u00e1 de nuevo las calles de Guillena. La singularidad de la cabalgata guillenera es que las carrozas representan distintos pasajes b\u00edblicos donde las personas permanecen inm\u00f3viles durante todo el recorrido como personajes integrantes de cada historia. Por esta singularidad fue reconocida hace como Fiesta de Inter\u00e9s Tur\u00edstico de Andaluc\u00eda por la Junta de Andaluc\u00eda. Concesi\u00f3n de una distinci\u00f3n que, con car\u00e1cter indefinido, reconoce el atractivo de festividades y lugares para impulsar su promoci\u00f3n.<\/p>\n<p>Este a\u00f1o el cortejo lo componen 18 carrozas: 11 pasajes b\u00edblicos, los tres Magos de Oriente, la Estrella de la Ilusi\u00f3n (siempre espectacular con una carroza que siempre es llamativa por su originalidad), dos carrozas infantiles, una carroza de la Pe\u00f1a Sevillista con motivo del 50 aniversario de fundaci\u00f3n, la Banda de M\u00fasica Villa de Guillena, la Charanga Los Alteraos, as\u00ed como una cohorte de una legi\u00f3n romana a caballo y beduinos.<\/p>\n<p>Los actos comenzar\u00e1n a las 5 de la tarde con los pasacalles musicales. A las 17:30 horas, tendr\u00e1 lugar la entrega de llaves de la Villa de Guillena a la guardia romana de Sus Majestades en la Plaza de Espa\u00f1a.<\/p>\n<p>A las 7 de la tarde dar\u00e1 comienzo la cabalgata de Reyes Viviente, desde el puente Tom\u00e1s de Ybarra hasta el Ayuntamiento de Guillena. La llegada al mismo est\u00e1 prevista a las 21:30 horas, para realizar a continuaci\u00f3n el acto de\u00a0Adoraci\u00f3n de los Reyes Magos en la Iglesia. Finalmente, los Reyes se despedir\u00e1n de todos los asistentes desde los balcones del Ayuntamiento y habr\u00e1 un espect\u00e1culo de fuegos artificiales como cierre.<\/p>\n<p><strong>Las vivientes<\/strong><\/p>\n<p>Los pasajes, en su mayor\u00eda, cambian cada a\u00f1o. Son las personas que los protagonizan los encargados de seleccionar aquel que desean representar. No obstante, siempre hay algunos que se repiten, como por ejemplo\u00a0La Anunciaci\u00f3n y El Nacimiento. Las escenas que se podr\u00e1n admirar el s\u00e1bado son: Bajo la luz de Dios, el amor, Estrellas y profecias, el viaje a Bel\u00e9n. Las lavanderas, El mercado de Bel\u00e9n, La Natividad, Los aceiteros de Bel\u00e9n, La Anunciaci\u00f3n a los pastores, Los \u00c1ngeles regofijan al nacimiento de Jes\u00fas, Adoraci\u00f3n de los reyes magos, Ante Herodes y Netzer.<\/p>\n<p>El n\u00famero de carrozas \u2013de unos quince metros de longitud cada una- se ha duplicado desde la primera edici\u00f3n, ya que son cada vez m\u00e1s los guilleneros que quieren participar en la cabalgata. De hecho, ya se ha convertido en una de las fiestas locales m\u00e1s importantes del municipio y la que hace que Guillena tenga m\u00e1s visitantes en un solo d\u00eda.<\/p>\n<p>Cada carroza es dise\u00f1ada, organizada y confeccionada por los mismos que se suben en ellas para protagonizar los pasajes. No obstante, desde la direcci\u00f3n art\u00edstica de la Comisi\u00f3n Organizadora se marcan unas l\u00edneas b\u00e1sicas a seguir. Para la decoraci\u00f3n y ornamentaci\u00f3n se utilizan materiales en su mayor\u00eda recogidos del campo: piedras, arena, jara, ramas de \u00e1rboles, romero, etc. Se cuida hasta el m\u00e1s m\u00ednimo detalle de vestuario y escenograf\u00eda. No se deja nada al azar. Todo est\u00e1 perfectamente logrado, haciendo que a cada historia la cubra un aire de misterio y admiraci\u00f3n.<\/p>\n<p><strong>Los Reyes Magos y la Estrella<\/strong><\/p>\n<p>Por primera vez, las encargadas de encarnar a sus Majestades de Oriente ser\u00e1n todas mujeres. Amparo Calder\u00f3n que representar\u00e1 a Melchor; Raquel Casanova que ser\u00e1 Gaspar; e Isamar Florido como Baltasar. La Estrella de la Ilusi\u00f3n ser\u00e1\u00a0Candela Puntas, que abrir\u00e1 el cortejo con una carroza que causara como siempre gran sorpresa por su espectacular dise\u00f1o. Las carrozas infantiles llevan por nombre Un pa\u00eds multicolor y Un domingo en la tarde. Este a\u00f1o tambi\u00e9n habr\u00e1 una carroza infantil de la Pe\u00f1a Sevillista Virgen de la Granada con motivo del 50 aniversario de su fundaci\u00f3n.<\/p>\n<p>Las carrozas de los Reyes van al final de la cabalgata, abriendo el cortejo la cohorte romana, la Estrella de la Ilusi\u00f3n.\u00a0A continuaci\u00f3n los pasajes b\u00edblicos, las carrozas infantiles y las carrozas de los reyes. Esta disposici\u00f3n provoca un fuerte contraste de actitudes en el p\u00fablico. Por un lado, silencio, respeto y admiraci\u00f3n; por otro, alegr\u00eda y desenfreno por intentar capturar alguno de los muchos regalos que se lanzan. Sigue siendo espectacular la cantidad de caramelos y regalos que tiran Melchor, Gaspar y Baltasar cada a\u00f1o. Una cantidad que se incrementa con otros regalos que aporta cada majestad a su carroza.<\/p>\n<p><strong>Recorrido y hora de salida<\/strong><\/p>\n<p>El punto de salida \u2013a las 7 de la tarde- est\u00e1 justo a la entrada del pueblo por la parte norte, una vez cruzado el puente de la rivera de Huelva. Sigue por la avenida Alcalde Justo Padilla, la avenida de Andaluc\u00eda, la calle Sevilla, El Portugalete, la calle Real y finaliza en la Plaza de Espa\u00f1a, en pleno casco hist\u00f3rico de Guillena. Una vez termina el recorrido, con una duraci\u00f3n aproximada de dos horas y media, en el Ayuntamiento los Reyes se despedir\u00e1n de todos los vecinos con muchas sorpresas y un espect\u00e1culo de fuegos artificiales como cierre.<\/p>\n<p><strong>Guillena, Pueblo de Reyes<\/strong><\/p>\n<p>5 y 6 de enero Campamento Real en la Plaza de Toros<\/p>\n<p>5 de enero<\/p>\n<p>12:00 Apertura del Campamento Real<\/p>\n<p>12:30 Talleres infantiles<\/p>\n<p>16:00 Recepci\u00f3n oficial de <a href=\"https:\/\/l.facebook.com\/l.php?u=http%3A%2F%2FSS.MM%2F%3Ffbclid%3DIwZXh0bgNhZW0CMTAAYnJpZBEwMHNGMTVUVU5OMHBEMGJvc3NydGMGYXBwX2lkEDIyMjAzOTE3ODgyMDA4OTIAAR79565ogUNzhPMaGCp_QVP7ZvRO1jLcsEAElq1i94cBxrtLTWhOO0xOItMabw_aem_uL4xTWGqaVvO0KVMc6LvAg&amp;h=AT2pztN6jKMQ6TOMHeeyMhczz85GjEJ3QwK9ON4nKdEa63OGq-8q3lFGxjjySyL_swjbWct0xveMTxuMHfh3A4KjS6cKhtsra7GHcb4fJWD1Xj1WBFvAL6Oh4tJdotfYF2hn1Uc6qQ88fQ&amp;__tn__=-UK-R&amp;c[0]=AT3nERsp1U6EO-GXNdVLs5eDeitjn3rRwWsGchEViIITIpQGCNQxAhWov8FQ_l5zXpCHxyov5TNF-9Xvhw95lsanv16JxkoWNIQ5v1LUXHM1bgzCO6tACi_ZyN5cYN0KK9a0lOgeA9iWTFB1Ky-dH4IketPpCrLrrNQv5cf7ZtOuoqixfToQWVuls9XWw_DiIRVXCSymmJj8s3ySHec5jb-rgQ\" target=\"_blank\" rel=\"noreferrer noopener nofollow\"><strong>SS.MM.<\/strong><\/a> Los Reyes Magos de Oriente<\/p>\n<p>18:00 Cierre del Campamento Real<\/p>\n<p>6 de enero<\/p>\n<p>16:00 Apertura del Campamento Real<\/p>\n<p>17:00 La Magia y los Tres Poderes de Oriente<\/p>\n<p>18:00 Cuentacuentos<\/p>\n<p>19:00 La Magia y los Tres Poderes de Oriente<\/p>\n<p>19:45 Gran nevada artificial<\/p>\n<p>20:00 Cierre del Campamento Real<\/p>\n<p><strong>6 de enero, CABALGATAS EN TORRE DE LA REINA Y LAS PAJANOSAS<\/strong><\/p>\n<p>El municipio de Guillena tiene la suerte de disfrutar de tres cabalgatas. A la viviente de Guillena hay que unir las de Las Pajanosas y Torre de la Reina. A ambas localidades llegan los Reyes para repartir ilusi\u00f3n y muchos regalos. Las dos cabalgatas se disfrutar\u00e1n el mismo d\u00eda 6 de enero a partir de las 12 del mediod\u00eda. En las dos localidades el n\u00famero de caramelos, juguetes y balones que se van a repartir es muy importante y en grandes cantidades.<\/p>\n<p><img loading=\"lazy\" decoding=\"async\" width=\"1024\" height=\"397\" src=\"https:\/\/www.europesays.com\/es\/wp-content\/uploads\/2026\/01\/programacion-5-de-enero-1024x397.jpg\" alt=\"\" class=\"wp-image-55689 lazyload\"  data- style=\"--smush-placeholder-width: 1024px; --smush-placeholder-aspect-ratio: 1024\/397;\"\/><\/p>\n","protected":false},"excerpt":{"rendered":"-18 carrozas componen el cortejo, de las cuales 11 son representaciones b\u00edblicas.\u00a0La salida ser\u00e1 a las 7 de&hellip;\n","protected":false},"author":2,"featured_media":323790,"comment_status":"","ping_status":"","sticky":false,"template":"","format":"standard","meta":{"footnotes":""},"categories":[8],"tags":[17,18,25,24,13,14,11,19,20,9,10,15,16,23,12,21,22],"class_list":{"0":"post-323789","1":"post","2":"type-post","3":"status-publish","4":"format-standard","5":"has-post-thumbnail","7":"category-espana","8":"tag-breaking-news","9":"tag-breakingnews","10":"tag-es","11":"tag-espana","12":"tag-featured-news","13":"tag-featurednews","14":"tag-headlines","15":"tag-latest-news","16":"tag-latestnews","17":"tag-news","18":"tag-noticias","19":"tag-noticias-destacadas","20":"tag-noticiasdestacadas","21":"tag-spain","22":"tag-titulares","23":"tag-ultimas-noticias","24":"tag-ultimasnoticias"},"share_on_mastodon":{"url":"https:\/\/pubeurope.com\/@es\/115841296142135895","error":""},"_links":{"self":[{"href":"https:\/\/www.europesays.com\/es\/wp-json\/wp\/v2\/posts\/323789","targetHints":{"allow":["GET"]}}],"collection":[{"href":"https:\/\/www.europesays.com\/es\/wp-json\/wp\/v2\/posts"}],"about":[{"href":"https:\/\/www.europesays.com\/es\/wp-json\/wp\/v2\/types\/post"}],"author":[{"embeddable":true,"href":"https:\/\/www.europesays.com\/es\/wp-json\/wp\/v2\/users\/2"}],"replies":[{"embeddable":true,"href":"https:\/\/www.europesays.com\/es\/wp-json\/wp\/v2\/comments?post=323789"}],"version-history":[{"count":0,"href":"https:\/\/www.europesays.com\/es\/wp-json\/wp\/v2\/posts\/323789\/revisions"}],"wp:featuredmedia":[{"embeddable":true,"href":"https:\/\/www.europesays.com\/es\/wp-json\/wp\/v2\/media\/323790"}],"wp:attachment":[{"href":"https:\/\/www.europesays.com\/es\/wp-json\/wp\/v2\/media?parent=323789"}],"wp:term":[{"taxonomy":"category","embeddable":true,"href":"https:\/\/www.europesays.com\/es\/wp-json\/wp\/v2\/categories?post=323789"},{"taxonomy":"post_tag","embeddable":true,"href":"https:\/\/www.europesays.com\/es\/wp-json\/wp\/v2\/tags?post=323789"}],"curies":[{"name":"wp","href":"https:\/\/api.w.org\/{rel}","templated":true}]}}