{"id":323810,"date":"2026-01-05T07:42:08","date_gmt":"2026-01-05T07:42:08","guid":{"rendered":"https:\/\/www.europesays.com\/es\/323810\/"},"modified":"2026-01-05T07:42:08","modified_gmt":"2026-01-05T07:42:08","slug":"aliados-para-la-salud-pero-con-conocimiento","status":"publish","type":"post","link":"https:\/\/www.europesays.com\/es\/323810\/","title":{"rendered":"aliados para la salud, pero con conocimiento"},"content":{"rendered":"<p>En los \u00faltimos a\u00f1os se ha popularizado mucho su uso y se han convertido en un regalo al que muchos recurren en estas fechas: <b>relojes, pulseras, anillos inteligentes o incluso camisetas con sensores<\/b> forman parte del d\u00eda a d\u00eda de miles de personas que monitorizan su sue\u00f1o, su frecuencia cardiaca o su nivel de recuperaci\u00f3n.<\/p>\n<p>Sin embargo, aunque estos dispositivos de salud y deporte pueden ser \u00abgrandes aliados si se usan con criterio, tambi\u00e9n <b>pueden generar dependencia o malinterpretaciones<\/b> si no van acompa\u00f1ados de educaci\u00f3n y sentido com\u00fan\u00bb, explica Francisco Jos\u00e9 Mart\u00edn, m\u00e9dico deportivo del centro i-Shape de la Universidad Europea.<\/p>\n<p>Los \u00abwearables\u00bb act\u00faan como una \u00abcapa sensora\u00bb entre el cuerpo y el entorno, ayudando a <b>observar variables fisiol\u00f3gicas clave como la variabilidad de la frecuencia cardiaca (HRV), el sue\u00f1o, la carga de pasos o incluso arritmias<\/b> potenciales. Tambi\u00e9n aportan informaci\u00f3n subjetiva sobre c\u00f3mo percibimos el esfuerzo f\u00edsico (RPE) y permiten cruzar datos objetivos con sensaciones internas. \u00abEsta combinaci\u00f3n, bien utilizada, permite prevenir lesiones, optimizar el entrenamiento y detectar a tiempo desajustes en la recuperaci\u00f3n\u00bb, apunta el experto.<\/p>\n<p>Pero, \u00ab<b>no se trata solo de acumular datos, sino de interpretarlos adecuadamente<\/b> para sacarles el m\u00e1ximo provecho en t\u00e9rminos de salud\u00bb, contin\u00faa Mart\u00edn. Estos dispositivos, dise\u00f1ados para ofrecer informaci\u00f3n en tiempo real sobre diferentes m\u00e9tricas fisiol\u00f3gicas, han demostrado ser herramientas \u00fatiles en la prevenci\u00f3n de problemas de salud y en la mejora de h\u00e1bitos diarios. Permiten mejorar el conocimiento personal sobre el cuerpo y fomentar la adopci\u00f3n de rutinas m\u00e1s activas y saludables.<\/p>\n<p>No obstante, como dec\u00edamos,<b> tambi\u00e9n presentan desaf\u00edos<\/b>. \u00abLa dependencia excesiva a estos dispositivos o el estr\u00e9s por alcanzar ciertas m\u00e9tricas pueden ser contraproducentes si no se gestionan con equilibrio\u00bb, se\u00f1ala el m\u00e9dico deportivo. \u00abEl dispositivo debe ser un complemento, no un juez\u00bb, apostilla.<\/p>\n<p>Otro aspecto destacado es su potencial para <b>personalizar estrategias de rendimiento y salud<\/b>. Gracias a la integraci\u00f3n de inteligencia artificial en los \u2018\u2018wearables\u2019\u2019, se est\u00e1 avanzando hacia modelos m\u00e1s precisos de recomendaciones basadas en datos longitudinales. Esto significa que las sugerencias no solo se ajustan a una media poblacional, sino que pueden adaptarse a los patrones \u00fanicos de cada usuario. \u00abEs un paso hacia una medicina m\u00e1s individualizada, donde cada persona entienda sus propias necesidades y l\u00edmites\u00bb, afirma Mart\u00edn.<\/p>\n<p>Un apoyo, no un reemplazo<\/p>\n<p>\u00abAunque <b>su papel en la prevenci\u00f3n y el monitoreo diario de la salud est\u00e1 cada vez m\u00e1s consolidado<\/b>, no pueden sustituir el juicio cl\u00ednico ni las pruebas diagn\u00f3sticas tradicionales\u00bb, advierte. Adem\u00e1s, hace hincapi\u00e9 en que \u00abun electrocardiograma o una prueba de esfuerzo siguen siendo esenciales para decisiones m\u00e9dicas importantes; los \u2018\u2018wearables\u2019\u2019 son un apoyo, pero no pueden reemplazar el an\u00e1lisis exhaustivo de un profesional\u00bb.<\/p>\n<p>De cara al futuro, Francisco Jos\u00e9 Mart\u00edn ve en este tipo de tecnolog\u00eda una<b> oportunidad extraordinaria para democratizar el acceso a la salud<\/b> y fomentar la educaci\u00f3n del usuario sobre su propio cuerpo. Sin embargo, recalca que el verdadero cambio no depende solo de la tecnolog\u00eda, sino de una integraci\u00f3n equilibrada entre entrenamiento, descanso, nutrici\u00f3n y, sobre todo, la comprensi\u00f3n de las necesidades individuales.<\/p>\n<p>En cualquier caso, \u00abel bienestar no se trata de seguir n\u00fameros ciegamente, sino de <b>aprender a escuchar lo que nuestro cuerpo nos dice<\/b>\u00bb, concluye el experto.<\/p>\n","protected":false},"excerpt":{"rendered":"En los \u00faltimos a\u00f1os se ha popularizado mucho su uso y se han convertido en un regalo al&hellip;\n","protected":false},"author":2,"featured_media":323811,"comment_status":"","ping_status":"","sticky":false,"template":"","format":"standard","meta":{"footnotes":""},"categories":[81],"tags":[119,123,124,25,24,117,121,122,23,118,120],"class_list":{"0":"post-323810","1":"post","2":"type-post","3":"status-publish","4":"format-standard","5":"has-post-thumbnail","7":"category-ciencia-y-tecnologia","8":"tag-ciencia","9":"tag-ciencia-y-tecnologia","10":"tag-cienciaytecnologia","11":"tag-es","12":"tag-espana","13":"tag-science","14":"tag-science-and-technology","15":"tag-scienceandtechnology","16":"tag-spain","17":"tag-technology","18":"tag-tecnologia"},"share_on_mastodon":{"url":"https:\/\/pubeurope.com\/@es\/115841370894419226","error":""},"_links":{"self":[{"href":"https:\/\/www.europesays.com\/es\/wp-json\/wp\/v2\/posts\/323810","targetHints":{"allow":["GET"]}}],"collection":[{"href":"https:\/\/www.europesays.com\/es\/wp-json\/wp\/v2\/posts"}],"about":[{"href":"https:\/\/www.europesays.com\/es\/wp-json\/wp\/v2\/types\/post"}],"author":[{"embeddable":true,"href":"https:\/\/www.europesays.com\/es\/wp-json\/wp\/v2\/users\/2"}],"replies":[{"embeddable":true,"href":"https:\/\/www.europesays.com\/es\/wp-json\/wp\/v2\/comments?post=323810"}],"version-history":[{"count":0,"href":"https:\/\/www.europesays.com\/es\/wp-json\/wp\/v2\/posts\/323810\/revisions"}],"wp:featuredmedia":[{"embeddable":true,"href":"https:\/\/www.europesays.com\/es\/wp-json\/wp\/v2\/media\/323811"}],"wp:attachment":[{"href":"https:\/\/www.europesays.com\/es\/wp-json\/wp\/v2\/media?parent=323810"}],"wp:term":[{"taxonomy":"category","embeddable":true,"href":"https:\/\/www.europesays.com\/es\/wp-json\/wp\/v2\/categories?post=323810"},{"taxonomy":"post_tag","embeddable":true,"href":"https:\/\/www.europesays.com\/es\/wp-json\/wp\/v2\/tags?post=323810"}],"curies":[{"name":"wp","href":"https:\/\/api.w.org\/{rel}","templated":true}]}}