{"id":323812,"date":"2026-01-05T07:43:07","date_gmt":"2026-01-05T07:43:07","guid":{"rendered":"https:\/\/www.europesays.com\/es\/323812\/"},"modified":"2026-01-05T07:43:07","modified_gmt":"2026-01-05T07:43:07","slug":"el-comercio-hortofruticola-entre-espana-y-bulgaria-sigue-siendo-residual-pese-a-la-entrada-del-pais-en-la-zona-euro","status":"publish","type":"post","link":"https:\/\/www.europesays.com\/es\/323812\/","title":{"rendered":"El comercio hortofrut\u00edcola entre Espa\u00f1a y Bulgaria sigue siendo residual pese a la entrada del pa\u00eds en la zona euro"},"content":{"rendered":"<p>La reciente adopci\u00f3n del euro por parte de Bulgaria, efectiva desde el 1 de enero, ha vuelto a situar al pa\u00eds en el foco informativo europeo. Sin embargo, en el \u00e1mbito del comercio hortofrut\u00edcola, las relaciones comerciales con Espa\u00f1a contin\u00faan siendo muy limitadas, tanto en volumen como en valor, seg\u00fan los \u00faltimos datos disponibles.<\/p>\n<p>Bulgaria, que se incorpor\u00f3 a la Uni\u00f3n Europea en 2007, <strong>cuenta con una poblaci\u00f3n de 6,4 millones de habitantes<\/strong> y se sit\u00faa entre los pa\u00edses con menor renta del bloque comunitario. De acuerdo con los datos de Eurostat correspondientes a 2023, su Producto Interior Bruto per c\u00e1pita asciende a 24.300 euros, claramente por debajo de la media de la UE, situada en 38.100 euros, y representa apenas el 0,5% del PIB total comunitario.<\/p>\n<p>En este contexto econ\u00f3mico y demogr\u00e1fico, <strong>Bulgaria figura entre los destinos menos relevantes para las exportaciones hortofrut\u00edcolas espa\u00f1olas.<\/strong> Seg\u00fan los datos del Departamento de Aduanas e Impuestos Especiales, procesados por FEPEX, las exportaciones espa\u00f1olas de frutas y hortalizas frescas a Bulgaria entre enero y octubre de 2025 alcanzaron las 10.783 toneladas, lo que supone un incremento del 4% respecto al mismo periodo del a\u00f1o anterior, cuando se situaron en 10.403 toneladas.<\/p>\n<p>Pese a este crecimiento, <strong>Bulgaria apenas representa el 0,17% del total de las exportaciones hortofrut\u00edcolas espa\u00f1olas en 2025,<\/strong> lo que confirma su car\u00e1cter residual dentro del mapa exportador del sector. En t\u00e9rminos de valor, las ventas espa\u00f1olas totalizaron 18,8 millones de euros hasta octubre de 2025, un 22% m\u00e1s que en el mismo periodo de 2024, cuando se situaron en 15,4 millones de euros.<\/p>\n<p><strong>El flujo comercial en sentido inverso es todav\u00eda m\u00e1s reducido<\/strong>. Las importaciones espa\u00f1olas de frutas y hortalizas frescas procedentes de Bulgaria representaron \u00fanicamente el 0,004% del total importado por Espa\u00f1a. En el periodo enero-octubre de 2025, estas compras se situaron en 172 toneladas, con un valor de 2,4 millones de euros.<\/p>\n<p>As\u00ed, pese a la integraci\u00f3n de Bulgaria en la zona euro, el comercio hortofrut\u00edcola bilateral con Espa\u00f1a contin\u00faa siendo muy limitado, con un peso marginal dentro del conjunto de intercambios del sector, tanto por volumen como por valor econ\u00f3mico.<\/p>\n","protected":false},"excerpt":{"rendered":"La reciente adopci\u00f3n del euro por parte de Bulgaria, efectiva desde el 1 de enero, ha vuelto a&hellip;\n","protected":false},"author":2,"featured_media":323813,"comment_status":"","ping_status":"","sticky":false,"template":"","format":"standard","meta":{"footnotes":""},"categories":[80],"tags":[32255,82,95,94,25,24,75140,23,11528],"class_list":{"0":"post-323812","1":"post","2":"type-post","3":"status-publish","4":"format-standard","5":"has-post-thumbnail","7":"category-economia","8":"tag-bulgaria","9":"tag-business","10":"tag-economia","11":"tag-economy","12":"tag-es","13":"tag-espana","14":"tag-hortofruticola","15":"tag-spain","16":"tag-zona-euro"},"share_on_mastodon":{"url":"https:\/\/pubeurope.com\/@es\/115841374830253262","error":""},"_links":{"self":[{"href":"https:\/\/www.europesays.com\/es\/wp-json\/wp\/v2\/posts\/323812","targetHints":{"allow":["GET"]}}],"collection":[{"href":"https:\/\/www.europesays.com\/es\/wp-json\/wp\/v2\/posts"}],"about":[{"href":"https:\/\/www.europesays.com\/es\/wp-json\/wp\/v2\/types\/post"}],"author":[{"embeddable":true,"href":"https:\/\/www.europesays.com\/es\/wp-json\/wp\/v2\/users\/2"}],"replies":[{"embeddable":true,"href":"https:\/\/www.europesays.com\/es\/wp-json\/wp\/v2\/comments?post=323812"}],"version-history":[{"count":0,"href":"https:\/\/www.europesays.com\/es\/wp-json\/wp\/v2\/posts\/323812\/revisions"}],"wp:featuredmedia":[{"embeddable":true,"href":"https:\/\/www.europesays.com\/es\/wp-json\/wp\/v2\/media\/323813"}],"wp:attachment":[{"href":"https:\/\/www.europesays.com\/es\/wp-json\/wp\/v2\/media?parent=323812"}],"wp:term":[{"taxonomy":"category","embeddable":true,"href":"https:\/\/www.europesays.com\/es\/wp-json\/wp\/v2\/categories?post=323812"},{"taxonomy":"post_tag","embeddable":true,"href":"https:\/\/www.europesays.com\/es\/wp-json\/wp\/v2\/tags?post=323812"}],"curies":[{"name":"wp","href":"https:\/\/api.w.org\/{rel}","templated":true}]}}