{"id":323814,"date":"2026-01-05T07:45:49","date_gmt":"2026-01-05T07:45:49","guid":{"rendered":"https:\/\/www.europesays.com\/es\/323814\/"},"modified":"2026-01-05T07:45:49","modified_gmt":"2026-01-05T07:45:49","slug":"baja-la-alerta-por-nieve-en-aragon-pero-se-mantiene-por-el-frio-hasta-10-grados-y-el-hielo","status":"publish","type":"post","link":"https:\/\/www.europesays.com\/es\/323814\/","title":{"rendered":"Baja la alerta por nieve en Arag\u00f3n pero se mantiene por el fr\u00edo (hasta -10 grados) y el hielo"},"content":{"rendered":"<p class=\"paragraph\">El hielo y el fr\u00edo preocupan m\u00e1s que la nieve. La borrasca Francis <b>lleg\u00f3 este domingo a Arag\u00f3n<\/b> reduciendo la previsi\u00f3n de nevadas pero con un desplome de las temperaturas, que en el Pirineo <b>pueden caer hasta los -10 grados de forma generalizada<\/b>.<a href=\"https:\/\/www.heraldo.es\/noticias\/nacional\/2026\/01\/04\/trafico-pide-adelantar-regreso-vacaciones-domingo-avisos-aemet-nevadas-lluvias-1883073.html\" title=\"Tr\u00e1fico pide adelantar el regreso de las vacaciones al domingo tras los avisos de la Aemet por nevadas y lluvias\" rel=\"nofollow noopener\" target=\"_blank\">\u00a0Tr\u00e1fico ha pedido adelantar el regreso de las vacaciones<\/a> tras los avisos de la Aemet mientras que la Agencia Estatal de Meteorolog\u00eda anuncia que el 6 de enero <b>podr\u00eda ser el d\u00eda de Reyes<\/b> m\u00e1s fr\u00edo en 40 a\u00f1os.<\/p>\n<p class=\"paragraph\">El Gobierno de Arag\u00f3n, tras la reuni\u00f3n celebrada el domingo por la ma\u00f1ana en la Sala de Crisis del 112, <b>se decidi\u00f3 mantener el Plan Especial<\/b> de Protecci\u00f3n Civil por Fen\u00f3menos Meteorol\u00f3gicos Adversos (Procifemar) en fase de alerta, ante la incertidumbre del episodio y la posibilidad de nevadas y heladas asociadas a la borrasca Francis, as\u00ed como por las posibles afecciones que pueda generar en carreteras, municipios y servicios en puntos concretos de la comunidad aut\u00f3noma.<\/p>\n<p class=\"paragraph\">Ello a pesar de que la Agencia Estatal de Meteorolog\u00eda <b>decididi\u00f3 cancelar el aviso amarillo<\/b> por nevadas en el Pirineo oscense para este domingo, aunque mantuvo avisos amarillos por nieve esa tarde, entre las 15.00 y las 23.59, en la Ib\u00e9rica zaragozana y en Albarrac\u00edn y Jiloca (Teruel), con la cota descendiendo y nevadas previstas por encima de los 800 metros.<\/p>\n<p class=\"paragraph\">Para el lunes <b>se ha activado un aviso naranja<\/b> por bajas temperaturas en el Pirineo oscense, y aviso amarillo por temperaturas m\u00ednimas en Albarrac\u00edn, Jiloca, G\u00fadar y Maestrazgo. Adem\u00e1s, el aviso amarillo por nieve en Albarrac\u00edn y Jiloca <b>se ampl\u00eda hasta este lunes a las 12.00<\/b>.<\/p>\n<p>Temperaturas por municipios<\/p>\n<p class=\"paragraph\">De momento este domingo las temperaturas bajo cero se dieron principalmente en<b>\u00a0las estaciones<\/b> de esqu\u00ed, con -5,7 grados en Ast\u00fan o -3,6 en Formigal. Aunque el aviso se ha establecido en -10 grados para este lunes, en los pr\u00f3ximos d\u00edas, la Aemet prev\u00e9 que bajen a\u00fan m\u00e1s, con -15 grados el martes en Benasque o -13 en Sallent de G\u00e1llego. En otras poblaciones situadas a menor altitud, el pron\u00f3stico apunta tambi\u00e9n a un intenso fr\u00edo. El pron\u00f3stico en Barbastro es de -6, y en Zaragoza de -1. En Teruel se espera empezar la semana con -9.\u00a0\u00a0<\/p>\n<p class=\"paragraph\">En la reuni\u00f3n del plan especial estuvieron presentes los consejeros de Hacienda e Interior, Roberto Berm\u00fadez de Castro, y de Fomento, Octavio L\u00f3pez; junto con los directores generales de Interior y Emergencias, Miguel \u00c1ngel Clavero, y de Carreteras, Miguel \u00c1ngel Arminio, adem\u00e1s del jefe del Servicio de Seguridad y Protecci\u00f3n Civil, Jorge Crespo.<\/p>\n<p class=\"paragraph\">Crespo habl\u00f3 de la posible mejor\u00eda del episodio, pero record\u00f3 que <b>se mantienen los avisos<\/b>. \u00abAnte la incertidumbre de los modelos y el aviso naranja por temperaturas en el Pirineo, hemos decidido <b>mantener el plan activo<\/b>\u00ab, dijo. El descenso de temperaturas, junto con las posibles nevadas, aunque finalmente no fueron tan cuantiosas, <b>pudieron generar situaciones de peligro por hielo<\/b>, en carreteras y zonas urbanas. \u00abSeguimos con el mismo mensaje de prudencia y atentos a la evoluci\u00f3n de la borrasca\u00bb.\u00a0<\/p>\n<p class=\"paragraph\">El propio presidente aragon\u00e9s, Jorge Azc\u00f3n, advirti\u00f3 de que habr\u00e1 fr\u00edos intensos en determinadas zonas de Arag\u00f3n y nevadas. \u00abPrudencia\u00bb, ha comentado, invitando a \u00ab<b>extremar la precauci\u00f3n, sobre todo por los \u00faltimos acontecimientos vividos con la nieve\u00bb<\/b>, en alusi\u00f3n a las cuatro v\u00edctimas mortales por aludes. \u00abM\u00e1ximo respeto a la carretera y a la monta\u00f1a\u00bb, aconsej\u00f3.\u00a0\u00a0<\/p>\n<p class=\"paragraph\">Desde el Gobierno de Arag\u00f3n se recuerda que el descenso de las temperaturas <b>puede provocar la formaci\u00f3n de placas de hielo<\/b>, especialmente en carreteras y zonas urbanas, por lo que <b>se recomienda extremar la precauci\u00f3n<\/b>, mantenerse informado a trav\u00e9s de los canales oficiales y seguir las indicaciones de Protecci\u00f3n Civil.<\/p>\n<p class=\"paragraph\">Comarcas y ayuntamientos tambi\u00e9n celebraron reuniones de sus servicios de Protecci\u00f3n Civil. La Comarca de la Ribagorza <b>anunci\u00f3 que va a establecer contacto<\/b> con los ayuntamientos para alertar de la previsi\u00f3n de\u00a0heladas, instando a que <b>se adopten las medidas preventivas\u00a0<\/b>necesarias, en particular las labores de limpieza y tratamiento de los\u00a0cascos urbanos, con el objetivo de minimizar riesgos para la poblaci\u00f3n.<\/p>\n","protected":false},"excerpt":{"rendered":"El hielo y el fr\u00edo preocupan m\u00e1s que la nieve. La borrasca Francis lleg\u00f3 este domingo a Arag\u00f3n&hellip;\n","protected":false},"author":2,"featured_media":323815,"comment_status":"","ping_status":"","sticky":false,"template":"","format":"standard","meta":{"footnotes":""},"categories":[8],"tags":[2980,4499,17,18,25,24,13,14,11,43697,19,20,9,16248,10,15,16,24807,23,6195,12,21,22],"class_list":{"0":"post-323814","1":"post","2":"type-post","3":"status-publish","4":"format-standard","5":"has-post-thumbnail","7":"category-espana","8":"tag-aemet","9":"tag-aragon","10":"tag-breaking-news","11":"tag-breakingnews","12":"tag-es","13":"tag-espana","14":"tag-featured-news","15":"tag-featurednews","16":"tag-headlines","17":"tag-hielo","18":"tag-latest-news","19":"tag-latestnews","20":"tag-news","21":"tag-nieve","22":"tag-noticias","23":"tag-noticias-destacadas","24":"tag-noticiasdestacadas","25":"tag-pirineo","26":"tag-spain","27":"tag-temperaturas","28":"tag-titulares","29":"tag-ultimas-noticias","30":"tag-ultimasnoticias"},"share_on_mastodon":{"url":"https:\/\/pubeurope.com\/@es\/115841386579771062","error":""},"_links":{"self":[{"href":"https:\/\/www.europesays.com\/es\/wp-json\/wp\/v2\/posts\/323814","targetHints":{"allow":["GET"]}}],"collection":[{"href":"https:\/\/www.europesays.com\/es\/wp-json\/wp\/v2\/posts"}],"about":[{"href":"https:\/\/www.europesays.com\/es\/wp-json\/wp\/v2\/types\/post"}],"author":[{"embeddable":true,"href":"https:\/\/www.europesays.com\/es\/wp-json\/wp\/v2\/users\/2"}],"replies":[{"embeddable":true,"href":"https:\/\/www.europesays.com\/es\/wp-json\/wp\/v2\/comments?post=323814"}],"version-history":[{"count":0,"href":"https:\/\/www.europesays.com\/es\/wp-json\/wp\/v2\/posts\/323814\/revisions"}],"wp:featuredmedia":[{"embeddable":true,"href":"https:\/\/www.europesays.com\/es\/wp-json\/wp\/v2\/media\/323815"}],"wp:attachment":[{"href":"https:\/\/www.europesays.com\/es\/wp-json\/wp\/v2\/media?parent=323814"}],"wp:term":[{"taxonomy":"category","embeddable":true,"href":"https:\/\/www.europesays.com\/es\/wp-json\/wp\/v2\/categories?post=323814"},{"taxonomy":"post_tag","embeddable":true,"href":"https:\/\/www.europesays.com\/es\/wp-json\/wp\/v2\/tags?post=323814"}],"curies":[{"name":"wp","href":"https:\/\/api.w.org\/{rel}","templated":true}]}}