{"id":323826,"date":"2026-01-05T07:56:10","date_gmt":"2026-01-05T07:56:10","guid":{"rendered":"https:\/\/www.europesays.com\/es\/323826\/"},"modified":"2026-01-05T07:56:10","modified_gmt":"2026-01-05T07:56:10","slug":"eres-el-latido-que-faltaba-en-nuestras-vidas","status":"publish","type":"post","link":"https:\/\/www.europesays.com\/es\/323826\/","title":{"rendered":"Eres el latido que faltaba en nuestras vidas"},"content":{"rendered":"<p id=\"e7c7Rx9Zzr\" data-wc=\"114\">Tras anunciar el pasado 24 de diciembre con gran emoci\u00f3n que <a class=\"hm-link ho-link\" href=\"https:\/\/www.hola.com\/actualidad\/20251224874657\/ana-peleteiro-embarazada-tras-perder-bebe\/\" data-mrf-recirculation=\"article-body-link\" rel=\"nofollow noopener\" target=\"_blank\">va a ser madre por segunda vez<\/a>, Ana Peleteiro ha desvelado este domingo por la tarde el sexo y el nombre del beb\u00e9 que espera. \u00abTe deseamos antes de conocerte, te amamos antes de tocarte y ya has conseguido cambiar nuestro mundo\u00bb, comenzaba diciendo la deportista gallega en sus redes sociales, con esas palabras tan sentidas que iban dirigidas al peque\u00f1o que viene en camino. <strong>\u00abLe\u00f3n, eres el latido que faltaba en nuestras vidas\u00bb<\/strong>, dec\u00eda a continuaci\u00f3n, momento en el que conoc\u00edamos como van a llamar a su reto\u00f1o. \u00abTe esperamos, nuestro ni\u00f1o precioso, llenito de luz, amor y paz\u00bb, conclu\u00eda el mensaje.<\/p>\n<p> <img src=\"https:\/\/www.europesays.com\/es\/wp-content\/uploads\/2026\/01\/06b1d3481d57-gettyimages-2156820062.jpg\"   width=\"1024\" height=\"682\" loading=\"lazy\" decoding=\"async\" alt=\"Ana Peleteiro, cuando logr\u00f3 el oro en el campeonato europeo de 2024 en Roma\" fetchpriority=\"auto\" class=\"image ho-image\"\/>\u00a9 Getty ImagesAna Peleteiro, cuando logr\u00f3 el oro en el campeonato europeo de 2024 en Roma<\/p>\n<p id=\"eX7PbeOc9Xo\" data-wc=\"107\">La gran campeona de triple salto compart\u00eda a su vez un v\u00eddeo donde ella y su marido, el atleta franc\u00e9s Benjamin Compaor\u00e9, est\u00e1n preparando la ropita de su hijo. Se trata de un jersey blanco donde donde han tejido el nombre del peque\u00f1o, mientras vemos c\u00f3mo ellos se cogen de la mano una vez revelaban el secreto. Del mismo modo, la medallista ol\u00edmpica publicaba varias historias en su cuenta de Instagram, donde explicaba algo muy curioso que les hab\u00eda pasado. <strong>\u00abEn principio iba a ser ni\u00f1a y luego nos enteramos de una forma surrealista de que iba a ser ni\u00f1o. Y fue un shock, incre\u00edble, pero maravilloso\u00bb<\/strong>.<\/p>\n<p id=\"eROw1peTbk\" data-wc=\"83\">Confiesa Ana que est\u00e1n \u00absuperfelices\u00bb al cumplir \u00abel sue\u00f1o que tiene toda familia tener de tener la parejita, hijos de ambos g\u00e9neros, y a m\u00ed me hace much\u00edsima ilusi\u00f3n\u00bb. Tambi\u00e9n se\u00f1ala que llamar\u00e1n as\u00ed al beb\u00e9 porque quer\u00edan \u00abun nombre franc\u00e9s\u00bb, al igual que a <a class=\"hm-link ho-link\" href=\"https:\/\/www.hola.com\/actualidad\/20221222223376\/ana-peleteiro-presenta-hija-lua-fotos\/\" data-mrf-recirculation=\"article-body-link\" rel=\"nofollow noopener\" target=\"_blank\">su hija mayor, L\u00faa,<\/a> le pusieron uno gallego. Sobre el significado de Le\u00f3n, que es de origen latino, este simboliza valent\u00eda, fuerza, coraje, firmeza, nobleza, poder y liderazgo, como el &#8216;rey de la selva&#8217; cuando hablamos del animal.<\/p>\n<p> <img src=\"https:\/\/www.europesays.com\/es\/wp-content\/uploads\/2026\/01\/b72f918e0e45-leon.jpg\"   width=\"709\" height=\"1024\" loading=\"lazy\" decoding=\"async\" alt=\"La atleta ya prepara la ropita del beb\u00e9 con su nombre, Le\u00f3n\" fetchpriority=\"auto\" class=\"image ho-image\"\/>\u00a9 apeleteirobLa atleta ya prepara la ropita del beb\u00e9 con su nombre, Le\u00f3n<\/p>\n<p id=\"e0OHCXdnyM\" data-wc=\"88\">El 2025 fue un a\u00f1o de contrastes para el matrimonio, despu\u00e9s de que el pasado verano recibieran el mazazo de <a class=\"hm-link ho-link\" href=\"https:\/\/www.hola.com\/actualidad\/20250724846364\/ana-peleteiro-pierde-el-bebe-que-esperaba-proceso-duro-doloroso\/\" data-mrf-recirculation=\"article-body-link\" rel=\"nofollow noopener\" target=\"_blank\">perder al beb\u00e9 que esperaban<\/a>. \u00abUn proceso duro y doloroso\u00bb, lamentaba ella el d\u00eda que dio la triste noticia a sus seguidores. \u00abDesde hoy tenemos un angelito m\u00e1s en el cielo que nos cuida y nos proteger\u00e1 el resto de nuestra vida\u00bb, a\u00f1ad\u00eda con gran sentimiento. Sin embargo, en estas Navidades, anunciaban el mejor de los regalos que pod\u00edan recibir, cuando Peleteiro cont\u00f3 que estaba de nuevo embarazada.<\/p>\n<p> <img src=\"https:\/\/www.europesays.com\/es\/wp-content\/uploads\/2026\/01\/19031c31d068-60548770718565651069019135501866107900665824n.jpg\"   width=\"768\" height=\"1024\" loading=\"lazy\" decoding=\"async\" alt=\"El matrimonio, con la ecograf\u00eda de su segundo hijo\" fetchpriority=\"auto\" class=\"image ho-image\"\/>\u00a9 apeleteirobEl matrimonio, con la ecograf\u00eda del que ser\u00e1 su segundo hijo<\/p>\n<p id=\"eK9JkWhVRX\" data-wc=\"92\">Lo hac\u00edan junto a varias fotos en las que ella aparec\u00eda sosteniendo la ecograf\u00eda junto a su marido, presumiendo ya de curvas premam\u00e1. Tambi\u00e9n posaba la peque\u00f1a L\u00faa, que el pasado 20 de diciembre cumpli\u00f3 tres a\u00f1os y parece estar muy ilusionada con la llegada de su hermanito. El matrimonio, que <a class=\"hm-link ho-link\" href=\"https:\/\/www.hola.com\/actualidad\/20230923239865\/ana-peleteiro-boda-benjamin-traore-galicia\/\" data-mrf-recirculation=\"article-body-link\" rel=\"nofollow noopener\" target=\"_blank\">se cas\u00f3 en septiembre de 2023<\/a>, ampliar\u00e1 la familia muy pronto mientras su casa se llena de juguetes y de preparativos para el beb\u00e9, quien tiene m\u00e1s hermanas mayores ya que Benjamin es padre de tres hijas de una relaci\u00f3n anterior.<\/p>\n","protected":false},"excerpt":{"rendered":"Tras anunciar el pasado 24 de diciembre con gran emoci\u00f3n que va a ser madre por segunda vez,&hellip;\n","protected":false},"author":2,"featured_media":323827,"comment_status":"","ping_status":"","sticky":false,"template":"","format":"standard","meta":{"footnotes":""},"categories":[174],"tags":[517,926,255,146,147,25,24,256,23],"class_list":{"0":"post-323826","1":"post","2":"type-post","3":"status-publish","4":"format-standard","5":"has-post-thumbnail","7":"category-famosos","8":"tag-actualidad","9":"tag-ana-peleteiro","10":"tag-celebrities","11":"tag-entertainment","12":"tag-entretenimiento","13":"tag-es","14":"tag-espana","15":"tag-famosos","16":"tag-spain"},"share_on_mastodon":{"url":"https:\/\/pubeurope.com\/@es\/115841426083356420","error":""},"_links":{"self":[{"href":"https:\/\/www.europesays.com\/es\/wp-json\/wp\/v2\/posts\/323826","targetHints":{"allow":["GET"]}}],"collection":[{"href":"https:\/\/www.europesays.com\/es\/wp-json\/wp\/v2\/posts"}],"about":[{"href":"https:\/\/www.europesays.com\/es\/wp-json\/wp\/v2\/types\/post"}],"author":[{"embeddable":true,"href":"https:\/\/www.europesays.com\/es\/wp-json\/wp\/v2\/users\/2"}],"replies":[{"embeddable":true,"href":"https:\/\/www.europesays.com\/es\/wp-json\/wp\/v2\/comments?post=323826"}],"version-history":[{"count":0,"href":"https:\/\/www.europesays.com\/es\/wp-json\/wp\/v2\/posts\/323826\/revisions"}],"wp:featuredmedia":[{"embeddable":true,"href":"https:\/\/www.europesays.com\/es\/wp-json\/wp\/v2\/media\/323827"}],"wp:attachment":[{"href":"https:\/\/www.europesays.com\/es\/wp-json\/wp\/v2\/media?parent=323826"}],"wp:term":[{"taxonomy":"category","embeddable":true,"href":"https:\/\/www.europesays.com\/es\/wp-json\/wp\/v2\/categories?post=323826"},{"taxonomy":"post_tag","embeddable":true,"href":"https:\/\/www.europesays.com\/es\/wp-json\/wp\/v2\/tags?post=323826"}],"curies":[{"name":"wp","href":"https:\/\/api.w.org\/{rel}","templated":true}]}}