{"id":323851,"date":"2026-01-05T08:17:08","date_gmt":"2026-01-05T08:17:08","guid":{"rendered":"https:\/\/www.europesays.com\/es\/323851\/"},"modified":"2026-01-05T08:17:08","modified_gmt":"2026-01-05T08:17:08","slug":"j-2-conformados-los-cruces-de-cuartos-de-final","status":"publish","type":"post","link":"https:\/\/www.europesays.com\/es\/323851\/","title":{"rendered":"J.2 Conformados los cruces de cuartos de final"},"content":{"rendered":"<p>Se cierra la primera fase y cada una de las cuatro categor\u00edas tendr\u00e1 su cuadro de cuartos de final decidido. Andaluc\u00eda, Catalu\u00f1a, Madrid y C. Valenciana meten a sus cuatro equipos, con Galicia, Baleares y Arag\u00f3n clasificando a tres de ellos. Dos para Castilla y Le\u00f3n, Canarias y Pa\u00eds Vasco, con uno m\u00e1s del Principado de Asturias.<\/p>\n<p>CADETE FEMENINA | Asturias se mete en la lucha por el t\u00edtulo<br \/>\n<a href=\"https:\/\/baloncestoenvivo.feb.es\/resultados\/cessaacadetefem\/41\/2025\" target=\"_self\" rel=\"nofollow noopener\"> Resultados\u00a0<\/a><br \/>\n Andaluc\u00eda vs C. Madrid (13:30 h) | Castilla y Le\u00f3n vs Baleares (13:30 h) | Catalu\u00f1a vs Pa\u00eds Vasco (15:30 h) | C. Valenciana vs Asturias (15:30 h)<br \/>\n Asturias se mete en la lucha por el t\u00edtulo despu\u00e9s de derrotar a Arag\u00f3n en el \u00faltimo encuentro del d\u00eda. Eso s\u00ed, se medir\u00e1 a la Comunitat Valenciana, que ha dejado buenas sensaciones en el Grupo B, derrotando a Andaluc\u00eda. En el C, Catalu\u00f1a ha derrotado a Madrid en el cl\u00e1sico, mientras que Castilla y Le\u00f3n sigue siendo un equipo muy competitivo que aspira a todo.<\/p>\n<p>CADETE MASCULINA | Los grandes favoritos no fallan<br \/>&#13;<br \/>\n<a href=\"https:\/\/baloncestoenvivo.feb.es\/resultados\/cessaacadetemas\/40\/2025\" target=\"_self\" rel=\"nofollow noopener\"> Resultados\u00a0<\/a><br \/>&#13;<br \/>\n Catalu\u00f1a vs Arag\u00f3n (15:30 h) | C. Valenciana vs Canarias (15:30 h) | Andaluc\u00eda vs Baleares (17:30 h) | C. Madrid vs Galicia (17:30 h)<br \/>&#13;<br \/>\n Los tres grandes favoritos (Catalu\u00f1a, Madrid \u00a0y Andaluc\u00eda) pasan como primeros de grupo y se encaminan a la lucha por el t\u00edtulo. Los madrile\u00f1os ganaron en un gran partido a la Comunitat Valenciana, mientras que Galicia sufri\u00f3 para derrotar a una Extremadura que estuvo cerca de meterse en cuartos de final, mientras que Arag\u00f3n tambi\u00e9n pelear\u00e1 por el t\u00edtulo despu\u00e9s de liderar el Grupo E, con partidos muy igualados.<\/p>\n<p>INFANTIL FEMENINO | Andaluc\u00eda confirma su gran plantilla<br \/>&#13;<br \/>\n<a href=\"https:\/\/baloncestoenvivo.feb.es\/resultados\/cessaainfantilfem\/26\/2025\" target=\"_self\" rel=\"nofollow noopener\"> Resultados\u00a0<\/a><br \/>&#13;<br \/>\n Andaluc\u00eda vs Arag\u00f3n (15:30 h) | C. Valenciana vs Catalu\u00f1a (15:30 h) | Castilla y Le\u00f3n vs Galicia (17:30 h) | C. Madrid vs Baleares (17:30 h)<br \/>&#13;<br \/>\n Andaluc\u00eda pasa a cuartos de final como l\u00edder del Grupo A, confirmando su posici\u00f3n de cabeza de serie n\u00famero 1. Eso s\u00ed, tendr\u00e1 como rival a una peligrosa Arag\u00f3n que ha sido superior en el equilibrado Grupo E. Castilla y Le\u00f3n entra como primera tras derrotar a la Comunitat Valenciana por un solo punto de diferencia, mientras que la Comunidad de Madrid muestra sus credenciales ganando a Catalu\u00f1a antes de los partidos decisivos.<\/p>\n<p>INFANTIL MASCULINO | Dobles victorias para luchar por el liderato<br \/>&#13;<br \/>\n<a href=\"https:\/\/baloncestoenvivo.feb.es\/resultados\/cessaainfantilmas\/25\/2025\" target=\"_self\" rel=\"nofollow noopener\"> Resultados\u00a0<\/a><br \/>&#13;<br \/>\n Catalu\u00f1a vs Pa\u00eds Vasco (13:30 h) | Galicia vs Andaluc\u00eda (13:30 h), C. Madrid vs Canarias (15:30 h) | C. Valenciana vs Arag\u00f3n (15:30 h)<br \/>&#13;<br \/>\n Catalu\u00f1a y Canarias han jugado uno de los grandes choques de la temporada decidido a favor de los catalanes (90-83) gracias a los 28 puntos de Joan Mart\u00ednez. Un primer puesto de grupo que los empareja con Pa\u00eds Vasco en cuartos de final, equipo victorioso del siempre competitivo Grupo E. Madrid tambi\u00e9n impresiona con el primer puesto del Grupo C derrotando con contundencia a Andaluc\u00eda.<\/p>\n","protected":false},"excerpt":{"rendered":"Se cierra la primera fase y cada una de las cuatro categor\u00edas tendr\u00e1 su cuadro de cuartos de&hellip;\n","protected":false},"author":2,"featured_media":323852,"comment_status":"","ping_status":"","sticky":false,"template":"","format":"standard","meta":{"footnotes":""},"categories":[269],"tags":[4605,299,1918,298,4597,4613,4616,4609,4608,4610,168,4603,4606,25,24,4120,4598,4614,2713,4601,830,4599,4600,4602,4615,4617,4607,4604,23,167,4611,4612],"class_list":{"0":"post-323851","1":"post","2":"type-post","3":"status-publish","4":"format-standard","5":"has-post-thumbnail","7":"category-baloncesto","8":"tag-arbitros-baloncesto","9":"tag-baloncesto","10":"tag-basket","11":"tag-basketball","12":"tag-basquet","13":"tag-canalfeb","14":"tag-clasificacion","15":"tag-copa-princesa","16":"tag-copa-principe","17":"tag-copa-reina","18":"tag-deportes","19":"tag-eba","20":"tag-entrenadores-baloncesto","21":"tag-es","22":"tag-espana","23":"tag-estadisticas","24":"tag-federacion-baloncesto","25":"tag-jornada-virtual","26":"tag-jugadores","27":"tag-laeb-plata","28":"tag-leb-oro","29":"tag-liga-espana","30":"tag-liga-espanola-baloncesto","31":"tag-liga-femenina","32":"tag-marcadores-baloncesto","33":"tag-rankings","34":"tag-reglas-baloncesto","35":"tag-seleccion-baloncesto","36":"tag-spain","37":"tag-sports","38":"tag-supercopa","39":"tag-television-baloncesto"},"share_on_mastodon":{"url":"https:\/\/pubeurope.com\/@es\/115841508574944537","error":""},"_links":{"self":[{"href":"https:\/\/www.europesays.com\/es\/wp-json\/wp\/v2\/posts\/323851","targetHints":{"allow":["GET"]}}],"collection":[{"href":"https:\/\/www.europesays.com\/es\/wp-json\/wp\/v2\/posts"}],"about":[{"href":"https:\/\/www.europesays.com\/es\/wp-json\/wp\/v2\/types\/post"}],"author":[{"embeddable":true,"href":"https:\/\/www.europesays.com\/es\/wp-json\/wp\/v2\/users\/2"}],"replies":[{"embeddable":true,"href":"https:\/\/www.europesays.com\/es\/wp-json\/wp\/v2\/comments?post=323851"}],"version-history":[{"count":0,"href":"https:\/\/www.europesays.com\/es\/wp-json\/wp\/v2\/posts\/323851\/revisions"}],"wp:featuredmedia":[{"embeddable":true,"href":"https:\/\/www.europesays.com\/es\/wp-json\/wp\/v2\/media\/323852"}],"wp:attachment":[{"href":"https:\/\/www.europesays.com\/es\/wp-json\/wp\/v2\/media?parent=323851"}],"wp:term":[{"taxonomy":"category","embeddable":true,"href":"https:\/\/www.europesays.com\/es\/wp-json\/wp\/v2\/categories?post=323851"},{"taxonomy":"post_tag","embeddable":true,"href":"https:\/\/www.europesays.com\/es\/wp-json\/wp\/v2\/tags?post=323851"}],"curies":[{"name":"wp","href":"https:\/\/api.w.org\/{rel}","templated":true}]}}