{"id":323857,"date":"2026-01-05T08:20:08","date_gmt":"2026-01-05T08:20:08","guid":{"rendered":"https:\/\/www.europesays.com\/es\/323857\/"},"modified":"2026-01-05T08:20:08","modified_gmt":"2026-01-05T08:20:08","slug":"de-la-plaza-de-abastos-a-la-catedral","status":"publish","type":"post","link":"https:\/\/www.europesays.com\/es\/323857\/","title":{"rendered":"de la plaza de abastos a la catedral"},"content":{"rendered":"<p>El arquitecto pontevedr\u00e9s <strong>Eloy Maquieira (1901-1944) marc\u00f3 el estilo<\/strong> que define <strong><a href=\"https:\/\/www.elprogreso.es\/blog\/section\/lugo\/\" rel=\"nofollow noopener\" target=\"_blank\">Lugo<\/a><\/strong> como ciudad moderna en sus 21 a\u00f1os dise\u00f1ando edificios. Santiago Catal\u00e1n acaba de publicar un libro notable y documentado en el que revisa y analiza las <strong>m\u00e1s de trescientas obras <\/strong>que dej\u00f3 en la ciudad, &#8216;Eloy Maquieira. A pegada do racionalismo en Lugo&#8217; (Tris Tram).\u00a0<\/p>\n<p><strong>\u00abMaquieira est\u00e1 de moda.<\/strong> He dado charlas sobre \u00e9l. Tiene tir\u00f3n. Es importante que sea conocido. Renov\u00f3 la arquitectura de Lugo e introdujo la vanguardia de Europa, todo lo que hizo es importante para la ciudad. Vayas a donde vayas en Lugo hay edificios de Maquieira, algunos influyentes y otros m\u00e1s modestos. <strong>Hizo muchos proyectos en el poco tiempo que tuvo.<\/strong> Podr\u00eda haber renovado m\u00e1s la ciudad si hubiese vivido m\u00e1s\u00bb.<\/p>\n<p>La plaza de abastos, la obra maestra de Maquieira<\/p>\n<p>Varios arquitectos de Lugo citan su <strong>plaza de abastos como la obra que les hubiese gustado hacer.<\/strong> Es un edificio racionalista que ejecuta un proyecto \u00a0suyo de 1936. Santiago Catal\u00e1n es uno de los arquitectos que elige esa obra. Escoge ese proyecto porque \u00abtiene un lenguaje que conozco; tambi\u00e9n me gusta el barroco, pero el lenguaje que conozco es el de ese edificio\u00bb.\u00a0\u00abEs sorprendente para su \u00e9poca, tiene una calidad est\u00e9tica importante y es valiente hacerlo en un entorno hist\u00f3rico. <strong>Logra que se adapte a ese entorno con sutileza\u00bb,<\/strong> considera el arquitecto madrile\u00f1o, quien valora que \u00abhace una arquitectura arriesgada, por el alero, los voladizos y el hormig\u00f3n\u00bb.<\/p>\n<p>\u00d3scar L\u00f3pez Alba incide en esa elecci\u00f3n: \u00abLa plaza de abastos <strong>muestra la capacidad de Maquieira para hacer\u00a0innovaci\u00f3n en los a\u00f1os 30.<\/strong> \u00a0Es una obra maestra. Su talento era descomunal. Tuvo la valent\u00eda de hacer ese edificio en la ciudad en ese momento, de hacer algo fuera de lo normal\u00bb.\u00a0Este profesional valora el trabajo de sus colegas y, adem\u00e1s de la plaza de abastos, designa otros dos como obras que le hubiese gustado hacer y que se corresponden a tres \u00e9pocas diferentes. <strong>Uno es el Pabell\u00f3n de Deportes (1964),<\/strong> de los hermanos Efr\u00e9n y Jos\u00e9 Luis Garc\u00eda Fern\u00e1ndez, y otro el <strong>edificio Seminario <\/strong>de la Praza de Breta\u00f1a (2021), del estudio ferrolano Aringal.<\/p>\n<p>\u00abEl Pabell\u00f3n es un edificio que genera un<strong> discurso atemporal<\/strong> y que define una entrada a la ciudad. La b\u00f3veda de hormig\u00f3n es ambiciosa, creo que es la que salva m\u00e1s luz \u2014distancia entre pilares\u2014 de su momento en Espa\u00f1a<strong>. Es un edificio con talento y con capacidad,<\/strong> que resulta discreto, bonito y atemporal\u00bb, reflexiona este profesional lucense. En cuanto al edificio Seminario, considera que<strong> \u00abes actual, tiene oficio y est\u00e1 muy bien hecho\u00bb.<\/strong>\u00a0\u00a0L\u00f3pez Alba valora que \u00abel Pabell\u00f3n de Deportes y el edificio Seminario son obras con oficio que yo firmar\u00eda, la plaza de abastos es una obra maestra\u00bb.<\/p>\n<p>Luisa Serrano (1964) opta por un coet\u00e1neo de Maquieira para su elecci\u00f3n del trabajo que hubiese querido proyectar. Cita \u00abel <strong>edificio de Antonio Tenreiro que hace esquina entre Quiroga Ballesteros y Bola\u00f1o Rivadeneira\u00bb.<\/strong> Es una construcci\u00f3n de 1934, caracterizada por su estilo racionalista y sus grandes ventanales.\u00a0\u00abTuve la ocasi\u00f3n de verlo antes de que fuese reformado y me encantaron las caracter\u00edsticas de la arquitectura, la carpinter\u00eda, las escayolas,\u2026 eran maravillosas.<strong> Es el Lugo de\u00a0Eloy Maquieira\u00bb.<\/strong><\/p>\n<p>Alberte Gonz\u00e1lez eliga la catedral<\/p>\n<p>Alberte Gonz\u00e1lez lanza un \u00f3rdago en su respuesta y cita el edificio de mayor trascendencia en la ciudad,<strong> tanto por historia como por peso social<\/strong>. \u00abElixo a catedral como edificio que me gustar\u00eda ter feito. Ser\u00eda imposible recibir unha encarga as\u00ed porque son 900 anos de construcci\u00f3n, por non falar xa da financiamento; pero elexir\u00eda a catedral porque o<strong> volume constru\u00eddo e os cartos investidos<\/strong> permiten facer algo importante na cidade\u00bb.<\/p>\n<p>En su visi\u00f3n, \u00abact\u00faa no casco vello como un<strong> elemento singular e ordenador.<\/strong> A\u00ednda hoxe conserva a presenza que tivo secularmente no &#8216;skyline&#8217; lucense\u00bb.<br \/>El tambi\u00e9n arquitecto lucense destaca algunos elementos, como la fachada principal, que fue ejecutada entre 1763 a 1772, bajo la direcci\u00f3n por Juli\u00e1n S\u00e1nchez Bort. \u00abPode parecer fr\u00eda; pero ten o seu encanto pola <strong>relaci\u00f3n co entorno<\/strong>, co espazo que ten diante e coa ca\u00edda cara ao r\u00edo\u00bb.<\/p>\n<p>No deja de alabar la visi\u00f3n de un antecesor profesional suyo, el arquitecto compostelano Fernando de Casas Novoa (1670-1749), sobre quien destaca que <strong>\u00abresolve moi ben a capela dos Ollos Grandes. <\/strong>Ten que facer unha xirola \u2014por detr\u00e1s do altar\u2014 para a peregrinaci\u00f3n interior sen molestar os oficios. El engade a s\u00faa obra a outra. Chama a atenci\u00f3n o ben que est\u00e1 integrada co volume da nave, sorprende o ben que o resolve a xerarquia de volume e tam\u00e9n una necesidade que singulariza como capela e tr\u00e1fico de peregrinos e relaciona de modo xer\u00e1rquico.<strong>\u00a0Non ten un protagonismo excesivo<\/strong> e forma parte dun todo coa s\u00faa singularidade\u00bb.<\/p>\n<p>Los expertos piden que se concrete un modelo de ciudad<\/p>\n<p>La arquitecta Luisa Serrano\u00a0considera que \u00ab<strong>el urbanismo de Lugo esta perdiendo grandes oportunidades<\/strong> porque no hay un proyecto claro de lo que queremos que sea Lugo dentro de 50 a\u00f1os\u00bb. Es una percepci\u00f3n compartida por los colegas a los que se ha consultado. La concreta Alberte Gonz\u00e1lez: \u00abFalta unha idea de cidade. \u00c9 importante tela. <strong>Os tres partidos m\u00e1is importantes de Lugo non a manifestaron\u00bb.<\/strong><\/p>\n<p>Serrano expresa un temor.<strong> \u00abLa sensaci\u00f3n es la misma que en los a\u00f1os 60<\/strong>, cuando se construy\u00f3 como se construy\u00f3 despu\u00e9s, en los a\u00f1os 70, 80 y 90&#8243;. En su opini\u00f3n, \u00abfue cuando perdimos oportunidades de ter una ciudad m\u00e1s amable y humana. No veo proyecto de ciudad y deber\u00edamos tenerlo\u00bb.<\/p>\n<p>Para Alberte Gonz\u00e1lez, <strong>\u00abo urbanismo de Lugo \u00e9 timorato, <\/strong>\u00e9 de sa\u00edr ao paso sen idea clara de cidade\u00bb. Este experto pide acompa\u00f1ar \u00abo esforzo polo que se conseguiron cousas, como Edusi ou a Axenda Urbana. <strong>Abriron cami\u00f1os, pero de pouco percorrido\u00bb.<\/strong><\/p>\n<p>La reflexi\u00f3n de \u00d3scar L\u00f3pez Alba sobre el urbanismo es que tiene posibilidades de mejora. \u00abEn el casco hist\u00f3rico<strong> faltan \u00e1rboles y sobran farolas<\/strong>, sobran piedras y faltan superficies suaves. <strong>La ciudad est\u00e1 m\u00e1s despejada<\/strong>, es un urbanismo correcto; pero Lugo merece m\u00e1s que la correcci\u00f3n. No hay mimo en la iluminaci\u00f3n, en los \u00e1rboles, \u00a0en los encuentros. Es agradable de circular. Se ganar\u00eda mucho abriendo huecos para plantar \u00e1rboles, para dulcificar el espacio\u00bb, considera.<\/p>\n<p>El an\u00e1lisis de Santiago Catal\u00e1n es m\u00e1s recio. \u00abPara hacer la peatonalizaci\u00f3n <strong>se han destrozado calles<\/strong>, nunca he estado de acuerdo con ella. Pero ahora que ya est\u00e1 hecha vamos a disfrutarla.<strong> Se han quitado zonas verdes.<\/strong> Los coches van a seguir rompiendo el pavimento porque no est\u00e1 preparado\u00bb.<\/p>\n<p>Urbanizar la zona entre el Colegio M\u00e9dico y O Carmen<\/p>\n<p>El arquitecto madrile\u00f1o, asentado en Lugo hace d\u00e9cadas, quiere hacer una aportaci\u00f3n a partir de su s\u00f3lida experiencia. \u00abHay oportunidades y debe haber prioridades\u00bb. Propone \u00ab<strong>urbanizar la zona entre el Colegio M\u00e9dico y O Carmen<\/strong>, que es una zona preciosa, lo que resolver\u00eda ese espacio que baja al r\u00edo\u00bb.\u00a0<br \/>Se\u00f1ala \u00abdetalles tristes\u00bb como el Carril dos Fornos, que sirve de conexi\u00f3n entre la r\u00faas Nova y Montevideo, que \u00ablleva treinta a\u00f1os igual de abandonado por ah\u00ed va mucha gente a la muralla, deber\u00eda peatonalizarse\u00bb.<\/p>\n<p>Santiago Catal\u00e1n cita el proyecto Novo Norte \u00abcomo una<strong> oportunidad para urbanizar la Avenida da Coru\u00f1a\u00bb<\/strong>. Adem\u00e1s, solicita que se retome el proyecto para resolver la estaci\u00f3n de autobuses porque observa que se debaten nuevas ideas.<\/p>\n<p lang=\"gl-ES\" align=\"justify\">\u00a0<\/p>\n","protected":false},"excerpt":{"rendered":"El arquitecto pontevedr\u00e9s Eloy Maquieira (1901-1944) marc\u00f3 el estilo que define Lugo como ciudad moderna en sus 21&hellip;\n","protected":false},"author":2,"featured_media":323858,"comment_status":"","ping_status":"","sticky":false,"template":"","format":"standard","meta":{"footnotes":""},"categories":[173],"tags":[801,229,233,231,230,232,234,146,147,25,24,7318,23],"class_list":{"0":"post-323857","1":"post","2":"type-post","3":"status-publish","4":"format-standard","5":"has-post-thumbnail","7":"category-arte-y-diseno","8":"tag-arquitectura","9":"tag-arte","10":"tag-arte-y-diseno","11":"tag-arts","12":"tag-arts-and-design","13":"tag-design","14":"tag-diseno","15":"tag-entertainment","16":"tag-entretenimiento","17":"tag-es","18":"tag-espana","19":"tag-lugo","20":"tag-spain"},"share_on_mastodon":{"url":"https:\/\/pubeurope.com\/@es\/115841520298543807","error":""},"_links":{"self":[{"href":"https:\/\/www.europesays.com\/es\/wp-json\/wp\/v2\/posts\/323857","targetHints":{"allow":["GET"]}}],"collection":[{"href":"https:\/\/www.europesays.com\/es\/wp-json\/wp\/v2\/posts"}],"about":[{"href":"https:\/\/www.europesays.com\/es\/wp-json\/wp\/v2\/types\/post"}],"author":[{"embeddable":true,"href":"https:\/\/www.europesays.com\/es\/wp-json\/wp\/v2\/users\/2"}],"replies":[{"embeddable":true,"href":"https:\/\/www.europesays.com\/es\/wp-json\/wp\/v2\/comments?post=323857"}],"version-history":[{"count":0,"href":"https:\/\/www.europesays.com\/es\/wp-json\/wp\/v2\/posts\/323857\/revisions"}],"wp:featuredmedia":[{"embeddable":true,"href":"https:\/\/www.europesays.com\/es\/wp-json\/wp\/v2\/media\/323858"}],"wp:attachment":[{"href":"https:\/\/www.europesays.com\/es\/wp-json\/wp\/v2\/media?parent=323857"}],"wp:term":[{"taxonomy":"category","embeddable":true,"href":"https:\/\/www.europesays.com\/es\/wp-json\/wp\/v2\/categories?post=323857"},{"taxonomy":"post_tag","embeddable":true,"href":"https:\/\/www.europesays.com\/es\/wp-json\/wp\/v2\/tags?post=323857"}],"curies":[{"name":"wp","href":"https:\/\/api.w.org\/{rel}","templated":true}]}}