{"id":323861,"date":"2026-01-05T08:23:07","date_gmt":"2026-01-05T08:23:07","guid":{"rendered":"https:\/\/www.europesays.com\/es\/323861\/"},"modified":"2026-01-05T08:23:07","modified_gmt":"2026-01-05T08:23:07","slug":"si-me-gritas-hare-justo-lo-contrario","status":"publish","type":"post","link":"https:\/\/www.europesays.com\/es\/323861\/","title":{"rendered":"Si me gritas har\u00e9 justo lo contrario"},"content":{"rendered":"<p class=\"c-paragraph\">Miley Cyrus tuvo un encontronazo con un fot\u00f3grafo\u00a0<b>\u00a0en la alfombra roja de los Palm Springs International Film Awards (California)<\/b>, momento que se ha hecho viral a trav\u00e9s de las redes sociales.<\/p>\n<p class=\"c-paragraph\">El fot\u00f3grafo pidi\u00f3 en voz muy alta a la actriz y cantante, que iba vestida de negro con su melena rubia suelta, que se apartara las gafas de sol que se hab\u00eda puesto para la sesi\u00f3n. Cyrus hizo entonces justamente lo contrario: no se las quit\u00f3. No contenta con desafiar al fot\u00f3grafo, se acerc\u00f3 a \u00e9l y le dijo: \u00ab<b>Si me gritas, har\u00e9 lo contrario de lo que me pides\u00bb.<\/b><\/p>\n<p class=\"c-paragraph\">La int\u00e9rprete de temas tan mundialmente conocidos como Wrecking Ball, Flowers y\u00a0We Can\u2019t Stop finalmente volvi\u00f3 al photocall, super\u00f3 el enfado y<b> opt\u00f3 por apartar las gafas y dejarse retratar tal y como le hab\u00edan pedido.<\/b><\/p>\n<p class=\"c-paragraph\">Muchos usuarios de las redes reaccionaron al momento\u00a0con algunos comentarios como\u00a0&#8216;Fueron muy groseros con ella&#8217;, &#8216;Va guap\u00edsima y el fot\u00f3grafo empa\u00f1\u00f3 el momento&#8217;, &#8216;Me tiene llorando&#8217;,<b> &#8216;No se merece ese trato&#8217;&#8230; todos de apoyo a la cantante, que tiene 33 a\u00f1os.<\/b><\/p>\n<p class=\"c-paragraph\"><b>Miley Cyrus es una de las cantantes m\u00e1s destacadas<\/b>\u00a0\u00a0gracias a su conocida trayectoria, repleta de \u00e9xitos y tambi\u00e9n de momentos personales que han sido seguidos por millones de personas.<\/p>\n<p class=\"c-paragraph\">La ceremonia de los Palm Spring Awards re\u00fane a todas las celebridades de ambas industrias,\u00a0es un evento\u00a0similar al de los Oscar, <b>pero con un ambiente m\u00e1s distendido.<\/b><\/p>\n","protected":false},"excerpt":{"rendered":"Miley Cyrus tuvo un encontronazo con un fot\u00f3grafo\u00a0\u00a0en la alfombra roja de los Palm Springs International Film Awards&hellip;\n","protected":false},"author":2,"featured_media":323862,"comment_status":"","ping_status":"","sticky":false,"template":"","format":"standard","meta":{"footnotes":""},"categories":[170],"tags":[25386,146,147,25,24,6638,25385,184,185,1259,23,16743],"class_list":{"0":"post-323861","1":"post","2":"type-post","3":"status-publish","4":"format-standard","5":"has-post-thumbnail","7":"category-musica","8":"tag-cyrus","9":"tag-entertainment","10":"tag-entretenimiento","11":"tag-es","12":"tag-espana","13":"tag-fotografo","14":"tag-miley","15":"tag-music","16":"tag-musica","17":"tag-responde","18":"tag-spain","19":"tag-un"},"share_on_mastodon":{"url":"https:\/\/pubeurope.com\/@es\/115841532438538102","error":""},"_links":{"self":[{"href":"https:\/\/www.europesays.com\/es\/wp-json\/wp\/v2\/posts\/323861","targetHints":{"allow":["GET"]}}],"collection":[{"href":"https:\/\/www.europesays.com\/es\/wp-json\/wp\/v2\/posts"}],"about":[{"href":"https:\/\/www.europesays.com\/es\/wp-json\/wp\/v2\/types\/post"}],"author":[{"embeddable":true,"href":"https:\/\/www.europesays.com\/es\/wp-json\/wp\/v2\/users\/2"}],"replies":[{"embeddable":true,"href":"https:\/\/www.europesays.com\/es\/wp-json\/wp\/v2\/comments?post=323861"}],"version-history":[{"count":0,"href":"https:\/\/www.europesays.com\/es\/wp-json\/wp\/v2\/posts\/323861\/revisions"}],"wp:featuredmedia":[{"embeddable":true,"href":"https:\/\/www.europesays.com\/es\/wp-json\/wp\/v2\/media\/323862"}],"wp:attachment":[{"href":"https:\/\/www.europesays.com\/es\/wp-json\/wp\/v2\/media?parent=323861"}],"wp:term":[{"taxonomy":"category","embeddable":true,"href":"https:\/\/www.europesays.com\/es\/wp-json\/wp\/v2\/categories?post=323861"},{"taxonomy":"post_tag","embeddable":true,"href":"https:\/\/www.europesays.com\/es\/wp-json\/wp\/v2\/tags?post=323861"}],"curies":[{"name":"wp","href":"https:\/\/api.w.org\/{rel}","templated":true}]}}