{"id":323865,"date":"2026-01-05T08:25:49","date_gmt":"2026-01-05T08:25:49","guid":{"rendered":"https:\/\/www.europesays.com\/es\/323865\/"},"modified":"2026-01-05T08:25:49","modified_gmt":"2026-01-05T08:25:49","slug":"falta-efectividad-para-revertir-situaciones","status":"publish","type":"post","link":"https:\/\/www.europesays.com\/es\/323865\/","title":{"rendered":"\u00abFalta efectividad para revertir situaciones\u00bb"},"content":{"rendered":"<p style=\"\">El <strong>Sevilla FC<\/strong><a href=\"https:\/\/www.abc.es\/deportes\/orgullodenervion\/noticias-sevilla-fc\/sevilla-levante-20260104093404-nts.html\" target=\"_self\" data-voc-vtm-id=\"in-text-traffic\" title=\"cay\u00f3 estrepitosamente ante el Levante\" data-mrf-link=\"www.abc.es\" rel=\"nofollow noopener\">cay\u00f3 estrepitosamente ante el Levante<\/a> en el S\u00e1nchez-Pizju\u00e1n (0-3). Un partido con el que los blanquirrojos arrancaron el a\u00f1o 2026 y que tuvo un poco de todo para que los \u00e1nimos est\u00e9n por los suelos. Un partido que <strong>Mat\u00edas <\/strong> &#8230; <strong>Almeyda<\/strong> lo vio desde el vestuario, puesto que tuvo que cumplir la sanci\u00f3n por la expulsi\u00f3n que sufri\u00f3 en el Bernab\u00e9u la pasada jornada. <\/p>\n<p class=\"voc-p\" style=\"\">El t\u00e9cnico argentino analiz\u00f3 el juego de su equipo tras el encuentro y puso en valor la mejor\u00eda de sus hombres durante el arranque de la segunda mitad: \u00abEstando afuera, el partido se ve desde otra \u00f3ptica. Lo arrancamos, no como la otra vez, pero a medida que pasaron los minutos empezamos a jugar parecido. Ellos sorprenden con una acci\u00f3n que no la concretan y, ah\u00ed, empezamos a mejorar. Con tenencia y juego, pero apresurados e indecisos. Tambi\u00e9n con las ganas que necesitamos tener, pero sin la agresividad en la presi\u00f3n que busc\u00e1bamos. El rival no nos hac\u00eda da\u00f1o y tuvimos nuestras posibilidades. Luego, mucho juego fuera del \u00e1rea donde nos faltaba un poquito m\u00e1s de precisi\u00f3n para encontrar un tiro. En la finalizaci\u00f3n del primer tiempo abren el marcador cuando el partido tendr\u00eda que estar cerrado.<strong> En el segundo tiempo mejoramos,<\/strong> yendo arriba y provocando acciones por medio de centros, aunque no tenemos muchos jugadores a\u00e9reos\u00bb. <\/p>\n<p class=\"voc-p\" style=\"\">De hecho, Almeyda dej\u00f3 claro cu\u00e1les son las carencias de su equipo: \u00abNos <strong>falt\u00f3 mucha efectividad<\/strong>; ni de penalti pudimos concretar. Ellos, por c\u00f3mo estaban plantados en el y con el cambio de sistema, sucedieron esos dos goles que se pod\u00edan haber evitado. Me quedo con algo parecido al partido pasado, que es la falta de efectividad. Si te falta efectividad, te falta todo en el f\u00fatbol. El partido se hizo raro\u00bb.<\/p>\n<p class=\"voc-title\">\u00abAlexis es el encargado y lo habr\u00e1n decidido entre \u00e9l e Isaac; siempre digo que quien patea tiene ganas\u00bb<\/p>\n<p class=\"voc-p\" style=\"\">Respecto al <strong>penalti errado de Isaac Romero<\/strong>, Almeyda indic\u00f3 que es Alexis el encargado de este asunto: \u00abHemos tenido pocos penaltis a lo largo del torneo. Uno contra el Barcelona, que lo pate\u00f3 Alexis. Ellos son los que definen. Alexis es el encargado y lo habr\u00e1n decidido entre \u00e9l e Isaac. Siempre digo que quien patea tiene ganas. Se vio tambi\u00e9n la virtud del portero, que incluso el rechace lo ataj\u00f3\u00bb.<\/p>\n<p class=\"voc-p\" style=\"\">Tambi\u00e9n se refiri\u00f3 a los problemas con los que cuentan en ambas \u00e1reas: \u00abSi vemos el partido, <strong>ellos llegaron cinco veces y nos hicieron tres goles<\/strong>. No hay acciones para analizar que es un problema de atr\u00e1s porque hubo pocas acciones. En el segundo gol s\u00ed creo que los regresos no son buenos, sino m\u00e1s lentos de lo habitual. Tenemos que pensar en mejorar constantemente todo. Hablamos siempre de buscar una regularidad, que es lo que m\u00e1s cuesta en el f\u00fatbol. S\u00ed creo que hay una cuesti\u00f3n de definici\u00f3n, falta efectividad\u00ab.<\/p>\n<p class=\"voc-p\" style=\"\">Aunque hace unos d\u00edas ya disip\u00f3 la idea de dimitir, Almeyda volvi\u00f3 a insistir en que conoce perfectamente la realidad del club: \u00abNada m\u00e1s llegu\u00e9 a este lugar dije que el Sevilla iba a tener que competir hasta el \u00faltimo segundo del torneo. Estoy firme con el pensamiento, con lo que veo cada d\u00eda y en cada partido. Va a ser as\u00ed. Tenemos que ser fuertes y estar preparados para esta lucha. Un d\u00eda juegas bien, otro d\u00eda mereces, otro no&#8230; <strong>Esta es la inestabilidad que tiene desde hace un tiempo ese equipo.<\/strong> Esta es la realidad; la estoy viendo. El partido me deja un sabor amargo porque la ilusi\u00f3n era arrancar el a\u00f1o ganando en nuestra casa\u00ab.<\/p>\n<p class=\"voc-p\" style=\"\">Tambi\u00e9n fue cuestionado por el mercado de invierno, pero se limit\u00f3 a recordar a los problemas econ\u00f3micos con los que cuenta el <strong>Sevilla FC<\/strong>: \u00abYa sabemos de la parte econ\u00f3mica del club. Dejo a la gente trabajar. No pongo excusas, estoy esperando a los dos jugadores que est\u00e1n en \u00c1frica. Si el equipo se puede mejorar, siempre ser\u00e1 un beneficio. Pero si no se puede, no es excusa\u00bb.<\/p>\n<p class=\"voc-p\" style=\"\">Por \u00faltimo, Almeyda habl\u00f3 de su decisi\u00f3n de cambiar a <strong>Peque por Januzaj<\/strong> en el descanso: \u00abBuscaba abrir el juego y llegar a\u00fan m\u00e1s. El rival estaba plantado de una manera y en el segundo tiempo, con dos extremos y dos laterales, llegamos m\u00e1s. A Peque lo vi cansado, la semana pasada estuvo con un problema respiratorio y me dijo que no pod\u00eda m\u00e1s. Despu\u00e9s, esperamos un tiempo para meter a Isaac, que era el mejor cambio ofensivo que ten\u00edamos\u00bb.<\/p>\n","protected":false},"excerpt":{"rendered":"El Sevilla FCcay\u00f3 estrepitosamente ante el Levante en el S\u00e1nchez-Pizju\u00e1n (0-3). Un partido con el que los blanquirrojos&hellip;\n","protected":false},"author":2,"featured_media":323866,"comment_status":"","ping_status":"","sticky":false,"template":"","format":"standard","meta":{"footnotes":""},"categories":[93],"tags":[1364,5030,168,32829,25,24,1998,34,54640,7180,23,167],"class_list":{"0":"post-323865","1":"post","2":"type-post","3":"status-publish","4":"format-standard","5":"has-post-thumbnail","7":"category-deportes","8":"tag-almeyda","9":"tag-delantero","10":"tag-deportes","11":"tag-efectividad","12":"tag-es","13":"tag-espana","14":"tag-falta","15":"tag-pide","16":"tag-revertir","17":"tag-situaciones","18":"tag-spain","19":"tag-sports"},"share_on_mastodon":{"url":"https:\/\/pubeurope.com\/@es\/115841543975538515","error":""},"_links":{"self":[{"href":"https:\/\/www.europesays.com\/es\/wp-json\/wp\/v2\/posts\/323865","targetHints":{"allow":["GET"]}}],"collection":[{"href":"https:\/\/www.europesays.com\/es\/wp-json\/wp\/v2\/posts"}],"about":[{"href":"https:\/\/www.europesays.com\/es\/wp-json\/wp\/v2\/types\/post"}],"author":[{"embeddable":true,"href":"https:\/\/www.europesays.com\/es\/wp-json\/wp\/v2\/users\/2"}],"replies":[{"embeddable":true,"href":"https:\/\/www.europesays.com\/es\/wp-json\/wp\/v2\/comments?post=323865"}],"version-history":[{"count":0,"href":"https:\/\/www.europesays.com\/es\/wp-json\/wp\/v2\/posts\/323865\/revisions"}],"wp:featuredmedia":[{"embeddable":true,"href":"https:\/\/www.europesays.com\/es\/wp-json\/wp\/v2\/media\/323866"}],"wp:attachment":[{"href":"https:\/\/www.europesays.com\/es\/wp-json\/wp\/v2\/media?parent=323865"}],"wp:term":[{"taxonomy":"category","embeddable":true,"href":"https:\/\/www.europesays.com\/es\/wp-json\/wp\/v2\/categories?post=323865"},{"taxonomy":"post_tag","embeddable":true,"href":"https:\/\/www.europesays.com\/es\/wp-json\/wp\/v2\/tags?post=323865"}],"curies":[{"name":"wp","href":"https:\/\/api.w.org\/{rel}","templated":true}]}}