{"id":323885,"date":"2026-01-05T08:41:09","date_gmt":"2026-01-05T08:41:09","guid":{"rendered":"https:\/\/www.europesays.com\/es\/323885\/"},"modified":"2026-01-05T08:41:09","modified_gmt":"2026-01-05T08:41:09","slug":"una-buena-real-se-deja-otros-dos-puntos","status":"publish","type":"post","link":"https:\/\/www.europesays.com\/es\/323885\/","title":{"rendered":"Una buena Real se deja otros dos puntos"},"content":{"rendered":"<p>\n        El <strong>pesimismo <\/strong>era latente en las horas previas al encuentro.<strong> Sin <\/strong><a href=\"https:\/\/www.noticiasdegipuzkoa.eus\/tags\/zubeldia\/\" title=\"Zubeldia\" target=\"_blank\" class=\"link copy\" rel=\"nofollow noopener\"><strong>Zubeldia<\/strong><\/a><strong> ni Gorrotxategi<\/strong>, sancionados, ni por supuesto el tal Herrera, con unos resultados inquietantes en la zona de abajo y con un candidato al t\u00edtulo enfrente, ni el estreno del nuevo entrenador presagiaba nada bueno. Pero el aficionado tiene mala memoria cuando las cosas se tuercen y el equipo no est\u00e1 a la altura de lo esperado.\n<\/p>\n<p class=\"article-body__text \">\n        Al Atl\u00e9tico, que se le ha dado horrible hist\u00f3ricamente visitar Donostia por mucho nivel que tenga ahora, le han derrotado plantillas de la Real muy inferiores a la actual. Y esto era Anoeta en el estreno del a\u00f1o, con el habitual y l\u00f3gico impulso que suele proyectar el relevo en el banquillo.<strong> Los blanquiazules demostraron que siguen siendo un conjunto de nivel, que puede competir contra cualquiera si se inspiran, pero que arrastra unas lagunas que le siguen costando puntos.<\/strong>\n<\/p>\n<p>  <strong>Las Notas de Mikel Recalde<\/strong><\/p>\n<p>    <a href=\"https:\/\/www.noticiasdegipuzkoa.eus\/reala\/2026\/01\/04\/real-atletico-madrid-notas-mikel-recalde-10532556.html\" rel=\"nofollow noopener\" target=\"_blank\"><\/p>\n<p>    <img loading=\"lazy\" decoding=\"async\" class=\"lazy-place\" src=\"data:image\/svg+xml,%3Csvg xmlns=&quot;http:\/\/www.w3.org\/2000\/svg&quot; viewBox=&quot;0 0 880 495&quot;%3E%3C\/svg%3E\" height=\"495\" width=\"880\" alt=\"\" style=\"width:100%; height:auto; max-width:100%;\"\/><\/p>\n<p>    <\/a><\/p>\n<p>    <a href=\"https:\/\/www.noticiasdegipuzkoa.eus\/reala\/2026\/01\/04\/real-atletico-madrid-notas-mikel-recalde-10532556.html\" class=\"article-photo__multimedia\" rel=\"nofollow noopener\" target=\"_blank\"><\/p>\n<p>        19<br \/>\n    <\/a><\/p>\n<p class=\"article-photo__footer\">\n        Las notas de Mikel Recalde: Otro gol de Guedes en un buen estreno de Matarazzo<br \/>\n                    Mikel Recalde\n            <\/p>\n<p class=\"article-body__text \">\n        La m\u00e1s importante y primordial, que cuando es superior, genera ocasiones y merece ponerse por delante le cuesta plasmarlo en el marcador, y que cuando baja la guardia, se le ven las costuras y florecen las grietas que le condenan a estar mirando continuamente por el retrovisor, lo paga muy caro. <strong>En cinco minutos de despiste, casi se queda sin opci\u00f3n de puntuar<\/strong> despu\u00e9s de haber sido superior en la primera parte, pero, tras el sofoc\u00f3n, reaccion\u00f3, algo que ha hecho en varias ocasiones esta campa\u00f1a, <strong>empat\u00f3 y volvi\u00f3 a estar muy cerca de llevarse de forma merecida los tres puntos.<\/strong> Una pena, porque en una situaci\u00f3n as\u00ed, lo \u00fanico que valen son los puntos y el que sum\u00f3 este domingo se qued\u00f3 muy corto.\n<\/p>\n<p class=\"article-body__text \">\n        <strong>Complicado descifrar la influencia y la mano de Matarazzo<\/strong> con las bajas que ten\u00eda y con un visitante de los grandes ante los que suelen costar evaluar con certeza el diagn\u00f3stico concreto del equipo, pero al menos se pudo destacar que apost\u00f3 por un<strong> 4-4-2<\/strong> y que adelant\u00f3 a Brais y que recuper\u00f3 para la causa a un Turrientes, que complet\u00f3 un gran encuentro.<strong> De los de arriba, todos los esper\u00e1bamos porque son muy buenos<\/strong>, pero el canterano volvi\u00f3 a la vida despu\u00e9s de muchos encuentros sin asomar la cabeza. Demasiados para el nivel que demostr\u00f3 esre domingo.\n<\/p>\n<p class=\"article-body__text \">\n        La factura ante el Atl\u00e9tico la pag\u00f3 la falta de gol de un plantel que echa de menos un refuerzo para plasmar su superioridad cuando es mejor que su contrincante por muy Atl\u00e9tico que sea.<strong> La gente disfrut\u00f3, sufri\u00f3, sinti\u00f3 y se enganch\u00f3<\/strong>, pero la mejor demostraci\u00f3n de que lo \u00fanico que importaba era el triunfo se comprob\u00f3 al t\u00e9rmino de <strong>un encuentro arbitrado de forma miserable<\/strong> por un colegiado al que ya le tenemos muy conocido y que siempre barre para el m\u00e1s grande, cuando una grada congelads abandon\u00f3 sin aplaudir como se merec\u00edan a unos jugadores que s\u00ed estuvieron a la altura de su escudo.\n<\/p>\n<p>  Sin grandes novedades <\/p>\n<p class=\"article-body__text \">\n        <a href=\"https:\/\/www.noticiasdegipuzkoa.eus\/tags\/pellegrino-matarazzo\/\" title=\"Matarazzo\" target=\"_blank\" class=\"link copy\" rel=\"nofollow noopener\">Matarazzo<\/a> apost\u00f3 por un once muy reconocible. El mismo que hubiera sacado Sergio Francisco, con una novedad evidente, que dispuso un 4-4-2, con Brais adelantado a la misma altura de Oyarzabal. <strong>La Real no complet\u00f3 una mala primera parte ante un equipo de enjundia como el Atl\u00e9tico<\/strong>, aunque la mayor\u00eda de las ocasiones llegaron tras recuperaciones en posiciones adelantadas, m\u00e1s que por elaboraci\u00f3n, que quiz\u00e1 era lo que m\u00e1s esper\u00e1bamos con un nuevo entrenador.\u00a0\n<\/p>\n<p>    <a href=\"https:\/\/www.noticiasdegipuzkoa.eus\/reala\/2026\/01\/04\/mejores-imagenes-real-atletico-madrid-10539552.html\" rel=\"nofollow noopener\" target=\"_blank\"><\/p>\n<p>    <img loading=\"lazy\" decoding=\"async\" class=\"lazy-place\" src=\"data:image\/svg+xml,%3Csvg xmlns=&quot;http:\/\/www.w3.org\/2000\/svg&quot; viewBox=&quot;0 0 880 495&quot;%3E%3C\/svg%3E\" height=\"495\" width=\"880\" alt=\"\" style=\"width:100%; height:auto; max-width:100%;\"\/><\/p>\n<p>    <\/a><\/p>\n<p>    <a href=\"https:\/\/www.noticiasdegipuzkoa.eus\/reala\/2026\/01\/04\/mejores-imagenes-real-atletico-madrid-10539552.html\" class=\"article-photo__multimedia\" rel=\"nofollow noopener\" target=\"_blank\"><\/p>\n<p>        12<br \/>\n    <\/a><\/p>\n<p class=\"article-photo__footer\">\n        Las mejores im\u00e1genes del Real &#8211; Atl\u00e9tico de Madrid (1-1)<br \/>\n                    Ruben Plaza\n            <\/p>\n<p class=\"article-body__text \">\n        <strong>Lo mejor y lo m\u00e1s importante es que los realistas compitieron ante un candidato a ganar la Liga que por momentos dej\u00f3 detalles de su calidad superior.<\/strong> A los cinco minutos, tras una buena recuperaci\u00f3n de Aramburu, Brais busc\u00f3 a Oyarzabal y este, con Guedes completamente solo, opt\u00f3 por un lanzamiento que se march\u00f3 rozando el palo. El Atl\u00e9tico reaccion\u00f3 bien y Julian \u00c1lvarez, un delantero de talla mundial, estuvo cerca de adelantar a los suyos en dos ocasiones. Brais, tambi\u00e9n a pase de Oyarzabal, se top\u00f3 con Oblak a los quince minutos.\n<\/p>\n<p class=\"article-body__text \">\n        Despu\u00e9s de esa oportunidad, una persona fue atendida en la grada, lo que enfri\u00f3 el ambiente y el partido. Hubo que esperar hasta los 36 minutos para volver a encontrar una nueva ocasi\u00f3n de Oyarzabal, tras un jugad\u00f3n de Kubo, que desvi\u00f3 un zaguero a c\u00f3rner cuando la grada ya cantaba el gol.<strong> El capit\u00e1n volvi\u00f3 a toparse con el esloveno despu\u00e9s de un disparo de Guedes que desvi\u00f3 con el tac\u00f3n.<\/strong> En el descuento, una falta de Soler la remat\u00f3 a la red S\u00f8rloth, aunque Brais, en claro fuera de juego, le molestara. Un error del gallego, que no ganaba nada con esa posici\u00f3n. Eso s\u00ed, <strong>el colegiado, al que le conocemos muy bien por estos lares, amonest\u00f3 a Caleta-Car mientras Koke no dejaba de comerle la oreja<\/strong> con una permisividad que rallaba el esc\u00e1ndalo. Nada nuevo bajo el sol.\u00a0\n<\/p>\n<p>  \u00bfQui\u00e9n ha sido el mejor de la Real?<\/p>\n<ul>\n<li class=\"bbnx-poll-item\">\n<p>1<\/p>\n<\/li>\n<li class=\"bbnx-poll-item\">\n<p>5<\/p>\n<\/li>\n<li class=\"bbnx-poll-item\">\n<p>2<\/p>\n<\/li>\n<li class=\"bbnx-poll-item\">\n<p>1<\/p>\n<\/li>\n<li class=\"bbnx-poll-item\">\n<p>7<\/p>\n<\/li>\n<li class=\"bbnx-poll-item\">\n<p>168<\/p>\n<\/li>\n<li class=\"bbnx-poll-item\">\n<p>2<\/p>\n<\/li>\n<li class=\"bbnx-poll-item\">\n<p>1<\/p>\n<\/li>\n<li class=\"bbnx-poll-item\">\n<p>23<\/p>\n<\/li>\n<li class=\"bbnx-poll-item\">\n<p>3<\/p>\n<\/li>\n<li class=\"bbnx-poll-item\">\n<p>1<\/p>\n<\/li>\n<li class=\"bbnx-poll-item\">\n<p>2<\/p>\n<\/li>\n<li class=\"bbnx-poll-item\">\n<p>11<\/p>\n<\/li>\n<li class=\"bbnx-poll-item\">\n<p>183<\/p>\n<\/li>\n<li class=\"bbnx-poll-item\">\n<p>55<\/p>\n<\/li>\n<\/ul>\n<p>        Votar<\/p>\n<p class=\"article-body__text \">\n        En resumen, una Real superior que no consigui\u00f3 ponerse por delante en el marcador, algo que todos sabemos que resulta bastante inquietante. O peligroso. Dada la situaci\u00f3n y la trayectoria del equipo. Y que enfrente estaba todo un Atl\u00e9tico, obvio, que en alg\u00fan momento iba a despertar.\n<\/p>\n<p class=\"article-body__text \">\n        En la reanudaci\u00f3n, tras un disparo de Guedes que atrap\u00f3 Oblak, y en una jugada suelta, lleg\u00f3 el gol del Atl\u00e9tico en una acci\u00f3n en la que Sergio volvi\u00f3 a evidenciar que no es lateral. Giuliano Simeone le rompi\u00f3 y su centro lo cabece\u00f3 el de siempre, Sorloth, que no hab\u00eda rascado bola hasta entonces. Pocos minutos despu\u00e9s, Gallagher no sentenci\u00f3 el duelo de milagro y la Real reaccion\u00f3 gracias a la calidad de su ataque. <strong>Brais encontr\u00f3 en largo a Kubo y su centro lo convirti\u00f3 en el empate <\/strong><a href=\"https:\/\/www.noticiasdegipuzkoa.eus\/tags\/goncalo-guedes\/\" title=\"Guedes\" target=\"_blank\" class=\"link copy\" rel=\"nofollow noopener\"><strong>Guedes<\/strong><\/a><strong>. El luso no falla.\u00a0<\/strong>\n<\/p>\n<p class=\"article-body__text \">\n        A partir de ah\u00ed la Real intensific\u00f3 su ataque, pero Turrientes y Kubo, en dos ocasiones, se toparon con uno de los mejores porteros del planeta. <strong>Remiro salv\u00f3 el enorme susto de Griezmann<\/strong> y, en el \u00faltimo suspiro, Soler no marc\u00f3 el segundo por mil\u00edmetros. Una pena, la Real lo merec\u00eda.\n<\/p>\n<p class=\"article-body__text \">\n        Empate. Sufrido, sudado e inmerecido, porque era un partido para ganar, pero la Real demostr\u00f3 que est\u00e1 viva. Cogi\u00f3 aire como el que sale para respirar de aguas heladas cuando se siente condenado a la muerte. <strong>Ser\u00e1 a partir del viernes cuando habr\u00e1 que calibrar el plan de Matarazzo y si de verdad este equipo va a ser distinto a lo que hemos visto hasta la fecha.<\/strong> Desde luego, este domingo la Real pareci\u00f3 un aspirante a Europa m\u00e1s que un candidato al descenso. Y eso es una gran noticia. Seguimos\u2026 Esto es muy largo.<\/p>\n","protected":false},"excerpt":{"rendered":"El pesimismo era latente en las horas previas al encuentro. Sin Zubeldia ni Gorrotxategi, sancionados, ni por supuesto&hellip;\n","protected":false},"author":2,"featured_media":323886,"comment_status":"","ping_status":"","sticky":false,"template":"","format":"standard","meta":{"footnotes":""},"categories":[268],"tags":[2136,51,168,25,24,280,282,6417,798,281,23,167],"class_list":{"0":"post-323885","1":"post","2":"type-post","3":"status-publish","4":"format-standard","5":"has-post-thumbnail","7":"category-futbol","8":"tag-buena","9":"tag-deja","10":"tag-deportes","11":"tag-es","12":"tag-espana","13":"tag-football","14":"tag-futbol","15":"tag-puntos","16":"tag-real","17":"tag-soccer","18":"tag-spain","19":"tag-sports"},"share_on_mastodon":{"url":"https:\/\/pubeurope.com\/@es\/115841602939506328","error":""},"_links":{"self":[{"href":"https:\/\/www.europesays.com\/es\/wp-json\/wp\/v2\/posts\/323885","targetHints":{"allow":["GET"]}}],"collection":[{"href":"https:\/\/www.europesays.com\/es\/wp-json\/wp\/v2\/posts"}],"about":[{"href":"https:\/\/www.europesays.com\/es\/wp-json\/wp\/v2\/types\/post"}],"author":[{"embeddable":true,"href":"https:\/\/www.europesays.com\/es\/wp-json\/wp\/v2\/users\/2"}],"replies":[{"embeddable":true,"href":"https:\/\/www.europesays.com\/es\/wp-json\/wp\/v2\/comments?post=323885"}],"version-history":[{"count":0,"href":"https:\/\/www.europesays.com\/es\/wp-json\/wp\/v2\/posts\/323885\/revisions"}],"wp:featuredmedia":[{"embeddable":true,"href":"https:\/\/www.europesays.com\/es\/wp-json\/wp\/v2\/media\/323886"}],"wp:attachment":[{"href":"https:\/\/www.europesays.com\/es\/wp-json\/wp\/v2\/media?parent=323885"}],"wp:term":[{"taxonomy":"category","embeddable":true,"href":"https:\/\/www.europesays.com\/es\/wp-json\/wp\/v2\/categories?post=323885"},{"taxonomy":"post_tag","embeddable":true,"href":"https:\/\/www.europesays.com\/es\/wp-json\/wp\/v2\/tags?post=323885"}],"curies":[{"name":"wp","href":"https:\/\/api.w.org\/{rel}","templated":true}]}}