{"id":323941,"date":"2026-01-05T09:33:07","date_gmt":"2026-01-05T09:33:07","guid":{"rendered":"https:\/\/www.europesays.com\/es\/323941\/"},"modified":"2026-01-05T09:33:07","modified_gmt":"2026-01-05T09:33:07","slug":"jimmy-kimmel-le-lanza-un-mensaje-a-trump-en-plena-captura-de-maduro-por-parte-de-eeuu","status":"publish","type":"post","link":"https:\/\/www.europesays.com\/es\/323941\/","title":{"rendered":"Jimmy Kimmel le lanza un mensaje a Trump en plena captura de Maduro por parte de EEUU"},"content":{"rendered":"<p>La relaci\u00f3n entre el presentador Jimmy Kimmel y Donald Trump nunca ha sido buena, pero este 2025 ha ido m\u00e1s all\u00e1. El pasado 18 de septiembre <a href=\"https:\/\/www.huffingtonpost.es\/life\/cultura\/primero-stephen-colbert-le-toca-jimmy-kimmelbr.html\" rel=\"nofollow noopener\" target=\"_blank\">el canal ABC decidi\u00f3 retirar\u00a0 \u00abindefinidamente\u00bb el late night del c\u00f3mico estadounidense<\/a> por sus comentarios sobre el asesinato del activista ultra, Charlie Kirk.<\/p>\n<p>La noticia fue celebrada por el mandatario estadounidense que escribi\u00f3 \u00abbuenas noticias para Am\u00e9rica\u00bb en Truth Social al conocer la noticia. \u00abKimmel no tiene talento y sus audiencias son peores incluso que las de Colbert, si es que eso es posible\u00bb, se\u00f1al\u00f3 Trump que a\u00f1adi\u00f3 a su lista a otros humoristas Seth Meyers y Jimmy Fallon, a quienes acus\u00f3 de sesgo medi\u00e1tico y de ser \u00abunos perdedores\u00bb.<\/p>\n<p>Ahora, el presentador del formato Jimmy Kimmel Live! le ha querido lanzar un mensaje al recoger el galard\u00f3n a Mejor Programa de Entrevistas en los Critics Choice Awards 2026, cuya ceremonia ha tenido lugar este domingo, coincidiendo con la captura por parte de EEUU del presidente de Venezuela Nicol\u00e1s Maduro y el revuelo internacional que ha generado.<\/p>\n<p>\u00abQuiero agradecer a nuestro presidente, Donald Jennifer Trump (como le llama de manera ir\u00f3nica habitualmente en su programa) sin quien nos ir\u00edamos a casa con las manos vac\u00edas esta noche. As\u00ed que gracias, se\u00f1or presidente, por todas las muchas cosas rid\u00edculas que hace cada d\u00eda\u00bb, ha dicho ante los asistentes de la gala.<\/p>\n<p>Las \u00e1cidas cr\u00edticas de Kimmel al presidente estadounidense tras la muerte de Rob Reiner<\/p>\n<p>A pesar de su cancelaci\u00f3n, que se restaur\u00f3 tras una semana de par\u00f3n, las \u00e1cidas y sarc\u00e1sticas cr\u00edticas de Kimmel a Donald Trump no han cesado. Una de las m\u00e1s recientes se produjo tras la noticia de la muerte del cineasta Rob Reiner junto a su mujer supuestamente a manos de su hijo, a lo que Trump se\u00f1al\u00f3 que la muerte violenta se hab\u00eda debido a \u00abla ira que caus\u00f3 a otros con su masiva, inflexible e incurable aflicci\u00f3n por una enfermedad paralizante conocida como S\u00cdNDROME DE TRASTORNO DE TRUMP\u00bb.\u00a0<\/p>\n<p>\u00abCuando la vi por primera vez, pens\u00e9 que era falsa\u00bb, <a href=\"https:\/\/www.huffingtonpost.es\/life\/jimmy-kimmel-estalla-trump-odioso-pesame-muerterob-reiner-cuando-vi-pense-falsa-f202512.html\" rel=\"nofollow noopener\" target=\"_blank\">se\u00f1al\u00f3 el presentador en el mon\u00f3logo inicial de su programa. <\/a>\u00abPens\u00e9 que, incluso para \u00e9l, era demasiado. Pero realmente, nada es demasiado para \u00e9l\u00bb, continu\u00f3 antes de calificarle como a un ser \u00abtan odioso y vil\u00bb.<\/p>\n<p>Tras la dura cr\u00edtica, Kimmel no dud\u00f3 en dejar el humor a un lado y ponerse serio. \u00abLo que necesitamos en un momento como este es compasi\u00f3n y liderazgo. No lo hemos obtenido de nuestro presidente, porque \u00e9l no tiene nada de eso que ofrecer. En cambio, tenemos a un tonto divagando sobre tonter\u00edas&#8230;\u00bb, acus\u00f3.<\/p>\n<p>De hecho, lanz\u00f3 un mensaje a los votantes republicanos que eligieron a Trump en las pasadas elecciones de 2024. \u00abSi votaste por eso, est\u00e1 bien que lo reconsideres. Est\u00e1 perfectamente bien\u00bb, ironiz\u00f3. Asimismo a\u00f1adi\u00f3 que, en recuerdo de Reiner, seguir\u00eda \u00abse\u00f1alando las repugnantes atrocidades que siguen saliendo de la boca de este hombre enfermo e irresponsable\u00bb. \u00abAs\u00ed que lo haremos una y otra vez hasta que todos despertemos\u00bb, concluy\u00f3.<\/p>\n","protected":false},"excerpt":{"rendered":"La relaci\u00f3n entre el presentador Jimmy Kimmel y Donald Trump nunca ha sido buena, pero este 2025 ha&hellip;\n","protected":false},"author":2,"featured_media":323942,"comment_status":"","ping_status":"","sticky":false,"template":"","format":"standard","meta":{"footnotes":""},"categories":[171],"tags":[352,146,147,25,24,20754,23,807,214,1192],"class_list":{"0":"post-323941","1":"post","2":"type-post","3":"status-publish","4":"format-standard","5":"has-post-thumbnail","7":"category-tv","8":"tag-donald-trump","9":"tag-entertainment","10":"tag-entretenimiento","11":"tag-es","12":"tag-espana","13":"tag-jimmy-kimmel","14":"tag-spain","15":"tag-television","16":"tag-tv","17":"tag-venezuela"},"share_on_mastodon":{"url":"https:\/\/pubeurope.com\/@es\/115841807364303571","error":""},"_links":{"self":[{"href":"https:\/\/www.europesays.com\/es\/wp-json\/wp\/v2\/posts\/323941","targetHints":{"allow":["GET"]}}],"collection":[{"href":"https:\/\/www.europesays.com\/es\/wp-json\/wp\/v2\/posts"}],"about":[{"href":"https:\/\/www.europesays.com\/es\/wp-json\/wp\/v2\/types\/post"}],"author":[{"embeddable":true,"href":"https:\/\/www.europesays.com\/es\/wp-json\/wp\/v2\/users\/2"}],"replies":[{"embeddable":true,"href":"https:\/\/www.europesays.com\/es\/wp-json\/wp\/v2\/comments?post=323941"}],"version-history":[{"count":0,"href":"https:\/\/www.europesays.com\/es\/wp-json\/wp\/v2\/posts\/323941\/revisions"}],"wp:featuredmedia":[{"embeddable":true,"href":"https:\/\/www.europesays.com\/es\/wp-json\/wp\/v2\/media\/323942"}],"wp:attachment":[{"href":"https:\/\/www.europesays.com\/es\/wp-json\/wp\/v2\/media?parent=323941"}],"wp:term":[{"taxonomy":"category","embeddable":true,"href":"https:\/\/www.europesays.com\/es\/wp-json\/wp\/v2\/categories?post=323941"},{"taxonomy":"post_tag","embeddable":true,"href":"https:\/\/www.europesays.com\/es\/wp-json\/wp\/v2\/tags?post=323941"}],"curies":[{"name":"wp","href":"https:\/\/api.w.org\/{rel}","templated":true}]}}