{"id":324001,"date":"2026-01-05T10:31:07","date_gmt":"2026-01-05T10:31:07","guid":{"rendered":"https:\/\/www.europesays.com\/es\/324001\/"},"modified":"2026-01-05T10:31:07","modified_gmt":"2026-01-05T10:31:07","slug":"90-anos-del-fallecimiento-de-valle-inclan-claves-de-redaccion","status":"publish","type":"post","link":"https:\/\/www.europesays.com\/es\/324001\/","title":{"rendered":"90 a\u00f1os del fallecimiento de Valle-Incl\u00e1n, claves de redacci\u00f3n"},"content":{"rendered":"<p>Con motivo del nonag\u00e9simo aniversario del fallecimiento del escritor Ram\u00f3n Mar\u00eda del Valle-Incl\u00e1n el 5 de enero, se ofrecen una serie de claves de redacci\u00f3n para las noticias relacionadas.<\/p>\n<p>1. 90.\u00ba aniversario y XC aniversario<\/p>\n<p>En representaci\u00f3n del ordinal correspondiente al aniversario del fallecimiento, <strong>puede emplearse <a href=\"https:\/\/www.fundeu.es\/recomendacion\/numero-ordinales-claves-de-escritura\/\" rel=\"nofollow noopener\" target=\"_blank\">XC o 90.\u00ba<\/a>, este \u00faltimo con punto y letra volada<\/strong>, que puede leerse como nonag\u00e9simo o noventa aniversario.<\/p>\n<p>2. Valle-Incl\u00e1n, pero valleinclanesco<\/p>\n<p><strong>En el nombre de este escritor se emplea guion (Valle-Incl\u00e1n); sin embargo, el adjetivo<\/strong> derivado para aludir a lo relacionado con \u00e9l o con su obra, as\u00ed como con lo que tiene rasgos de esta, <strong>se escribe en una sola palabra y sin guion<\/strong>: <a href=\"https:\/\/dle.rae.es\/valleinclanesco\" target=\"_blank\" rel=\"noopener nofollow\">valleinclanesco<\/a>.<\/p>\n<p>3. La generaci\u00f3n del 98, con min\u00fascula<\/p>\n<p>En las expresiones que designan <a href=\"https:\/\/www.fundeu.es\/recomendacion\/nombres-de-generaciones-con-generacion-en-minuscula\/\" rel=\"nofollow noopener\" target=\"_blank\">generaciones<\/a> art\u00edsticas, <strong>el sustantivo gen\u00e9rico se escribe con min\u00fascula: generaci\u00f3n del 98<\/strong>. En caso de escribir el n\u00famero con letras, este tambi\u00e9n se representa con min\u00fascula (generaci\u00f3n del noventa y ocho).<\/p>\n<p>4. Noventayochista y noventaiochista, ambas v\u00e1lidas<\/p>\n<p>Para aludir a su condici\u00f3n de miembro de la generaci\u00f3n del 98, <strong>puede emplearse el derivado <a href=\"https:\/\/www.rae.es\/ortograf%C3%ADa\/representaci%C3%B3n-gr%C3%A1fica-del-fonema-i#6.1.2.1.2#:~:text=noventayochismo\" target=\"_blank\" rel=\"noopener nofollow\">noventayochista<\/a>, mayoritario en el uso, o tambi\u00e9n noventaichoista<\/strong>, con i en lugar de y. Se aplica lo mismo a noventayochismo y noventaiochismo.<\/p>\n<p>5. El movimiento del modernismo, con min\u00fascula<\/p>\n<p><strong>Las denominaciones de estilos, movimientos<\/strong> y escuelas de disciplinas concretas <strong>que no identifican grandes periodos se escriben con min\u00fascula<\/strong>, como ocurre con <a href=\"https:\/\/www.rae.es\/ortograf%C3%ADa\/denominaciones-relacionadas-con-la-actividad-intelectual-o-cultural-del-hombre?resaltar=modernismo#4.2.4.8.6.2\" rel=\"nofollow noopener\" target=\"_blank\">modernismo<\/a>.<\/p>\n<p>6. Esperpento, sin comillas ni cursiva<\/p>\n<p>Una de las acepciones del diccionario acad\u00e9mico de la voz <a href=\"https:\/\/dle.rae.es\/esperpento\" target=\"_blank\" rel=\"noopener nofollow\">esperpento<\/a> es \u2018concepci\u00f3n literaria creada por Ram\u00f3n M.\u00aa del Valle-Incl\u00e1n hacia 1920, en la que se deforma la realidad acentuando sus rasgos grotescos\u2019. <strong>No necesita destacarse ni con comillas ni con cursiva. Lo mismo cabe decir de voces derivadas<\/strong>, como <a href=\"https:\/\/dle.rae.es\/esperp%C3%A9ntico?m=form\" target=\"_blank\" rel=\"noopener nofollow\">esperp\u00e9ntico<\/a> o <a href=\"https:\/\/dle.rae.es\/esperpentismo?m=form\" rel=\"nofollow noopener\" target=\"_blank\">esperpentismo<\/a>.<\/p>\n<p>7. T\u00edtulos de obras de creaci\u00f3n, escritura adecuada<\/p>\n<p><strong>Lo indicado es marcar con cursiva el nombre de las <a href=\"https:\/\/www.fundeu.es\/recomendacion\/titulos-escritura-correcta\/\" rel=\"nofollow noopener\" target=\"_blank\">obras de creaci\u00f3n<\/a>, reservando la may\u00fascula para la primera palabra y los nombres propios<\/strong> que pudieran incluirse: Luces de bohemia, Sonata de oto\u00f1o, Tirano Banderas\u2026<\/p>\n","protected":false},"excerpt":{"rendered":"Con motivo del nonag\u00e9simo aniversario del fallecimiento del escritor Ram\u00f3n Mar\u00eda del Valle-Incl\u00e1n el 5 de enero, se&hellip;\n","protected":false},"author":2,"featured_media":324002,"comment_status":"","ping_status":"","sticky":false,"template":"","format":"standard","meta":{"footnotes":""},"categories":[5],"tags":[17,18,25,24,13,14,11,19,20,9,10,15,16,23,12,21,22],"class_list":{"0":"post-324001","1":"post","2":"type-post","3":"status-publish","4":"format-standard","5":"has-post-thumbnail","7":"category-titulares","8":"tag-breaking-news","9":"tag-breakingnews","10":"tag-es","11":"tag-espana","12":"tag-featured-news","13":"tag-featurednews","14":"tag-headlines","15":"tag-latest-news","16":"tag-latestnews","17":"tag-news","18":"tag-noticias","19":"tag-noticias-destacadas","20":"tag-noticiasdestacadas","21":"tag-spain","22":"tag-titulares","23":"tag-ultimas-noticias","24":"tag-ultimasnoticias"},"share_on_mastodon":{"url":"https:\/\/pubeurope.com\/@es\/115842035343408831","error":""},"_links":{"self":[{"href":"https:\/\/www.europesays.com\/es\/wp-json\/wp\/v2\/posts\/324001","targetHints":{"allow":["GET"]}}],"collection":[{"href":"https:\/\/www.europesays.com\/es\/wp-json\/wp\/v2\/posts"}],"about":[{"href":"https:\/\/www.europesays.com\/es\/wp-json\/wp\/v2\/types\/post"}],"author":[{"embeddable":true,"href":"https:\/\/www.europesays.com\/es\/wp-json\/wp\/v2\/users\/2"}],"replies":[{"embeddable":true,"href":"https:\/\/www.europesays.com\/es\/wp-json\/wp\/v2\/comments?post=324001"}],"version-history":[{"count":0,"href":"https:\/\/www.europesays.com\/es\/wp-json\/wp\/v2\/posts\/324001\/revisions"}],"wp:featuredmedia":[{"embeddable":true,"href":"https:\/\/www.europesays.com\/es\/wp-json\/wp\/v2\/media\/324002"}],"wp:attachment":[{"href":"https:\/\/www.europesays.com\/es\/wp-json\/wp\/v2\/media?parent=324001"}],"wp:term":[{"taxonomy":"category","embeddable":true,"href":"https:\/\/www.europesays.com\/es\/wp-json\/wp\/v2\/categories?post=324001"},{"taxonomy":"post_tag","embeddable":true,"href":"https:\/\/www.europesays.com\/es\/wp-json\/wp\/v2\/tags?post=324001"}],"curies":[{"name":"wp","href":"https:\/\/api.w.org\/{rel}","templated":true}]}}