{"id":324011,"date":"2026-01-05T10:41:07","date_gmt":"2026-01-05T10:41:07","guid":{"rendered":"https:\/\/www.europesays.com\/es\/324011\/"},"modified":"2026-01-05T10:41:07","modified_gmt":"2026-01-05T10:41:07","slug":"evangeline-lilly-actriz-de-perdidos-revela-que-sufre-dano-cerebral-tras-un-traumatismo-craneoencefalico-gente","status":"publish","type":"post","link":"https:\/\/www.europesays.com\/es\/324011\/","title":{"rendered":"Evangeline Lilly, actriz de \u2018Perdidos\u2019, revela que sufre da\u00f1o cerebral tras un traumatismo craneoencef\u00e1lico | Gente"},"content":{"rendered":"<p class=\"\"><a href=\"https:\/\/elpais.com\/smoda\/evangeline-lilly-actriz-ant-man-avispa-perdidos-kate.html\" target=\"_blank\" rel=\"noreferrer nofollow noopener\" title=\"https:\/\/elpais.com\/smoda\/evangeline-lilly-actriz-ant-man-avispa-perdidos-kate.html\">Evangeline Lilly<\/a> (Fort Saskatchewan, Canad\u00e1, 46 a\u00f1os), actriz que salt\u00f3 a la fama por su papel de Kate Austen en <a href=\"https:\/\/elpais.com\/television\/2025-05-23\/15-anos-despues-del-final-de-perdidos-tenemos-razones-para-reivindicarlo.html\" target=\"_blank\" rel=\"noreferrer nofollow noopener\" title=\"https:\/\/elpais.com\/television\/2025-05-23\/15-anos-despues-del-final-de-perdidos-tenemos-razones-para-reivindicarlo.html\">la exitosa serie Perdidos<\/a>, ha revelado en sus redes sociales que padece da\u00f1o cerebral. Meses despu\u00e9s de hacer p\u00fablico que sufri\u00f3 una conmoci\u00f3n cerebral tras una ca\u00edda en una playa de Haw\u00e1i, la int\u00e9prete ha compartido con sus 2,5 millones de seguidores en <a href=\"https:\/\/www.instagram.com\/evangelinelillyofficial\/\" target=\"_blank\" rel=\"noreferrer nofollow noopener\" title=\"https:\/\/www.instagram.com\/evangelinelillyofficial\/\">su cuenta de Instagram <\/a>una actualizaci\u00f3n de su estado de salud. \u201cEntro en este nuevo a\u00f1o, el a\u00f1o del caballo, con algunas malas noticias sobre mi contusi\u00f3n\u201d, empieza un v\u00eddeo grabado el 1 de enero de 2026. <\/p>\n<p class=\"\">\u201cMuchos me hab\u00e9is preguntado c\u00f3mo me encuentro, me hab\u00e9is preguntado sobre los esc\u00e1neres cerebrales que escuchasteis que me hice. Los resultados indican que casi todas las \u00e1reas de mi cerebro est\u00e1n funcionando a una capacidad reducida. As\u00ed que tengo da\u00f1o cerebral y posiblemente hay otros factores\u201d, detalla la actriz que se puso en la piel de Avispa, del universo Marvel. \u201cPero ahora mi trabajo es llegar con los m\u00e9dicos al fondo de la cuesti\u00f3n y luego embarcarme en el duro trabajo de solucionarlo, algo que no me entusiasma porque siento que trabajar duro es todo lo que hago\u201d, explica. <\/p>\n<p>M\u00e1s informaci\u00f3n<\/p>\n<p class=\"\">A pesar de las malas noticias, ha sido capaz de encontrarle el lado positivo a su accidente. \u201cPero est\u00e1 bien. Mi deterioro cognitivo desde que me part\u00ed la cara me ha ayudado a bajar el ritmo y <a href=\"https:\/\/elpais.com\/gente\/2026-01-01\/la-nochevieja-de-los-famosos-elsa-pataky-y-chris-hemsworth-en-un-barco-o-el-resumen-del-ano-de-david-beckham-sin-su-hijo-brooklyn.html\" target=\"_blank\" rel=\"noreferrer nofollow noopener\" title=\"https:\/\/elpais.com\/gente\/2026-01-01\/la-nochevieja-de-los-famosos-elsa-pataky-y-chris-hemsworth-en-un-barco-o-el-resumen-del-ano-de-david-beckham-sin-su-hijo-brooklyn.html\">a terminar el 2025 <\/a>con m\u00e1s tranquilidad. Creo que estas han sido las Navidades m\u00e1s tranquilas y calmadas que he tenido nunca, quiz\u00e1 desde que tuve hijos hace 14 a\u00f1os. As\u00ed que esto es algo bueno\u201d, continua en un v\u00eddeo de unos dos minutos en el que dice sentirse \u201cagradecida\u201d y \u201cbendecida\u201d por poder seguir jugando \u201cun d\u00eda m\u00e1s, un a\u00f1o m\u00e1s, en este planeta\u201d y da las gracias a quienes se han preocupado por su estado de salud.<\/p>\n<p class=\"\">Su publicaci\u00f3n acumula m\u00e1s de 61.000 Me gusta y una avalancha de comentarios de apoyo. Tambi\u00e9n de estrellas y compa\u00f1eras de profesi\u00f3n, como <a href=\"https:\/\/elpais.com\/television\/2025-11-25\/jonas-brothers-michelle-pfeiffer-alicia-silverstone-llega-un-nuevo-aluvion-de-telefilmes-navidenos.html\" target=\"_blank\" rel=\"noreferrer nofollow noopener\" title=\"https:\/\/elpais.com\/television\/2025-11-25\/jonas-brothers-michelle-pfeiffer-alicia-silverstone-llega-un-nuevo-aluvion-de-telefilmes-navidenos.html\">Michelle Pfeiffer<\/a> y <a href=\"https:\/\/elpais.com\/gente\/2025-09-25\/la-actriz-alyssa-milano-revela-que-se-ha-quitado-los-implantes-mamarios-estoy-dejando-atras-el-cuerpo-que-fue-sexualizado-y-abusado.html\" target=\"_blank\" rel=\"noreferrer nofollow noopener\" title=\"https:\/\/elpais.com\/gente\/2025-09-25\/la-actriz-alyssa-milano-revela-que-se-ha-quitado-los-implantes-mamarios-estoy-dejando-atras-el-cuerpo-que-fue-sexualizado-y-abusado.html\">Alyssa Milano.<\/a> \u201cEres una guerrera. Nada, ni siquiera esto, te vencer\u00e1, amiga m\u00eda\u201d, escribe la primera, su compa\u00f1era de reparto en <a href=\"https:\/\/elpais.com\/cultura\/2023-02-17\/ant-man-y-la-avispa-quantumania-mas-sintomas-de-agotamiento-en-la-pomposa-marvel.html\" target=\"_blank\" rel=\"noreferrer nofollow noopener\" title=\"https:\/\/elpais.com\/cultura\/2023-02-17\/ant-man-y-la-avispa-quantumania-mas-sintomas-de-agotamiento-en-la-pomposa-marvel.html\">Ant-Man y la Avispa: Quantuman\u00eda<\/a> (2023). Milano comenta: \u201cPienso en ti\u201d. La int\u00e9rprete canadiense acompa\u00f1a el v\u00eddeo con un mensaje en el que deja ver que ha pasado un tiempo hasta que ha tenido el diagn\u00f3stico de lo que le ocurr\u00eda. \u201cEl veredicto ha llegado&#8230; Tengo da\u00f1o cerebral por mi lesi\u00f3n cerebral traum\u00e1tica. Reconfortante saber que mi declive cognitivo no es solo la <a href=\"https:\/\/elpais.com\/eps\/2024-05-05\/hablemos-de-la-menopausia.html\" target=\"_blank\" rel=\"noreferrer nofollow noopener\" title=\"https:\/\/elpais.com\/eps\/2024-05-05\/hablemos-de-la-menopausia.html\">peri-menopausia<\/a>, inc\u00f3modo saber lo que ser\u00e1 una batalla cuesta arriba para tratar de revertir las deficiencias\u201d.<\/p>\n<p class=\"\">Lilly sufri\u00f3 una lesi\u00f3n cerebral en mayo de 2025 despu\u00e9s de desmayarse mientras estaba en una playa y caer de cara sobre una roca, tal y como cont\u00f3 en la misma red social, en la que ha ido publicando algunas actualizaciones de su estado de salud, como la mencionada. \u201cPuede parecer una locura ver mi cara y mi diente roto, pero me siento muy agradecida de haberme desmayado\u201d, escribi\u00f3 en aquel momento. \u201cNecesitaba un reinicio\u201d. <\/p>\n<p class=\"\">La actriz de <a href=\"https:\/\/people.com\/movies\/ant-man-and-the-wasp-quantumania-everything-to-know\/\" rel=\"nofollow noopener\" target=\"_blank\">Ant-Man y la Avispa: Quantumania<\/a> cont\u00f3 c\u00f3mo sucedi\u00f3 el accidente en un art\u00edculo en <a href=\"https:\/\/elpais.com\/gente\/2025-10-25\/de-rosalia-y-rigoberta-bandini-a-creadores-anonimos-como-substack-recupero-el-interes-por-los-blogs.html\" target=\"_blank\" rel=\"noreferrer nofollow noopener\" title=\"https:\/\/elpais.com\/gente\/2025-10-25\/de-rosalia-y-rigoberta-bandini-a-creadores-anonimos-como-substack-recupero-el-interes-por-los-blogs.html\">la plataforma Substack<\/a>. \u201cMe desmay\u00e9 en la playa. Y ca\u00ed de bruces contra una roca. En el hospital, las enfermeras y el m\u00e9dico entraron directamente en acci\u00f3n, m\u00e1s decididos a encontrar la causa de mi desmayo que a coser el agujero que la roca me hab\u00eda hecho en la cara. Les sonre\u00ed ir\u00f3nicamente. \u2018No encontrar\u00e1s nada\u2019. Dije con voz mareada\u201d, empezaba<a href=\"https:\/\/substack.com\/inbox\/post\/164786588\" target=\"_blank\" rel=\"noreferrer nofollow noopener\" title=\"https:\/\/substack.com\/inbox\/post\/164786588\"> el escrito publicado el 30 de mayo<\/a>. \u201cRevisaron mi coraz\u00f3n. Fuerte como un buey. Controlaron mi nivel de az\u00facar en sangre. Nivel normal. Revisaron mis niveles de hierro. Excelente. Comprobaron y comprobaron. Pronto el m\u00e9dico me devolvi\u00f3 la sonrisa ir\u00f3nica. \u2018Sab\u00edas que no encontrar\u00edamos nada\u2019. He tenido episodios de ausencia y desmayos desde peque\u00f1a. Los m\u00e9dicos me examinaron para detectar epilepsia cuando era joven y luego decidieron la idea de hipoglucemia (sin hacer ninguna prueba). Durante una buena parte de mi vida, opt\u00e9 por eso: la hipoglucemia\u201d, continuaba su relato. Descartada la hipoglucemia a\u00f1os despu\u00e9s, Lilly admit\u00eda despu\u00e9s que cree que sus desmayos podr\u00edan estar relacionados con su bienestar emocional.<\/p>\n<p><script async src=\"\/\/www.instagram.com\/embed.js\"><\/script><\/p>\n","protected":false},"excerpt":{"rendered":"Evangeline Lilly (Fort Saskatchewan, Canad\u00e1, 46 a\u00f1os), actriz que salt\u00f3 a la fama por su papel de Kate&hellip;\n","protected":false},"author":2,"featured_media":324012,"comment_status":"","ping_status":"","sticky":false,"template":"","format":"standard","meta":{"footnotes":""},"categories":[174],"tags":[1015,255,146,147,25,24,256,260,6457,1922,166,23,52188],"class_list":{"0":"post-324011","1":"post","2":"type-post","3":"status-publish","4":"format-standard","5":"has-post-thumbnail","7":"category-famosos","8":"tag-actrices","9":"tag-celebrities","10":"tag-entertainment","11":"tag-entretenimiento","12":"tag-es","13":"tag-espana","14":"tag-famosos","15":"tag-gente","16":"tag-perdidos","17":"tag-redes-sociales","18":"tag-salud","19":"tag-spain","20":"tag-traumatologia"},"share_on_mastodon":{"url":"https:\/\/pubeurope.com\/@es\/115842074691889289","error":""},"_links":{"self":[{"href":"https:\/\/www.europesays.com\/es\/wp-json\/wp\/v2\/posts\/324011","targetHints":{"allow":["GET"]}}],"collection":[{"href":"https:\/\/www.europesays.com\/es\/wp-json\/wp\/v2\/posts"}],"about":[{"href":"https:\/\/www.europesays.com\/es\/wp-json\/wp\/v2\/types\/post"}],"author":[{"embeddable":true,"href":"https:\/\/www.europesays.com\/es\/wp-json\/wp\/v2\/users\/2"}],"replies":[{"embeddable":true,"href":"https:\/\/www.europesays.com\/es\/wp-json\/wp\/v2\/comments?post=324011"}],"version-history":[{"count":0,"href":"https:\/\/www.europesays.com\/es\/wp-json\/wp\/v2\/posts\/324011\/revisions"}],"wp:featuredmedia":[{"embeddable":true,"href":"https:\/\/www.europesays.com\/es\/wp-json\/wp\/v2\/media\/324012"}],"wp:attachment":[{"href":"https:\/\/www.europesays.com\/es\/wp-json\/wp\/v2\/media?parent=324011"}],"wp:term":[{"taxonomy":"category","embeddable":true,"href":"https:\/\/www.europesays.com\/es\/wp-json\/wp\/v2\/categories?post=324011"},{"taxonomy":"post_tag","embeddable":true,"href":"https:\/\/www.europesays.com\/es\/wp-json\/wp\/v2\/tags?post=324011"}],"curies":[{"name":"wp","href":"https:\/\/api.w.org\/{rel}","templated":true}]}}