{"id":324046,"date":"2026-01-05T11:12:08","date_gmt":"2026-01-05T11:12:08","guid":{"rendered":"https:\/\/www.europesays.com\/es\/324046\/"},"modified":"2026-01-05T11:12:08","modified_gmt":"2026-01-05T11:12:08","slug":"la-proteina-que-puede-hacer-mas-fuerte-el-sistema-inmunitario","status":"publish","type":"post","link":"https:\/\/www.europesays.com\/es\/324046\/","title":{"rendered":"La prote\u00edna que puede hacer m\u00e1s fuerte el sistema inmunitario"},"content":{"rendered":"<p>Como consecuencia del <strong>envejecimiento<\/strong>, las funciones fundamentales del organismo se ven afectadas. El sistema que m\u00e1s se resentir\u00e1 con el tiempo es el <strong>sistema inmunitario<\/strong>, que se vuelve menos eficiente, dejando a la persona m\u00e1s susceptible a infecciones, inflamaci\u00f3n y a enfermedades severas. Seg\u00fan un estudio reciente, se ha encontrado una <strong>prote\u00edna <\/strong>que ser\u00eda capaz de reforzar la defensa desde su propia c\u00e9lula madre. Esta prote\u00edna act\u00faa directamente sobre la m\u00e9dula \u00f3sea, incluso cuando existen individuos de edad avanzada.<\/p>\n<p>La investigaci\u00f3n ha sido realizada por grupos de cient\u00edficos de la Universidad de Illinois en Chicago, y fue publicada en la revista cient\u00edfica Blood. El trabajo describe c\u00f3mo recuperar la actividad de una prote\u00edna concreta puede devolver caracter\u00edsticas juveniles a las c\u00e9lulas madre, que son las encargadas de producir la sangre y las c\u00e9lulas del sistema inmunitario.<\/p>\n<p>El envejecimiento celular y la prote\u00edna clave<\/p>\n<p>Las <strong><a href=\"https:\/\/www.elindependiente.com\/vida-sana\/salud\/2025\/10\/30\/de-la-ciencia-a-la-esperanza-como-la-innovacion-ayuda-a-las-mujeres-a-recuperar-la-fertilidad-tras-el-cancer\/\" rel=\"nofollow noopener\" target=\"_blank\">c\u00e9lulas madre<\/a><\/strong> <strong>hematopoy\u00e9ticas <\/strong>se encuentran en la m\u00e9dula \u00f3sea y son responsables de la generaci\u00f3n de todas las c\u00e9lulas sangu\u00edneas. En las etapas iniciales de la vida, estas c\u00e9lulas madre mantienen un equilibrio adecuado entre los diferentes tipos celulares, lo que permite una respuesta inmunitaria a la par que una correcta sustituci\u00f3n del organismo.<\/p>\n<p>Con la edad, este balance se altera: las c\u00e9lulas madre envejecidas producen, pues, un n\u00famero mayor de c\u00e9lulas mieloides y, a su vez, un n\u00famero reducido de c\u00e9lulas linfoides, esenciales para la defensa frente a infecciones. Este modo de operar, por tanto, debilita el <strong><a href=\"https:\/\/www.elindependiente.com\/vida-sana\/2025\/12\/01\/estos-son-los-alimentos-que-ayudan-a-acortar-los-sintomas-del-resfriado-y-los-errores-que-deberias-evitar-si-estas-acatarrado\/\" rel=\"nofollow noopener\" target=\"_blank\">sistema inmunitario<\/a><\/strong> y favorece procesos inflamatorios persistentes que, en \u00faltima instancia, derivan en <strong><a href=\"https:\/\/www.elindependiente.com\/etiquetas\/enfermedad\/page\/6\/\" rel=\"nofollow noopener\" target=\"_blank\">enfermedades<\/a><\/strong> hematol\u00f3gicas.<\/p>\n<p>Una se\u00f1al que disminuye con los a\u00f1os<\/p>\n<p>El estudio reconoci\u00f3 al factor plaquetario 4 como una prote\u00edna clave para conservar un buen funcionamiento de estas c\u00e9lulas madre. En un organismo joven esta prote\u00edna controla la divisi\u00f3n celular y mantiene la estabilidad gen\u00e9tica, pero en la vejez su contenido se reduce y las c\u00e9lulas pierden ese control final.<\/p>\n<p>C\u00f3mo la prote\u00edna refuerza el sistema inmunitario<\/p>\n<p>El drenaje del factor plaquetario 4 induce a las c\u00e9lulas madre a contar con una divisi\u00f3n excesiva, provocando un da\u00f1o acumulativo en su ADN. Los cient\u00edficos han constatado que restaurar esa prote\u00edna revierte el da\u00f1o acumulativo. En modelos animales, la administraci\u00f3n continuada del factor plaquetario 4 devuelve a las c\u00e9lulas madre una actividad asociada a la juventud.<\/p>\n<p>Las c\u00e9lulas adquirieron nuevamente su facultad de autorregulaci\u00f3n, presentaron un menor da\u00f1o gen\u00e9tico, generando, al mismo tiempo, un reparto equilibrado de c\u00e9lulas inmunitarias. Este efecto mejor\u00f3 el sistema sangu\u00edneo y propici\u00f3 una mayor respuesta inmunitaria del cuerpo.<\/p>\n<p>Resultados similares en c\u00e9lulas humanas<\/p>\n<p>Los ensayos realizados en c\u00e9lulas humanas corroboraron la efectividad del mecanismo. La <strong><a href=\"https:\/\/www.elindependiente.com\/vida-sana\/salud\/2025\/01\/21\/importante-incluir-proteina-dieta-equilibrada\/\" rel=\"nofollow noopener\" target=\"_blank\">prote\u00edna<\/a><\/strong> causa una se\u00f1al de rejuvenecimiento celular en muestras de diferentes edades, lo que subraya su importancia para la <strong><a href=\"https:\/\/www.elindependiente.com\/vida-sana\/salud\/\" rel=\"nofollow noopener\" target=\"_blank\">salud<\/a><\/strong>. El efecto no dependi\u00f3 de una especie concreta, sino de un proceso biol\u00f3gico que se da en la mayor\u00eda de las especies.<\/p>\n<p>Implicaciones m\u00e9dicas de esta prote\u00edna<\/p>\n<p>El deterioro del <strong>sistema inmunitario<\/strong> a medida que se avanza en edad constituye un aspecto que se convierte en un reto creciente para la <strong><a href=\"https:\/\/www.elindependiente.com\/etiquetas\/medicina\/\" rel=\"nofollow noopener\" target=\"_blank\">medicina<\/a><\/strong>. Este hallazgo permite la posibilidad de la existencia de terapias que incidan en mejorar las defensas de su origen celular. Esta prote\u00edna ofrece la oportunidad de proponer estrategias m\u00e1s concretas y seguras.<\/p>\n<p>A su vez, esto puede repercutir positivamente en el resultado de los trasplantes de m\u00e9dula \u00f3sea. La restauraci\u00f3n de la capacidad funcional de las c\u00e9lulas madre incrementa las posibilidades de tratamiento y favorece el restablecimiento del sistema hematopoy\u00e9tico.<\/p>\n<p>Un cambio en la visi\u00f3n del envejecimiento<\/p>\n<p>El trabajo de investigaci\u00f3n no propone frenar el <strong><a href=\"https:\/\/www.elindependiente.com\/etiquetas\/envejecimiento\/\" rel=\"nofollow noopener\" target=\"_blank\">envejecimiento<\/a><\/strong> general de un organismo, pero s\u00ed muestra que algunos de sus aspectos son recuperables. El sistema inmunol\u00f3gico responde a se\u00f1ales moleculares que pueden tambi\u00e9n recuperarse. La prote\u00edna se establece como una pieza fundamental para preservar la salud inmunol\u00f3gica durante m\u00e1s tiempo y mejorar la calidad de vida en las edades m\u00e1s avanzadas.<\/p>\n<p>PUBLICIDAD<\/p>\n","protected":false},"excerpt":{"rendered":"Como consecuencia del envejecimiento, las funciones fundamentales del organismo se ven afectadas. El sistema que m\u00e1s se resentir\u00e1&hellip;\n","protected":false},"author":2,"featured_media":324047,"comment_status":"","ping_status":"","sticky":false,"template":"","format":"standard","meta":{"footnotes":""},"categories":[92],"tags":[25,24,165,166,975,23],"class_list":{"0":"post-324046","1":"post","2":"type-post","3":"status-publish","4":"format-standard","5":"has-post-thumbnail","7":"category-salud","8":"tag-es","9":"tag-espana","10":"tag-health","11":"tag-salud","12":"tag-seo","13":"tag-spain"},"share_on_mastodon":{"url":"https:\/\/pubeurope.com\/@es\/115842196795619570","error":""},"_links":{"self":[{"href":"https:\/\/www.europesays.com\/es\/wp-json\/wp\/v2\/posts\/324046","targetHints":{"allow":["GET"]}}],"collection":[{"href":"https:\/\/www.europesays.com\/es\/wp-json\/wp\/v2\/posts"}],"about":[{"href":"https:\/\/www.europesays.com\/es\/wp-json\/wp\/v2\/types\/post"}],"author":[{"embeddable":true,"href":"https:\/\/www.europesays.com\/es\/wp-json\/wp\/v2\/users\/2"}],"replies":[{"embeddable":true,"href":"https:\/\/www.europesays.com\/es\/wp-json\/wp\/v2\/comments?post=324046"}],"version-history":[{"count":0,"href":"https:\/\/www.europesays.com\/es\/wp-json\/wp\/v2\/posts\/324046\/revisions"}],"wp:featuredmedia":[{"embeddable":true,"href":"https:\/\/www.europesays.com\/es\/wp-json\/wp\/v2\/media\/324047"}],"wp:attachment":[{"href":"https:\/\/www.europesays.com\/es\/wp-json\/wp\/v2\/media?parent=324046"}],"wp:term":[{"taxonomy":"category","embeddable":true,"href":"https:\/\/www.europesays.com\/es\/wp-json\/wp\/v2\/categories?post=324046"},{"taxonomy":"post_tag","embeddable":true,"href":"https:\/\/www.europesays.com\/es\/wp-json\/wp\/v2\/tags?post=324046"}],"curies":[{"name":"wp","href":"https:\/\/api.w.org\/{rel}","templated":true}]}}