{"id":324106,"date":"2026-01-05T12:00:08","date_gmt":"2026-01-05T12:00:08","guid":{"rendered":"https:\/\/www.europesays.com\/es\/324106\/"},"modified":"2026-01-05T12:00:08","modified_gmt":"2026-01-05T12:00:08","slug":"la-ultima-encuesta-de-steam-da-una-alegria-a-amd-y-en-buena-parte-es-gracias-a-las-crisis-de-la-memoria-ram","status":"publish","type":"post","link":"https:\/\/www.europesays.com\/es\/324106\/","title":{"rendered":"La \u00faltima encuesta de Steam da una alegr\u00eda a AMD, y en buena parte es gracias a las crisis de la memoria RAM"},"content":{"rendered":"<p>Ya llevamos casi u<strong>na semana de 2026<\/strong> y hace poco que nos han llegado los datos de <a rel=\"noopener, noreferrer nofollow\" href=\"https:\/\/store.steampowered.com\/hwsurvey\/Steam-Hardware-Software-Survey-Welcome-to-Steam?l=spanish\" target=\"_blank\">la \u00faltima Encuesta de los Usuarios de Steam<\/a> del a\u00f1o pasado. Este baremo suele ser uno de los indicadores m\u00e1s fiables de c\u00f3mo est\u00e1n configurando los aficionados al <a href=\"https:\/\/www.3djuegos.com\/tag\/pc-gaming\" rel=\"nofollow noopener\" target=\"_blank\">PC Gaming<\/a> sus equipos, y <strong>qu\u00e9 componentes, marcas y dispositivos <\/strong>est\u00e1n llevando la voz cantante en cuanto a lo que m\u00e1s se busca.<\/p>\n<p>Y si el a\u00f1o pasado AMD ya ten\u00eda motivos para estar contenta, los \u00faltimos datos han hecho que <strong>2026 empiece con una buena alegr\u00eda<\/strong> para el \u00abRed Team\u00bb: el \u00faltimo mes del anterior a\u00f1o, ha visto como las CPU de la marca han vivido un incremento notable,<strong> creciendo casi un 5% <\/strong>con respecto a su principal cometidora, Intel, que pierde terreno. \u00bfLo m\u00e1s curioso? Que esta subida tiene que agradec\u00e9rsela al incremento de los precios de la memoria RAM DDR5.<\/p>\n<p>Un buen cierre de 2025 para AMD<\/p>\n<p>Echando un vistazo a las gr\u00e1ficas que se ofrecen en la encuesta desarrollada por Valve, los procesadores de <strong>AMD han sido los \u00fanicos que han crecido<\/strong> en la recta final de 2025. Concretamente, estamos hablando de una subida del 4.66%, lo que sit\u00faa a la CPU del \u00abRed Team\u00bb con un share del<strong> 47.27%<\/strong> de los usuarios; una notable subida respecto a los datos de noviembre, que la situaban en 42.61%. Si bien desde agosto, el incremento hab\u00eda sido constante pero muy moderado, este \u00faltimo mes ha supuesto <strong>una \u00abexplosi\u00f3n\u00bb para los chipsets de AMD<\/strong>.<\/p>\n<p>Igualmente, <strong>Intel<\/strong> sigue dominando las encuestas en cuanto a share global, pero sus datos muestran que, desde las misma fechas en las que AMD comenz\u00f3 a crecer,<strong> sus procesadores han ido perdiendo terreno<\/strong> paulatinamente. Por su parte, los procesadores de Windows han tenido subidas y bajadas inapreciables y a\u00fan son la opci\u00f3n m\u00e1s discreta.<\/p>\n<p>                   <img class=\"\" height=\"137\" width=\"966\" loading=\"lazy\" decoding=\"async\"  fetchpriority=\"high\"  src=\"https:\/\/www.europesays.com\/es\/wp-content\/uploads\/2026\/01\/1767614408_478_450_1000.jpeg\" alt=\"Encuesta Steam Procesadores\"\/><\/p>\n<p>Desgranando los datos, las CPU m\u00e1s demandadas de AMD han sido modelos ya veteranos como los<strong> Ryzen 7 5800X <\/strong>o incluso el venerable<strong> Ryzen 5 3600<\/strong>. La popularidad de estos procesadores se explica, en buena medida, por el contexto actual del mercado de la memoria RAM, con unos precios de la DDR5 que siguen siendo sensiblemente m\u00e1s altos que los de la DDR4.\u00a0<\/p>\n<p>Tal y como <a rel=\"noopener, noreferrer nofollow\" href=\"https:\/\/www.techspot.com\/news\/110721-amd-5-year-old-ryzen-cpus-popular-again.html\" target=\"_blank\">apuntan medios especializados como TechSpot<\/a>, esto ha llevado a muchos usuarios a <strong>optar por plataformas AM4<\/strong> ya consolidadas, que permiten reutilizar componentes existentes o montar equipos equilibrados sin asumir el sobrecoste que implica dar el salto a las configuraciones m\u00e1s modernas. Aplicado a la actual coyuntura, ofrecen un <strong>rendimiento muy competente<\/strong> en juegos y tareas generales sin obligar a cambiar de placa base ni de memoria. La serie Ryzen 5000 se presenta como una actualizaci\u00f3n pr\u00e1ctica y racional, especialmente para quienes buscan mejorar su equipo sin rehacerlo por completo. La clave y -probablemente- el n\u00facleo duro del incremento de AMD, \u00a0es <strong>la optimizaci\u00f3n<\/strong> de la plataforma en un momento en el que el precio de la RAM sigue marcando diferencias.<\/p>\n<p>Una GPU que vuelve al TOP, y RAM preventiva<\/p>\n<p>El resto de los datos de la encuesta han dejado otros datos curiosos relacionados con la actual coyuntura de la memoria RAM pero tambi\u00e9n de <strong>las GPU<\/strong>. Si en noviembre el chip m\u00f3vil 4060 despunt\u00f3 y parec\u00eda que iba a quedarse, en la recta final del a\u00f1o se ha desinflado, lo que ha permitido que una apreciada <strong>RTX 3060 recupere el podio<\/strong> de las GPU. Destaca tambi\u00e9n el incremento de las Radeon de AMD, con una subida aproximada del 2% si combinamos los modelos m\u00e1s populares.<\/p>\n<p>    <a href=\"https:\/\/www.3djuegos.com\/ps5\/noticias\/donde-esta-limite-violencia-videojuegos\" class=\"pivot-outboundlink\" data-vars-post-title=\"\u00bfD\u00f3nde est\u00e1 el l\u00edmite de la violencia en los videojuegos? \" rel=\"nofollow noopener\" target=\"_blank\"><br \/>\n     <img loading=\"lazy\" decoding=\"async\" alt=\"\u00bfD\u00f3nde est\u00e1 el l\u00edmite de la violencia en los videojuegos? \" width=\"375\" height=\"142\" src=\"https:\/\/www.europesays.com\/es\/wp-content\/uploads\/2026\/01\/1767614408_919_375_142.jpeg\"\/><br \/>\n    <\/a><\/p>\n<p>En cuanto a la RAM, tambi\u00e9n llama la atenci\u00f3n un dato curioso. Pese a que est\u00e1 atravesando un periodo de precios al alza hist\u00f3ricos, <strong>los usuarios con 32GB instalados han aumentado<\/strong> en el \u00faltimo mes de 2025, aunque hay que destacar que esta encuesta no diferencia entre DDR4 y DDR5, pero igualmente es una muestra de que se est\u00e1n preparando para una \u00e9poca de \u00abvacas flacas\u00bb en el terreno de la RAM que <a class=\"text-outboundlink\" href=\"https:\/\/www.3djuegos.com\/hardware\/noticias\/crisis-ram-podria-ser-buena-noticia-para-nueva-generacion-solo-haria-falta-cosa-sentido-comun\" data-vars-post-title=\"La crisis de la RAM es la gota que colma el vaso de PS6 y la nueva Xbox. Es hora de cambiar el plan\" data-vars-post-url=\"https:\/\/www.3djuegos.com\/hardware\/noticias\/crisis-ram-podria-ser-buena-noticia-para-nueva-generacion-solo-haria-falta-cosa-sentido-comun\" rel=\"nofollow noopener\" target=\"_blank\">no se espera que afloje hasta dentro de algunos a\u00f1os<\/a>. Y por \u00faltimo -en cuanto a sistemas operativos- pese a que <a class=\"text-outboundlink\" href=\"https:\/\/www.3djuegos.com\/tecnologia\/noticias\/hace-80-dias-microsoft-se-despidio-windows-10-hoy-4-cada-10-personas-se-niegan-a-decirle-adios\" data-vars-post-title=\"Hace 80 d\u00edas, Microsoft se despidi\u00f3 de Windows 10. Hoy, 4 de cada 10 personas se niegan a decirle adi\u00f3s \" data-vars-post-url=\"https:\/\/www.3djuegos.com\/tecnologia\/noticias\/hace-80-dias-microsoft-se-despidio-windows-10-hoy-4-cada-10-personas-se-niegan-a-decirle-adios\" rel=\"nofollow noopener\" target=\"_blank\">Windows 10 dej\u00f3 de recibir soporte hace 3 meses y a\u00fan hay usuarios que se resisten a abandonarlo<\/a>, casi 3\/4 partes de los usuarios de Steam <strong>ya han migrado a la \u00faltima versi\u00f3n<\/strong> del S.O. de Microsoft.\u00a0<\/p>\n<p>En 3DJuegos | <a class=\"text-outboundlink\" href=\"https:\/\/www.3djuegos.com\/juegos\/the-elder-scrolls-online\/noticias\/era-juego-que-siempre-quise-hacer-eso-cuando-xbox-cancelo-hizo-maletas-se-fue-mirar-atras-familia-microsoft\" data-vars-post-title=\"&quot;Era el juego que siempre quise hacer&quot;, por eso cuando Xbox lo cancel\u00f3, hizo las maletas y se fue sin mirar atr\u00e1s de la familia Microsoft \" data-vars-post-url=\"https:\/\/www.3djuegos.com\/juegos\/the-elder-scrolls-online\/noticias\/era-juego-que-siempre-quise-hacer-eso-cuando-xbox-cancelo-hizo-maletas-se-fue-mirar-atras-familia-microsoft\" rel=\"nofollow noopener\" target=\"_blank\">\u00abEra el juego que siempre quise hacer\u00bb, por eso cuando Xbox lo cancel\u00f3, hizo las maletas y se fue sin mirar atr\u00e1s de la familia Microsoft<\/a><\/p>\n<p>En 3DJuegos | <a class=\"text-outboundlink\" href=\"https:\/\/www.3djuegos.com\/streamers\/noticias\/jordi-wild-le-devuelve-recado-a-nicolas-maduro-su-detencion-quien-esta-seco-ahora-eh\" data-vars-post-title=\"Jordi Wild le devuelve el recado a Nicol\u00e1s Maduro tras su detenci\u00f3n: &quot;\u00bfQui\u00e9n est\u00e1 seco ahora, eh?&quot; \" data-vars-post-url=\"https:\/\/www.3djuegos.com\/streamers\/noticias\/jordi-wild-le-devuelve-recado-a-nicolas-maduro-su-detencion-quien-esta-seco-ahora-eh\" rel=\"nofollow noopener\" target=\"_blank\">Jordi Wild le devuelve el recado a Nicol\u00e1s Maduro tras su detenci\u00f3n: \u00ab\u00bfQui\u00e9n est\u00e1 seco ahora, eh?\u00bb<\/a><\/p>\n","protected":false},"excerpt":{"rendered":"Ya llevamos casi una semana de 2026 y hace poco que nos han llegado los datos de la&hellip;\n","protected":false},"author":2,"featured_media":324107,"comment_status":"","ping_status":"","sticky":false,"template":"","format":"standard","meta":{"footnotes":""},"categories":[81],"tags":[119,123,124,25,24,117,121,122,23,118,120],"class_list":{"0":"post-324106","1":"post","2":"type-post","3":"status-publish","4":"format-standard","5":"has-post-thumbnail","7":"category-ciencia-y-tecnologia","8":"tag-ciencia","9":"tag-ciencia-y-tecnologia","10":"tag-cienciaytecnologia","11":"tag-es","12":"tag-espana","13":"tag-science","14":"tag-science-and-technology","15":"tag-scienceandtechnology","16":"tag-spain","17":"tag-technology","18":"tag-tecnologia"},"share_on_mastodon":{"url":"https:\/\/pubeurope.com\/@es\/115842385723366384","error":""},"_links":{"self":[{"href":"https:\/\/www.europesays.com\/es\/wp-json\/wp\/v2\/posts\/324106","targetHints":{"allow":["GET"]}}],"collection":[{"href":"https:\/\/www.europesays.com\/es\/wp-json\/wp\/v2\/posts"}],"about":[{"href":"https:\/\/www.europesays.com\/es\/wp-json\/wp\/v2\/types\/post"}],"author":[{"embeddable":true,"href":"https:\/\/www.europesays.com\/es\/wp-json\/wp\/v2\/users\/2"}],"replies":[{"embeddable":true,"href":"https:\/\/www.europesays.com\/es\/wp-json\/wp\/v2\/comments?post=324106"}],"version-history":[{"count":0,"href":"https:\/\/www.europesays.com\/es\/wp-json\/wp\/v2\/posts\/324106\/revisions"}],"wp:featuredmedia":[{"embeddable":true,"href":"https:\/\/www.europesays.com\/es\/wp-json\/wp\/v2\/media\/324107"}],"wp:attachment":[{"href":"https:\/\/www.europesays.com\/es\/wp-json\/wp\/v2\/media?parent=324106"}],"wp:term":[{"taxonomy":"category","embeddable":true,"href":"https:\/\/www.europesays.com\/es\/wp-json\/wp\/v2\/categories?post=324106"},{"taxonomy":"post_tag","embeddable":true,"href":"https:\/\/www.europesays.com\/es\/wp-json\/wp\/v2\/tags?post=324106"}],"curies":[{"name":"wp","href":"https:\/\/api.w.org\/{rel}","templated":true}]}}