{"id":324119,"date":"2026-01-05T12:12:10","date_gmt":"2026-01-05T12:12:10","guid":{"rendered":"https:\/\/www.europesays.com\/es\/324119\/"},"modified":"2026-01-05T12:12:10","modified_gmt":"2026-01-05T12:12:10","slug":"el-maraton-de-partidos-del-valencia-basket-para-abrir-el-ano","status":"publish","type":"post","link":"https:\/\/www.europesays.com\/es\/324119\/","title":{"rendered":"El Marat\u00f3n de partidos del Valencia Basket para abrir el a\u00f1o"},"content":{"rendered":"<p class=\"ft-text\">El Valencia Basket ha comenzado el a\u00f1o <a class=\"ft-link ft-link--decoration\" href=\"https:\/\/www.superdeporte.es\/valencia-basket\/2026\/01\/04\/valencia-bc-frena-tiro-real-madrid-clasificacion-liga-endesa-125368680.html\" rel=\"nofollow noopener\" target=\"_blank\">manteniendo el nivel de juego y resultados<\/a> que est\u00e1 deslumbrando en la Liga Endesa y en la Euroliga, pero <a class=\"ft-link ft-link--decoration\" href=\"https:\/\/www.valenciabasket.com\/ca\/calendario?teamId=57&amp;competitionId=&amp;place=\" rel=\"nofollow noopener\" target=\"_blank\">el calendario le ha puesto por delante un reto may\u00fasculo con un mes de enero cargado de partidos<\/a> y una <strong>semana de m\u00e1xima exigencia, con la visita al Estrella Roja a Belgrado, el duelo ante el M\u00f3naco en el Roig Arena y el Valencia Basket &#8211; Unicaja<\/strong> que cerrar\u00e1 la semana el s\u00e1bado a las 18:30.<\/p>\n<p class=\"ft-text\"><a class=\"ft-link ft-link--decoration\" href=\"https:\/\/www.superdeporte.es\/valencia-basket\/2025\/12\/30\/valencia-basket-casademont-horario-roig-arena-125258232.html\" rel=\"nofollow noopener\" target=\"_blank\">Un partido que adem\u00e1s tuvo que ser adelantado para cuadrar el lunes el aplazado ante el Casademont Zaragoza<\/a>, por lo que <strong>los taronja acabar\u00e1n jugando cuatro partidos en siete d\u00edas<\/strong> a partir de este martes. Duelos en los que deber\u00e1n defender su liderato en la Euroliga por un lado, mientras que ante Unicaja y Zaragoza, los de Pedro Mart\u00ednez tienen la opci\u00f3n de alcanzar al Real Madrid al frente de la Liga Endesa si no fallan en ning\u00fan partido o en el caso de que los blancos tropiecen en su pr\u00f3xima visita al MoraBanc Andorra y los taronja logren al menos una victoria en sus dos pr\u00f3ximos compromisos ligueros.<\/p>\n<p class=\"ft-text\"><a class=\"ft-link ft-link--decoration\" href=\"https:\/\/www.superdeporte.es\/valencia-basket\/2026\/01\/04\/pedro-martinez-equipo-coral-valencia-basket-manresa-125372211.html\" rel=\"nofollow noopener\" target=\"_blank\"><strong>El propio Pedro Mart\u00ednez define esta semana como \u00abuna de las m\u00e1s dif\u00edciles del a\u00f1o\u00bb<\/strong><\/a>, pero recalca tambi\u00e9n que \u00abes una semana muy bonita y nos gusta, as\u00ed nos probamos\u00bb. Un mensaje ambicioso de un equipo al que le gusta asumir grandes retos y que, pensando partido a partido, est\u00e1 siendo capaz de mantener su alto rendimiento pese a la dificultad de compaginar ambas competiciones.<\/p>\n<p><img decoding=\"async\" src=\"https:\/\/www.europesays.com\/es\/wp-content\/uploads\/2026\/01\/f50cacf3-c4ea-4ecd-88f2-7c7e2596ad3b_alta-libre-aspect-ratio_default_0_x1025y816.jpg\" width=\"1200\" height=\"800\" alt=\"Nate Reuvers y Braxton Key, ante Pierre Oriola en el duelo entre Valencia Basket y Baxi Manresa.\" class=\"ft-helper-img-rd\" loading=\"lazy\"\/><\/p>\n<p class=\"ft-helper-fontColor-quaternary ft-helper-fontSize-body-S ft-helper-spacer-t-xxs\">Nate Reuvers y Braxton Key, ante Pierre Oriola en el duelo entre Valencia Basket y Baxi Manresa.  \/ JM L\u00f3pez<\/p>\n<p>Tres partidos por semana<\/p>\n<p class=\"ft-text\">Pero al margen de la dificultad de la actual semana para el Valencia Basket, <strong>los taronja deber\u00e1n afrontar otros tres partidos por semana hasta fin de mes<\/strong>, en una aut\u00e9ntica cuesta de enero para los de Pedro Mart\u00ednez, que en la \u00fanica semana en la que no ten\u00edan partido de Euroliga, deber\u00e1n jugar tambi\u00e9n el partido aplazado de Liga Endesa.<\/p>\n<p class=\"ft-text\">As\u00ed, tras los dos primeros partidos del a\u00f1o ante el Surne Bilbao y el Baxi Manresa, <strong>el Valencia BC deber\u00e1 jugar otros 10 partidos en 24 d\u00edas<\/strong> todo un marat\u00f3n que comienzan al menos con todos los jugadores disponibles y, por tanto, con la posibilidad de hacer rotaciones y administrar descansos para mantener la intensidad actual en cada partido.<\/p>\n<p>Visita a los campeones de Euroliga y Liga Endesa<\/p>\n<p class=\"ft-text\">La pr\u00f3xima semana, tras el duelo del lunes ante el Zaragoza, <strong>visitar\u00e1n <\/strong><a class=\"ft-link ft-link--decoration\" href=\"https:\/\/www.superdeporte.es\/valencia-basket\/2025\/10\/28\/arrollador-valencia-bc-tumba-campeon-fenerbahce-roig-arena-123123779.html\" rel=\"nofollow noopener\" target=\"_blank\"><strong>al Fenerbah\u00e7e en la Euroliga<\/strong><\/a><strong> y al Real Madrid en la Liga Endesa, los dos vigentes campeones de ambas competiciones<\/strong>. El 20 de enero recibir\u00e1n al Par\u00eds Basketball y dos d\u00edas despu\u00e9s recibir\u00e1n al Bayern M\u00fanich, antes de acabar la semana a domicilio ante el Gran Canaria en la Liga Endesa. Los taronja cerrar\u00e1n el mes el 29 de enero recibiendo al Maccabi en la Euroliga, aunque el mismo 1 de febrero volver\u00e1n a jugar contra el Hiopos Lleida en la Liga Endesa.<\/p>\n","protected":false},"excerpt":{"rendered":"El Valencia Basket ha comenzado el a\u00f1o manteniendo el nivel de juego y resultados que est\u00e1 deslumbrando en&hellip;\n","protected":false},"author":2,"featured_media":324120,"comment_status":"","ping_status":"","sticky":false,"template":"","format":"standard","meta":{"footnotes":""},"categories":[269],"tags":[299,1918,298,75164,5191,168,2917,17936,25,24,833,1044,665,6758,12326,23,167,235,2916],"class_list":{"0":"post-324119","1":"post","2":"type-post","3":"status-publish","4":"format-standard","5":"has-post-thumbnail","7":"category-baloncesto","8":"tag-baloncesto","9":"tag-basket","10":"tag-basketball","11":"tag-calendario-acb","12":"tag-cuesta","13":"tag-deportes","14":"tag-endesa","15":"tag-enero","16":"tag-es","17":"tag-espana","18":"tag-euroliga","19":"tag-liga","20":"tag-liga-endesa","21":"tag-partidos","22":"tag-pedro-martinez","23":"tag-spain","24":"tag-sports","25":"tag-valencia","26":"tag-valencia-basket"},"share_on_mastodon":{"url":"https:\/\/pubeurope.com\/@es\/115842432538588109","error":""},"_links":{"self":[{"href":"https:\/\/www.europesays.com\/es\/wp-json\/wp\/v2\/posts\/324119","targetHints":{"allow":["GET"]}}],"collection":[{"href":"https:\/\/www.europesays.com\/es\/wp-json\/wp\/v2\/posts"}],"about":[{"href":"https:\/\/www.europesays.com\/es\/wp-json\/wp\/v2\/types\/post"}],"author":[{"embeddable":true,"href":"https:\/\/www.europesays.com\/es\/wp-json\/wp\/v2\/users\/2"}],"replies":[{"embeddable":true,"href":"https:\/\/www.europesays.com\/es\/wp-json\/wp\/v2\/comments?post=324119"}],"version-history":[{"count":0,"href":"https:\/\/www.europesays.com\/es\/wp-json\/wp\/v2\/posts\/324119\/revisions"}],"wp:featuredmedia":[{"embeddable":true,"href":"https:\/\/www.europesays.com\/es\/wp-json\/wp\/v2\/media\/324120"}],"wp:attachment":[{"href":"https:\/\/www.europesays.com\/es\/wp-json\/wp\/v2\/media?parent=324119"}],"wp:term":[{"taxonomy":"category","embeddable":true,"href":"https:\/\/www.europesays.com\/es\/wp-json\/wp\/v2\/categories?post=324119"},{"taxonomy":"post_tag","embeddable":true,"href":"https:\/\/www.europesays.com\/es\/wp-json\/wp\/v2\/tags?post=324119"}],"curies":[{"name":"wp","href":"https:\/\/api.w.org\/{rel}","templated":true}]}}