{"id":324125,"date":"2026-01-05T12:17:09","date_gmt":"2026-01-05T12:17:09","guid":{"rendered":"https:\/\/www.europesays.com\/es\/324125\/"},"modified":"2026-01-05T12:17:09","modified_gmt":"2026-01-05T12:17:09","slug":"julian-iantzi-vuelve-a-la-aventura-de-el-conquis-ya-se-conoce-la-fecha-de-estreno","status":"publish","type":"post","link":"https:\/\/www.europesays.com\/es\/324125\/","title":{"rendered":"Julian Iantzi vuelve a la aventura de &#8216;El Conquis&#8217;: ya se conoce la fecha de estreno"},"content":{"rendered":"<p><a class=\"v-mdl-ath__fig-a\" href=\"https:\/\/www.elcorreo.com\/autor\/marina-leon-6788.html\" title=\"Marina Le\u00f3n\" rel=\"nofollow noopener\" target=\"_blank\"><br \/>\n<img decoding=\"async\" class=\"v-mdl-ath__img\" src=\"https:\/\/www.europesays.com\/es\/wp-content\/uploads\/2025\/12\/autor-6788-foto-1.jpeg\" alt=\"Marina Le\u00f3n\"\/><br \/>\n<\/a><\/p>\n<p class=\"v-mdl-ath__p v-mdl-ath__p--6\">\nLunes, 5 de enero 2026, 12:25<\/p>\n<p>| Actualizado 12:57h.<\/p>\n<p class=\"v-p\">Vuelve la aventura de supervivencia m\u00e1s exigente de la televisi\u00f3n. &#8216;El Conquistador del fin del mundo&#8217; estrenar\u00e1 el pr\u00f3ximo 12 de enero su edici\u00f3n n\u00famero 22. Las voces que apuntaban a un posible regreso de Julian Iantzi estaban en lo cierto. El presentador vuelve al reality vasco y lo hace acompa\u00f1ado de Patxi Alonso y Lur Errekondo. Y a\u00fan queda una duda por despejar\u2026 Uno de los esl\u00f3ganes del concurso de este a\u00f1o: &#8216;doble emoci\u00f3n, doble aventura&#8217;. La inc\u00f3gnita se resolver\u00e1 en la primera gala. Lo que s\u00ed se conoce es que ser\u00e1 el Parque Nacional Los Haitises, en Rep\u00fablica Dominicana, el escenario en el que los participantes llevar\u00e1n a cabo las pruebas extremas.<\/p>\n<p class=\"v-p\">El regreso de Julian Iantzi ha causado sorpresa. Tras veinte a\u00f1os al frente del programa en ETB, el presentador navarro aterriz\u00f3 en 2023 en RTVE para dirigir &#8216;El Conquistador&#8217; junto a Raquel S\u00e1nchez Silva. El comunicador se convirti\u00f3 en la diana de las cr\u00edticas de los fieles seguidores del reality vasco. El desencanto de la hinchada de &#8216;El Conquis&#8217; qued\u00f3 patente el a\u00f1o pasado cuando, de golpe y porrazo, el programa <a href=\"https:\/\/www.elcorreo.com\/culturas\/tv\/el-conquis-pierde-mitad-hinchada-pese-regreso-julian-iantzi-20250215115615-nt.html\" target=\"_blank\" title=\"&#039;El Conquis&#039; pierde a casi la mitad de su hinchada\" data-voc-vtm-id=\"in-text-traffic\" data-mrf-link=\"www.elcorreo.com\" rel=\"nofollow noopener\">perdi\u00f3 casi la mitad de sus espectadores<\/a>. Finalmente, Iantzi regres\u00f3 para conducir &#8216;El debate del Conquis&#8217; (ETB2). En esta ocasi\u00f3n, vuelve al veterano programa de la televisi\u00f3n vasca para vivir la aventura de primera mano.<\/p>\n<p><a href=\"http:\/\/www.elcorreo.com\/culturas\/tv\/dos-primeros-concursantes-conquis-20251014135523-nt.html#vtm_modulosEngag=mod-rel:culturas:noticia:1:cmp:1-not\" class=\"v-a-link\" aria-label=\"Imagen\" rel=\"nofollow noopener\" target=\"_blank\"><\/p>\n<p><img decoding=\"async\" loading=\"lazy\" src=\"https:\/\/www.europesays.com\/es\/wp-content\/uploads\/2026\/01\/combo-conquis-k99D--366x256@El Correo.jpg\" class=\"v-a-img\" width=\"258\" height=\"180\" alt=\"\" data-voc-vtm-id=\"in-text-traffic\"\/><\/p>\n<p><\/a><\/p>\n<p class=\"v-p\">Aunque el concurso tiene alg\u00fan as guardado en la manga, lo que s\u00ed es seguro es que ya se conoce <a href=\"https:\/\/www.elcorreo.com\/culturas\/tv\/dos-primeros-concursantes-conquis-20251014135523-nt.html\" target=\"_blank\" title=\"Estos son los dos primeros concursantes de &#039;El Conquis&#039;\" data-voc-vtm-id=\"in-text-traffic\" data-mrf-link=\"www.elcorreo.com\" rel=\"nofollow noopener\">la identidad de los dos primeros concursantes<\/a> que competir\u00e1n por hacerse con la ikurri\u00f1a: la bilba\u00edna Nerea P\u00e9rez y el navarro Aimar Marcos. Ell, de Rekalde y con 24 a\u00f1os, ha sido elegida a trav\u00e9s de Gazteak y solo con ver su v\u00eddeo de presentaci\u00f3n si algo queda claro es que esta joven que aspira a ser profesora de Educaci\u00f3n Primaria est\u00e1 en plena forma. Con cuatro a\u00f1os empez\u00f3 a practicar gimnasia r\u00edtmica, un deporte en el que estuvo inmersa hasta los 17. Por su parte, Aimar, de Ansoain y 25 a\u00f1os, es alba\u00f1il de profesi\u00f3n y no tiene pinta de que vaya a pasar desapercibido. Chisposo, impulsivo&#8230; Lleg\u00f3 hasta a equivocarse en el d\u00eda que deb\u00eda presentarse al casting. \u00abMe plant\u00e9 el lunes y el de la garita me dijo que era el jueves\u00bb, comparte con el programa entre risas.<\/p>\n<p>Reporta un error<\/p>\n","protected":false},"excerpt":{"rendered":"Lunes, 5 de enero 2026, 12:25 | Actualizado 12:57h. Vuelve la aventura de supervivencia m\u00e1s exigente de la&hellip;\n","protected":false},"author":2,"featured_media":324126,"comment_status":"","ping_status":"","sticky":false,"template":"","format":"standard","meta":{"footnotes":""},"categories":[171],"tags":[8771,11181,9984,146,147,25,24,1055,1151,75165,16401,23,214,739],"class_list":{"0":"post-324125","1":"post","2":"type-post","3":"status-publish","4":"format-standard","5":"has-post-thumbnail","7":"category-tv","8":"tag-aventura","9":"tag-conoce","10":"tag-conquis","11":"tag-entertainment","12":"tag-entretenimiento","13":"tag-es","14":"tag-espana","15":"tag-estreno","16":"tag-fecha","17":"tag-iantzi","18":"tag-julian","19":"tag-spain","20":"tag-tv","21":"tag-vuelve"},"share_on_mastodon":{"url":"https:\/\/pubeurope.com\/@es\/115842452274751735","error":""},"_links":{"self":[{"href":"https:\/\/www.europesays.com\/es\/wp-json\/wp\/v2\/posts\/324125","targetHints":{"allow":["GET"]}}],"collection":[{"href":"https:\/\/www.europesays.com\/es\/wp-json\/wp\/v2\/posts"}],"about":[{"href":"https:\/\/www.europesays.com\/es\/wp-json\/wp\/v2\/types\/post"}],"author":[{"embeddable":true,"href":"https:\/\/www.europesays.com\/es\/wp-json\/wp\/v2\/users\/2"}],"replies":[{"embeddable":true,"href":"https:\/\/www.europesays.com\/es\/wp-json\/wp\/v2\/comments?post=324125"}],"version-history":[{"count":0,"href":"https:\/\/www.europesays.com\/es\/wp-json\/wp\/v2\/posts\/324125\/revisions"}],"wp:featuredmedia":[{"embeddable":true,"href":"https:\/\/www.europesays.com\/es\/wp-json\/wp\/v2\/media\/324126"}],"wp:attachment":[{"href":"https:\/\/www.europesays.com\/es\/wp-json\/wp\/v2\/media?parent=324125"}],"wp:term":[{"taxonomy":"category","embeddable":true,"href":"https:\/\/www.europesays.com\/es\/wp-json\/wp\/v2\/categories?post=324125"},{"taxonomy":"post_tag","embeddable":true,"href":"https:\/\/www.europesays.com\/es\/wp-json\/wp\/v2\/tags?post=324125"}],"curies":[{"name":"wp","href":"https:\/\/api.w.org\/{rel}","templated":true}]}}