{"id":324139,"date":"2026-01-05T12:25:08","date_gmt":"2026-01-05T12:25:08","guid":{"rendered":"https:\/\/www.europesays.com\/es\/324139\/"},"modified":"2026-01-05T12:25:08","modified_gmt":"2026-01-05T12:25:08","slug":"donald-trump-asegura-que-cuba-esta-a-punto-de-caer-dw-05-01-2026","status":"publish","type":"post","link":"https:\/\/www.europesays.com\/es\/324139\/","title":{"rendered":"Donald Trump asegura que Cuba \u201cest\u00e1 a punto de caer\u201d \u2013 DW \u2013 05\/01\/2026"},"content":{"rendered":"<p>El presidente de Estados Unidos, el republicano <a class=\"internal-link\" href=\"https:\/\/www.dw.com\/es\/donald-trump\/t-19445010\" rel=\"nofollow noopener\" target=\"_blank\">Donald Trump<\/a>, asegur\u00f3 el domingo (04.01.2026) que <a class=\"internal-link\" href=\"https:\/\/www.dw.com\/es\/cuba\/t-17411744\" rel=\"nofollow noopener\" target=\"_blank\">Cuba<\/a> est\u00e1 \u00aba punto de caer\u00bb y apunt\u00f3 que su econom\u00eda -devastada por a\u00f1os de embargo estadounidense y mala gesti\u00f3n interna- est\u00e1 en la ruina, escenario que se ver\u00e1 empeorado porque ahora no tendr\u00e1 acceso al petr\u00f3leo venezolano, tras el ataque contra Caracas que deriv\u00f3 en la captura de Nicol\u00e1s Maduro.<\/p>\n<p>\u00abCuba parece que est\u00e1 a punto de caer, se est\u00e1 hundiendo definitivamente. No s\u00e9 c\u00f3mo van a poder mantenerse, no tienen ingresos. Recib\u00edan todo sus ingresos de Venezuela, del petr\u00f3leo venezolano\u00bb, asegur\u00f3 el mandatario estadounidense. \u00abMuchos cubano-americanos van a estar muy contentos con nosotros\u00bb, a\u00f1adi\u00f3. \u00abVamos a acabar hablando de Cuba, porque est\u00e1 en decadencia y queremos ayudar a la gente\u00bb, apunt\u00f3.<\/p>\n<p>En las declaraciones, realizadas a bordo del Air Force One, Trump consider\u00f3 que, ante la mala situaci\u00f3n econ\u00f3mica en la isla, no ser\u00eda necesaria una operaci\u00f3n similar a la que captur\u00f3 el s\u00e1bado en Caracas al presidente venezolano. \u00abNo creo que necesitemos ninguna acci\u00f3n\u00bb, asegur\u00f3 Trump, quien un d\u00eda antes hab\u00eda declarado a la prensa que consideraba que el gobierno cubano era \u00abmuy similar\u00bb al venezolano.<\/p>\n<p>\u00abGobierno cubano es un gran problema\u00bb<\/p>\n<p>Por su parte, el secretario de Estado, <a class=\"internal-link\" href=\"https:\/\/www.dw.com\/es\/marco-rubio\/t-42664691\" rel=\"nofollow noopener\" target=\"_blank\">Marco Rubio<\/a>, evit\u00f3 este domingo en una entrevista televisada dar una respuesta clara sobre la isla y se limit\u00f3 a decir que \u00abel Gobierno cubano es un gran problema\u00bb. Rubio, exsenador por Florida e hijo de inmigrantes cubanos, sostiene desde hace tiempo que Cuba es una dictadura que reprime a su pueblo.<\/p>\n<p>\u00abNo voy a hablarles ahora sobre cu\u00e1les ser\u00e1n nuestros pr\u00f3ximos pasos ni nuestras pol\u00edticas al respecto. Pero creo que no es ning\u00fan secreto que no somos precisamente admiradores del r\u00e9gimen cubano\u00bb, dijo a NBC News. \u00abEsto es el hemisferio occidental. Aqu\u00ed es donde vivimos, y no vamos a permitir que el hemisferio occidental sea una base de operaciones para los adversarios, competidores y rivales de Estados Unidos\u00bb, agreg\u00f3.<\/p>\n<p>Las autoridades cubanas convocaron una manifestaci\u00f3n en apoyo al Gobierno de Venezuela y criticaron la operaci\u00f3n militar estadounidense. A trav\u00e9s de un comunicado llamaron a \u00abtodas las naciones de la regi\u00f3n a permanecer alertas, porque la amenaza se cierne sobre todos nosotros\u00bb.<\/p>\n<p>DZC (EFE, AP, AFP)<\/p>\n","protected":false},"excerpt":{"rendered":"El presidente de Estados Unidos, el republicano Donald Trump, asegur\u00f3 el domingo (04.01.2026) que Cuba est\u00e1 \u00aba punto&hellip;\n","protected":false},"author":2,"featured_media":324140,"comment_status":"","ping_status":"","sticky":false,"template":"","format":"standard","meta":{"footnotes":""},"categories":[42],"tags":[17,18,13,14,11,61,62,63,64,19,20,9,10,15,16,12,21,22,65,66,67],"class_list":{"0":"post-324139","1":"post","2":"type-post","3":"status-publish","4":"format-standard","5":"has-post-thumbnail","7":"category-internacional","8":"tag-breaking-news","9":"tag-breakingnews","10":"tag-featured-news","11":"tag-featurednews","12":"tag-headlines","13":"tag-internacional","14":"tag-international","15":"tag-international-news","16":"tag-internationalnews","17":"tag-latest-news","18":"tag-latestnews","19":"tag-news","20":"tag-noticias","21":"tag-noticias-destacadas","22":"tag-noticiasdestacadas","23":"tag-titulares","24":"tag-ultimas-noticias","25":"tag-ultimasnoticias","26":"tag-world","27":"tag-world-news","28":"tag-worldnews"},"share_on_mastodon":{"url":"https:\/\/pubeurope.com\/@es\/115842483778682938","error":""},"_links":{"self":[{"href":"https:\/\/www.europesays.com\/es\/wp-json\/wp\/v2\/posts\/324139","targetHints":{"allow":["GET"]}}],"collection":[{"href":"https:\/\/www.europesays.com\/es\/wp-json\/wp\/v2\/posts"}],"about":[{"href":"https:\/\/www.europesays.com\/es\/wp-json\/wp\/v2\/types\/post"}],"author":[{"embeddable":true,"href":"https:\/\/www.europesays.com\/es\/wp-json\/wp\/v2\/users\/2"}],"replies":[{"embeddable":true,"href":"https:\/\/www.europesays.com\/es\/wp-json\/wp\/v2\/comments?post=324139"}],"version-history":[{"count":0,"href":"https:\/\/www.europesays.com\/es\/wp-json\/wp\/v2\/posts\/324139\/revisions"}],"wp:featuredmedia":[{"embeddable":true,"href":"https:\/\/www.europesays.com\/es\/wp-json\/wp\/v2\/media\/324140"}],"wp:attachment":[{"href":"https:\/\/www.europesays.com\/es\/wp-json\/wp\/v2\/media?parent=324139"}],"wp:term":[{"taxonomy":"category","embeddable":true,"href":"https:\/\/www.europesays.com\/es\/wp-json\/wp\/v2\/categories?post=324139"},{"taxonomy":"post_tag","embeddable":true,"href":"https:\/\/www.europesays.com\/es\/wp-json\/wp\/v2\/tags?post=324139"}],"curies":[{"name":"wp","href":"https:\/\/api.w.org\/{rel}","templated":true}]}}