{"id":324195,"date":"2026-01-05T13:10:07","date_gmt":"2026-01-05T13:10:07","guid":{"rendered":"https:\/\/www.europesays.com\/es\/324195\/"},"modified":"2026-01-05T13:10:07","modified_gmt":"2026-01-05T13:10:07","slug":"ibex-35-hoy-la-bolsa-en-directo-el-ibex-apunta-a-nuevos-records","status":"publish","type":"post","link":"https:\/\/www.europesays.com\/es\/324195\/","title":{"rendered":"Ibex 35 hoy, la Bolsa en Directo | El Ibex apunta a nuevos r\u00e9cords"},"content":{"rendered":"<p class=\"ue-c-article__paragraph\">\n                                        La segunda sesi\u00f3n del a\u00f1o en la renta variable abre la puerta a nuevos m\u00e1ximos hist\u00f3ricos en \u00edndices como el Ibex. El indicador tiene a tiro el nivel de los 17.500 puntos, en una jornada donde las noticias de Venezuela inciden en el petr\u00f3leo, y en el oro.\n                                    <\/p>\n<p>Directos: Gr\u00e1fico Ibex<\/p>\n<p class=\"ue-c-article__paragraph\">Las principales Bolsas comenzaron el a\u00f1o, el pasado viernes, con una clara predisposici\u00f3n a las subidas. Hoy, en la sesi\u00f3n sesi\u00f3n de 2026, la tentaci\u00f3n de comprar persiste en unos mercados donde la <strong>tregua<\/strong> que depara la agenda macro y monetaria otorga mayor protagonismo a las novedades procedentes de Venezuela. <\/p>\n<p class=\"ue-c-article__paragraph\">El sorprendente giro de los acontecimientos en <strong>Venezuela<\/strong> durante el fin de semana, con el arresto de Nicol\u00e1s Maduro por parte de Estados Unidos, <a href=\"https:\/\/www.expansion.com\/mercados\/2026\/01\/05\/695b6990e5fdeab9438b457f.html\" rel=\"nofollow noopener\" target=\"_blank\">incide especialmente en mercados como los de petr\u00f3leo y oro<\/a>.<\/p>\n","protected":false},"excerpt":{"rendered":"La segunda sesi\u00f3n del a\u00f1o en la renta variable abre la puerta a nuevos m\u00e1ximos hist\u00f3ricos en \u00edndices&hellip;\n","protected":false},"author":2,"featured_media":324196,"comment_status":"","ping_status":"","sticky":false,"template":"","format":"standard","meta":{"footnotes":""},"categories":[80],"tags":[12239,82,95,94,25,24,114,23],"class_list":{"0":"post-324195","1":"post","2":"type-post","3":"status-publish","4":"format-standard","5":"has-post-thumbnail","7":"category-economia","8":"tag-bolsa-de-wall-street","9":"tag-business","10":"tag-economia","11":"tag-economy","12":"tag-es","13":"tag-espana","14":"tag-mercados","15":"tag-spain"},"share_on_mastodon":{"url":"https:\/\/pubeurope.com\/@es\/115842660755664542","error":""},"_links":{"self":[{"href":"https:\/\/www.europesays.com\/es\/wp-json\/wp\/v2\/posts\/324195","targetHints":{"allow":["GET"]}}],"collection":[{"href":"https:\/\/www.europesays.com\/es\/wp-json\/wp\/v2\/posts"}],"about":[{"href":"https:\/\/www.europesays.com\/es\/wp-json\/wp\/v2\/types\/post"}],"author":[{"embeddable":true,"href":"https:\/\/www.europesays.com\/es\/wp-json\/wp\/v2\/users\/2"}],"replies":[{"embeddable":true,"href":"https:\/\/www.europesays.com\/es\/wp-json\/wp\/v2\/comments?post=324195"}],"version-history":[{"count":0,"href":"https:\/\/www.europesays.com\/es\/wp-json\/wp\/v2\/posts\/324195\/revisions"}],"wp:featuredmedia":[{"embeddable":true,"href":"https:\/\/www.europesays.com\/es\/wp-json\/wp\/v2\/media\/324196"}],"wp:attachment":[{"href":"https:\/\/www.europesays.com\/es\/wp-json\/wp\/v2\/media?parent=324195"}],"wp:term":[{"taxonomy":"category","embeddable":true,"href":"https:\/\/www.europesays.com\/es\/wp-json\/wp\/v2\/categories?post=324195"},{"taxonomy":"post_tag","embeddable":true,"href":"https:\/\/www.europesays.com\/es\/wp-json\/wp\/v2\/tags?post=324195"}],"curies":[{"name":"wp","href":"https:\/\/api.w.org\/{rel}","templated":true}]}}