{"id":32421,"date":"2025-08-07T21:20:07","date_gmt":"2025-08-07T21:20:07","guid":{"rendered":"https:\/\/www.europesays.com\/es\/32421\/"},"modified":"2025-08-07T21:20:07","modified_gmt":"2025-08-07T21:20:07","slug":"wall-street-cierra-con-tendencia-mixta-tras-nuevas-tasas-de-eeuu","status":"publish","type":"post","link":"https:\/\/www.europesays.com\/es\/32421\/","title":{"rendered":"Wall Street Cierra Con Tendencia Mixta Tras Nuevas Tasas De EEUU"},"content":{"rendered":"<p data-type=\"paragraph\">La Bolsa de Valores de Nueva York cerr\u00f3 con resultados mixtos el jueves, algo lastrada por la implementaci\u00f3n de una ola de nuevos aranceles estadounidenses, aunque el sector tecnol\u00f3gico dio muestras de optimismo.<\/p>\n<p data-type=\"paragraph\" class=\"emotion-k3zb6l-Paragraph e1e4oisd0\">Tras abrir al alza, el industrial Dow Jones perdi\u00f3 un 0,51% y el \u00edndice ampliado S&amp;P 500, un 0,08%.<\/p>\n<p data-type=\"paragraph\" class=\"emotion-k3zb6l-Paragraph e1e4oisd0\">Solo el \u00edndice Nasdaq (+0,35 %) resisti\u00f3 esta tendencia bajista, alcanzando un nuevo m\u00e1ximo hist\u00f3rico de 21.242,70 puntos.<\/p>\n<p data-type=\"paragraph\" class=\"emotion-k3zb6l-Paragraph e1e4oisd0\">\u00abTodo se desvaneci\u00f3 al mismo tiempo tras los m\u00e1ximos iniciales de la jornada\u00bb por cuenta del \u00abagotamiento de los compradores\u00bb, dijo a la AFP Patrick O&#8217;Hare de Briefing.com.<\/p>\n<p data-type=\"paragraph\" class=\"emotion-k3zb6l-Paragraph e1e4oisd0\">A\u00f1adi\u00f3 que hay inversores \u00abalgo preocupados por el exceso de confianza del mercado respecto a los aranceles\u00bb.<\/p>\n<p data-type=\"paragraph\" class=\"emotion-k3zb6l-Paragraph e1e4oisd0\">Con la entrada en vigor de una orden ejecutiva de Trump, desde las 00H01 (04H01 GMT) los aranceles estadounidenses subieron del 10\u202f% a entre el 15\u202f% y el 41\u202f% para una lista de socios comerciales de Estados Unidos, en sustituci\u00f3n de los aplicados desde abril, que sin embargo siguen vigentes para m\u00e1s de un centenar de pa\u00edses.<\/p>\n<p data-type=\"paragraph\" class=\"emotion-k3zb6l-Paragraph e1e4oisd0\">Pese al impulso alcista del mercado burs\u00e1til estadounidense en los \u00faltimos meses, con nuevos r\u00e9cords para el S&amp;P 500 y el Nasdaq, el tema comercial \u00aba\u00fan pesa en el mercado, que se pregunta qu\u00e9 podr\u00eda significar esto para la inflaci\u00f3n y las ganancias\u00bb, asegura O&#8217;Hare.<\/p>\n<p data-type=\"paragraph\" class=\"emotion-k3zb6l-Paragraph e1e4oisd0\">La inflaci\u00f3n en Estados Unidos repunt\u00f3 en junio, y varios indicadores, particularmente en el mercado laboral, apuntan a una desaceleraci\u00f3n de la econom\u00eda estadounidense.<\/p>\n<p data-type=\"paragraph\" class=\"emotion-k3zb6l-Paragraph e1e4oisd0\">M\u00e1s all\u00e1 de los aranceles generalizados, Trump ha implementado o anunciado una serie de aranceles espec\u00edficos para sectores como el acero, el aluminio, los autom\u00f3viles y los productos farmac\u00e9uticos.<\/p>\n<p data-type=\"paragraph\" class=\"emotion-k3zb6l-Paragraph e1e4oisd0\">\u00abEn general, el mercado sigue operando bajo el supuesto de que las negociaciones continuar\u00e1n y que estos aranceles m\u00e1s altos para muchos de estos pa\u00edses finalmente se reducir\u00e1n\u00bb, enfatiza O&#8217;Hare.<\/p>\n<p data-type=\"paragraph\" class=\"emotion-k3zb6l-Paragraph e1e4oisd0\">Los inversores, por ejemplo, acogieron con satisfacci\u00f3n el anuncio del mi\u00e9rcoles del presidente estadounidense de aplicar amplias exenciones sobre semiconductores a los futuros aranceles del 100%.<\/p>\n<p data-type=\"paragraph\" class=\"emotion-k3zb6l-Paragraph e1e4oisd0\">tmc\/cm\/dg\/nn\/ag\/atm<\/p>\n","protected":false},"excerpt":{"rendered":"La Bolsa de Valores de Nueva York cerr\u00f3 con resultados mixtos el jueves, algo lastrada por la implementaci\u00f3n&hellip;\n","protected":false},"author":2,"featured_media":32422,"comment_status":"","ping_status":"","sticky":false,"template":"","format":"standard","meta":{"footnotes":""},"categories":[80],"tags":[82,95,94,115,25,24,114,9522,23,116,113],"class_list":{"0":"post-32421","1":"post","2":"type-post","3":"status-publish","4":"format-standard","5":"has-post-thumbnail","7":"category-economia","8":"tag-business","9":"tag-economia","10":"tag-economy","11":"tag-eeuu","12":"tag-es","13":"tag-espana","14":"tag-mercados","15":"tag-newyork","16":"tag-spain","17":"tag-synd","18":"tag-valores"},"share_on_mastodon":{"url":"","error":""},"_links":{"self":[{"href":"https:\/\/www.europesays.com\/es\/wp-json\/wp\/v2\/posts\/32421","targetHints":{"allow":["GET"]}}],"collection":[{"href":"https:\/\/www.europesays.com\/es\/wp-json\/wp\/v2\/posts"}],"about":[{"href":"https:\/\/www.europesays.com\/es\/wp-json\/wp\/v2\/types\/post"}],"author":[{"embeddable":true,"href":"https:\/\/www.europesays.com\/es\/wp-json\/wp\/v2\/users\/2"}],"replies":[{"embeddable":true,"href":"https:\/\/www.europesays.com\/es\/wp-json\/wp\/v2\/comments?post=32421"}],"version-history":[{"count":0,"href":"https:\/\/www.europesays.com\/es\/wp-json\/wp\/v2\/posts\/32421\/revisions"}],"wp:featuredmedia":[{"embeddable":true,"href":"https:\/\/www.europesays.com\/es\/wp-json\/wp\/v2\/media\/32422"}],"wp:attachment":[{"href":"https:\/\/www.europesays.com\/es\/wp-json\/wp\/v2\/media?parent=32421"}],"wp:term":[{"taxonomy":"category","embeddable":true,"href":"https:\/\/www.europesays.com\/es\/wp-json\/wp\/v2\/categories?post=32421"},{"taxonomy":"post_tag","embeddable":true,"href":"https:\/\/www.europesays.com\/es\/wp-json\/wp\/v2\/tags?post=32421"}],"curies":[{"name":"wp","href":"https:\/\/api.w.org\/{rel}","templated":true}]}}