{"id":324219,"date":"2026-01-05T13:30:08","date_gmt":"2026-01-05T13:30:08","guid":{"rendered":"https:\/\/www.europesays.com\/es\/324219\/"},"modified":"2026-01-05T13:30:08","modified_gmt":"2026-01-05T13:30:08","slug":"la-incidencia-baja-en-las-tres-provincias","status":"publish","type":"post","link":"https:\/\/www.europesays.com\/es\/324219\/","title":{"rendered":"la incidencia baja en las tres provincias"},"content":{"rendered":"<p>La incidencia de la <a target=\"_blank\" data-generated=\"auto\" href=\"https:\/\/www.aragondigital.es\/tags\/gripe\" rel=\"nofollow noopener\">gripe<\/a> en <a target=\"_blank\" data-generated=\"auto\" href=\"https:\/\/www.aragondigital.es\/tags\/aragon\/\" rel=\"nofollow noopener\">Arag\u00f3n<\/a> mantiene su tendencia descendente en la primera semana de 2026. En concreto, se sit\u00faa en <strong>100,7 casos por 100.000<\/strong> habitantes en el conjunto de la Comunidad Aut\u00f3noma, en la semana epidemiol\u00f3gica uno, la comprendida entre el 29 de diciembre de 2025 y el 4 de enero de 2026. Por provincias, la incidencia presenta distintos valores. En <a target=\"_blank\" data-generated=\"auto\" href=\"https:\/\/www.aragondigital.es\/blog\/section\/huesca\/\" rel=\"nofollow noopener\">Huesca<\/a>, registra <strong>151,1 casos por 100.000<\/strong> habitantes; en <a target=\"_blank\" data-generated=\"auto\" href=\"https:\/\/www.aragondigital.es\/seccion\/zaragoza\/\" rel=\"nofollow noopener\">Zaragoza<\/a>, 91,5 casos; y en <a target=\"_blank\" data-generated=\"auto\" href=\"https:\/\/www.aragondigital.es\/seccion\/teruel\/\" rel=\"nofollow noopener\">Teruel<\/a>, 83,0 casos por 100.000 habitantes, seg\u00fan los datos correspondientes a la semana analizada.<\/p>\n<p>La semana epidemiol\u00f3gica anterior (semana 52), la incidencia de la gripe en Arag\u00f3n se situ\u00f3 en <strong>127,2 casos por 100.000<\/strong> habitantes. Por provincias, fue de 172,6 casos por 100.000 habitantes en <a target=\"_blank\" data-generated=\"auto\" href=\"https:\/\/www.aragondigital.es\/seccion\/huesca\/\" rel=\"nofollow noopener\">Huesca<\/a>, de 113,5 en Zaragoza y de 149,8 en Teruel. Por lo tanto, ha tenido lugar un nuevo descenso generalizado.<\/p>\n<p>SE MANTIENE EL NIVEL 2 DE RIESGO<\/p>\n<p>En la actualidad, las tres provincias aragonesas se encuentran en <strong>nivel 2 de riesgo<\/strong>, de acuerdo con el protocolo de escenarios de riesgo y recomendaciones frente a la gripe del Gobierno de Arag\u00f3n. Este nivel conlleva el refuerzo de las medidas preventivas, con especial atenci\u00f3n a la vacunaci\u00f3n, en un contexto marcado por el incremento de encuentros sociales y familiares propios de estas fechas.<\/p>\n<p>Asimismo, contin\u00faa vigente la <strong>orden del consejero de <a target=\"_blank\" data-generated=\"auto\" href=\"https:\/\/www.aragondigital.es\/blog\/section\/sanidad\/\" rel=\"nofollow noopener\">Sanidad<\/a><\/strong>, Jos\u00e9 Luis Bancalero Flores, publicada el 26 de noviembre de 2025 en el Bolet\u00edn Oficial de Arag\u00f3n, relativa al uso de mascarillas. En este marco, la mascarilla es de uso obligatorio para los profesionales de centros sanitarios y sociosanitarios y altamente recomendable para usuarios. Para la poblaci\u00f3n en general, se aconseja su uso en espacios cerrados con aglomeraci\u00f3n de personas.<\/p>\n<p>La vacunaci\u00f3n sigue siendo una de las principales herramientas para prevenir complicaciones y <strong>reducir los ingresos hospitalarios<\/strong> asociados a la gripe, especialmente en personas con factores de riesgo.<\/p>\n<p>Tambi\u00e9n se recomienda mantener medidas b\u00e1sicas de prevenci\u00f3n, como la <strong>correcta higiene de manos<\/strong>, el uso de mascarilla, especialmente en caso de s\u00edntomas respiratorios, la ventilaci\u00f3n adecuada de los espacios cerrados y la reducci\u00f3n de contactos sociales cuando sea posible, con el objetivo de proteger a las personas m\u00e1s vulnerables.<\/p>\n","protected":false},"excerpt":{"rendered":"La incidencia de la gripe en Arag\u00f3n mantiene su tendencia descendente en la primera semana de 2026. En&hellip;\n","protected":false},"author":2,"featured_media":324220,"comment_status":"","ping_status":"","sticky":false,"template":"","format":"standard","meta":{"footnotes":""},"categories":[92],"tags":[25,24,9548,7749,165,338,166,1811,23],"class_list":{"0":"post-324219","1":"post","2":"type-post","3":"status-publish","4":"format-standard","5":"has-post-thumbnail","7":"category-salud","8":"tag-es","9":"tag-espana","10":"tag-gobierno-de-aragon","11":"tag-gripe","12":"tag-health","13":"tag-portada","14":"tag-salud","15":"tag-sanidad","16":"tag-spain"},"share_on_mastodon":{"url":"https:\/\/pubeurope.com\/@es\/115842739390531258","error":""},"_links":{"self":[{"href":"https:\/\/www.europesays.com\/es\/wp-json\/wp\/v2\/posts\/324219","targetHints":{"allow":["GET"]}}],"collection":[{"href":"https:\/\/www.europesays.com\/es\/wp-json\/wp\/v2\/posts"}],"about":[{"href":"https:\/\/www.europesays.com\/es\/wp-json\/wp\/v2\/types\/post"}],"author":[{"embeddable":true,"href":"https:\/\/www.europesays.com\/es\/wp-json\/wp\/v2\/users\/2"}],"replies":[{"embeddable":true,"href":"https:\/\/www.europesays.com\/es\/wp-json\/wp\/v2\/comments?post=324219"}],"version-history":[{"count":0,"href":"https:\/\/www.europesays.com\/es\/wp-json\/wp\/v2\/posts\/324219\/revisions"}],"wp:featuredmedia":[{"embeddable":true,"href":"https:\/\/www.europesays.com\/es\/wp-json\/wp\/v2\/media\/324220"}],"wp:attachment":[{"href":"https:\/\/www.europesays.com\/es\/wp-json\/wp\/v2\/media?parent=324219"}],"wp:term":[{"taxonomy":"category","embeddable":true,"href":"https:\/\/www.europesays.com\/es\/wp-json\/wp\/v2\/categories?post=324219"},{"taxonomy":"post_tag","embeddable":true,"href":"https:\/\/www.europesays.com\/es\/wp-json\/wp\/v2\/tags?post=324219"}],"curies":[{"name":"wp","href":"https:\/\/api.w.org\/{rel}","templated":true}]}}