{"id":324227,"date":"2026-01-05T13:34:10","date_gmt":"2026-01-05T13:34:10","guid":{"rendered":"https:\/\/www.europesays.com\/es\/324227\/"},"modified":"2026-01-05T13:34:10","modified_gmt":"2026-01-05T13:34:10","slug":"la-abogacia-espanola-asiste-al-juicio-contra-el-decano-del-colegio-de-abogados-de-estambul-y-su-junta-abogacia-espanola","status":"publish","type":"post","link":"https:\/\/www.europesays.com\/es\/324227\/","title":{"rendered":"La Abogac\u00eda Espa\u00f1ola asiste al juicio contra el decano del Colegio de Abogados de Estambul y su Junta \u2013 Abogac\u00eda Espa\u00f1ola"},"content":{"rendered":"<p>\t<a href=\"https:\/\/www.abogacia.es\/wp-content\/uploads\/2025\/12\/Image-3-scaled.jpeg\" rel=\"nofollow noopener\" target=\"_blank\"><img fetchpriority=\"high\" decoding=\"async\" class=\"wp-image-269094 size-medium\" src=\"https:\/\/www.europesays.com\/es\/wp-content\/uploads\/2026\/01\/Image-3-300x225.jpeg\" alt=\"Dominique Attias (FBE), Berta \u00c1lvarez (Abogac\u00eda Espa\u00f1ola), Antonio Fraticelli (OIAD), Ibrahim Kaboglu (decano), Hurrem Somnez (Junta Gobierno Colegio Estambul), Barbara Porta (presidenta DDHH CCBE), Sandrine Giroud (decana Ginebra).\" width=\"300\" height=\"225\"  \/><\/a>Dominique Attias (FBE), Berta \u00c1lvarez (Abogac\u00eda Espa\u00f1ola), Antonio Fraticelli (OIAD), Ibrahim Kaboglu (decano), Hurrem Somnez (Junta Gobierno Colegio Estambul), Barbara Porta (presidenta DDHH CCBE), Sandrine Giroud (decana Ginebra).<\/p>\n<p>El Consejo General de la Abogac\u00eda Espa\u00f1ola ha asistido hoy al juicio penal contra el decano del Colegio de Abogados de Estambul, <a href=\"https:\/\/www.abogacia.es\/actualidad\/noticias\/decano-del-colegio-de-abogados-de-estambul-si-los-abogados-no-son-libres-no-estan-seguros-los-derechos-de-nadie\/\" rel=\"nofollow noopener\" target=\"_blank\">\u0130brahim Kabo\u011flu<\/a>, y los miembros de su Junta, celebrado en el campus de la prisi\u00f3n de Silivri. La presencia de la Abogac\u00eda Espa\u00f1ola responde al mandato del Observatorio Internacional de la Abogac\u00eda en Riesgo (OIAD), en una vista a la que han acudido m\u00e1s de 50 representantes de abogac\u00edas europeas y organizaciones de la profesi\u00f3n.<\/p>\n<p>El Colegio de Abogados de Estambul <a href=\"https:\/\/www.abogacia.es\/actualidad\/noticias\/la-abogacia-espanola-entrega-sus-premios-derechos-carlos-carnicer-dedicados-a-proteger-a-la-abogacia-defensora\/\" rel=\"nofollow noopener\" target=\"_blank\">fue distinguido el pasado a\u00f1o por la Abogac\u00eda Espa\u00f1ola<\/a> con el Premio Derechos Humanos Carlos Carnicer, en la categor\u00eda de \u201cInstituci\u00f3n\u201d, en reconocimiento a su firme compromiso con la defensa del derecho de defensa, la libertad de expresi\u00f3n y la independencia de la abogac\u00eda, pilares esenciales de la justicia y de la protecci\u00f3n de los derechos humanos, incluso frente a la persecuci\u00f3n y la presi\u00f3n institucional.<\/p>\n<p>Tras exigir una investigaci\u00f3n independiente por el asesinato de los periodistas kurdos Nazim Da\u015ftan y Cihan Bilgin en diciembre de 2024, el decano \u0130brahim Kabo\u011flu y varios miembros del Colegio fueron destituidos de sus cargos y procesados por presunta \u201cpropaganda terrorista\u201d. Pese a ello, el Colegio de Abogados de Estambul mantiene su compromiso con la defensa de los valores fundamentales del Estado de Derecho.<\/p>\n<p>La primera vista del proceso penal tuvo lugar en mayo de 2025. El decano y los miembros del Consejo del Colegio se enfrentan a penas de entre 3 y 12 a\u00f1os de prisi\u00f3n.<\/p>\n<p><a href=\"https:\/\/www.abogacia.es\/wp-content\/uploads\/2025\/12\/Image-2.jpeg\" rel=\"nofollow noopener\" target=\"_blank\"><img loading=\"lazy\" decoding=\"async\" class=\"lazyload wp-image-269093 size-medium\" src=\"https:\/\/www.europesays.com\/es\/wp-content\/uploads\/2026\/01\/Image-2-300x300.jpeg\" alt=\"Vista de la sala con el decano y junta de gobierno en acusados y filas de los observadores internacionales - m\u00e1s de 60 Abogac\u00edas y organizaciones internacionales\" width=\"300\" height=\"300\"  data-\/><\/a>Vista de la sala con el decano y junta de gobierno en acusados y filas de los observadores internacionales \u2013 m\u00e1s de 60 Abogac\u00edas y organizaciones internacionales<\/p>\n<p>En la vista, \u0130brahim Kabo\u011flu ha agradecido el apoyo de los 83 representantes de abogac\u00edas y organizaciones profesionales presentes, mencionando expresamente al Consejo General de la Abogac\u00eda Espa\u00f1ola y al Observatorio Internacional de la Abogac\u00eda en Riesgo \u201cpor su respaldo a la profesi\u00f3n y al Estado de Derecho\u201d.<\/p>\n<p>La Abogac\u00eda ha querido estar presente en esta vista para apoyar y denunciar cualquier irregularidad que afecte al derecho de defensa.<\/p>\n<p><strong>The Spanish Bar Council attends the Trial Against the President of the Istanbul Bar Association and Its Board<\/strong><\/p>\n<p>The General Council of Spanish Bars attended today the criminal trial against the President of the Istanbul Bar Association, \u0130brahim Kabo\u011flu, and the members of its Board, held on the campus of Silivri Prison. The presence of the Spanish Bar responds to the mandate of the International Observatory of Lawyers at Risk (OIAD), at a hearing attended by more than 50 representatives of European bars and professional organizations.<\/p>\n<p>Last year, the Istanbul Bar Association was honored by the Spanish Bar with the Carlos Carnicer Human Rights Award, in the \u201cInstitution\u201d category, in recognition of its firm commitment to the defense of the right to defense, freedom of expression, and the independence of the legal profession\u2014essential pillars of justice and the protection of human rights, even in the face of prosecution and institutional pressure.<\/p>\n<p>After calling for an independent investigation into the murder of Kurdish journalists Nazim Da\u015ftan and Cihan Bilgin in December 2024, President \u0130brahim Kabo\u011flu and several members of the Bar Association were removed from their positions and prosecuted on alleged charges of \u201cterrorist propaganda.\u201d Despite this, the Istanbul Bar Association maintains its commitment to defending the fundamental values of the Rule of Law.<\/p>\n<p>The first hearing of the criminal proceedings took place in May 2025. The President and the members of the Bar\u2019s Council face prison sentences ranging from 3 to 12 years.<\/p>\n<p>At the hearing, \u0130brahim Kabo\u011flu thanked the support of the 83 representatives of bar associations and professional organizations present, expressly mentioning the General Council of Spanish Bars and the International Observatory of Lawyers at Risk \u201cfor their support for the profession and the Rule of Law.\u201d<\/p>\n<p>The Spanish Bar wished to be present at this hearing to provide support and to denounce any irregularities affecting the right to defense.<\/p>\n","protected":false},"excerpt":{"rendered":"Dominique Attias (FBE), Berta \u00c1lvarez (Abogac\u00eda Espa\u00f1ola), Antonio Fraticelli (OIAD), Ibrahim Kaboglu (decano), Hurrem Somnez (Junta Gobierno Colegio&hellip;\n","protected":false},"author":2,"featured_media":324228,"comment_status":"","ping_status":"","sticky":false,"template":"","format":"standard","meta":{"footnotes":""},"categories":[42],"tags":[17,18,13,14,11,61,62,63,64,19,20,9,10,15,16,12,21,22,65,66,67],"class_list":{"0":"post-324227","1":"post","2":"type-post","3":"status-publish","4":"format-standard","5":"has-post-thumbnail","7":"category-internacional","8":"tag-breaking-news","9":"tag-breakingnews","10":"tag-featured-news","11":"tag-featurednews","12":"tag-headlines","13":"tag-internacional","14":"tag-international","15":"tag-international-news","16":"tag-internationalnews","17":"tag-latest-news","18":"tag-latestnews","19":"tag-news","20":"tag-noticias","21":"tag-noticias-destacadas","22":"tag-noticiasdestacadas","23":"tag-titulares","24":"tag-ultimas-noticias","25":"tag-ultimasnoticias","26":"tag-world","27":"tag-world-news","28":"tag-worldnews"},"share_on_mastodon":{"url":"https:\/\/pubeurope.com\/@es\/115842755187100186","error":""},"_links":{"self":[{"href":"https:\/\/www.europesays.com\/es\/wp-json\/wp\/v2\/posts\/324227","targetHints":{"allow":["GET"]}}],"collection":[{"href":"https:\/\/www.europesays.com\/es\/wp-json\/wp\/v2\/posts"}],"about":[{"href":"https:\/\/www.europesays.com\/es\/wp-json\/wp\/v2\/types\/post"}],"author":[{"embeddable":true,"href":"https:\/\/www.europesays.com\/es\/wp-json\/wp\/v2\/users\/2"}],"replies":[{"embeddable":true,"href":"https:\/\/www.europesays.com\/es\/wp-json\/wp\/v2\/comments?post=324227"}],"version-history":[{"count":0,"href":"https:\/\/www.europesays.com\/es\/wp-json\/wp\/v2\/posts\/324227\/revisions"}],"wp:featuredmedia":[{"embeddable":true,"href":"https:\/\/www.europesays.com\/es\/wp-json\/wp\/v2\/media\/324228"}],"wp:attachment":[{"href":"https:\/\/www.europesays.com\/es\/wp-json\/wp\/v2\/media?parent=324227"}],"wp:term":[{"taxonomy":"category","embeddable":true,"href":"https:\/\/www.europesays.com\/es\/wp-json\/wp\/v2\/categories?post=324227"},{"taxonomy":"post_tag","embeddable":true,"href":"https:\/\/www.europesays.com\/es\/wp-json\/wp\/v2\/tags?post=324227"}],"curies":[{"name":"wp","href":"https:\/\/api.w.org\/{rel}","templated":true}]}}