{"id":324289,"date":"2026-01-05T14:25:07","date_gmt":"2026-01-05T14:25:07","guid":{"rendered":"https:\/\/www.europesays.com\/es\/324289\/"},"modified":"2026-01-05T14:25:07","modified_gmt":"2026-01-05T14:25:07","slug":"hasta-el-fin-del-mundo-vuelve-a-la-1-la-meta-se-acerca","status":"publish","type":"post","link":"https:\/\/www.europesays.com\/es\/324289\/","title":{"rendered":"&#8216;Hasta el fin del mundo&#8217; vuelve a La 1: la meta se acerca"},"content":{"rendered":"<p>\u2018<a href=\"https:\/\/www.rtve.es\/play\/videos\/hasta-el-fin-del-mundo\/\" rel=\"nofollow noopener\" target=\"_blank\">Hasta el fin del mundo<\/a>\u2019, presentado por Paula V\u00e1zquez, regresa a La 1 tras las navidades y afronta su recta final. En la pen\u00faltima etapa, las seis parejas intentan desplazarse de Argentina a Chile, mientras el dinero y paciencia no dejan de escasear. El final est\u00e1 cada vez m\u00e1s cerca y algunos de los participantes no saben si podr\u00e1n continuar con la carrera.<\/p>\n<p>Yolanda Ramos y Ainoa Olivares afrontan el final con un presupuesto muy limitado<\/p>\n<p>De Mar de Plata a Puerto Varas<\/p>\n<p>El presupuesto de Yolanda Ramos y su sobrina Ainoa es tan limitado que no saben si podr\u00e1n seguir en la aventura. El hambre aparece y Ushuaia se aleja cada vez m\u00e1s. La dificultad para enlazar autobuses se convierte en un obst\u00e1culo para todos. Los precios del transporte son altos y cuadrar los n\u00fameros ya es una haza\u00f1a en s\u00ed misma. Llegar a Puerto Varas, la puerta de entrada a la Patagonia chilena, se complicar\u00e1. <\/p>\n<p>Jedet y Andrea Compton descubren nuevas aficiones al final del camino<\/p>\n<p>Pero no todo van a ser problemas. En este trayecto, Jedet descubrir\u00e1 una nueva vocaci\u00f3n por el baloncesto y Andrea Compton se tatuar\u00e1 un bus como recuerdo imborrable de este viaje. Alba Carrillo y Cristina Cifuentes se encargar\u00e1n de la limpieza del dinosaurio m\u00e1s grande de Argentina, y Anabel Due\u00f1as se emocionar\u00e1 al orde\u00f1ar vacas, porque el recuerdo de su abuela difuminar\u00e1 su miedo a los animales. Por su parte, Aldo Comas y Jos\u00e9 Lamu\u00f1o convertir\u00e1n esta parte del camino en una simbiosis total entre ambos.<\/p>\n<p>\u2018Exceso de equipaje\u2019<\/p>\n<p>El nuevo episodio del videopodcast <a href=\"https:\/\/www.rtve.es\/play\/videos\/exceso-de-equipaje\/\" rel=\"nofollow noopener\" target=\"_blank\">\u2018Exceso de equipaje\u2019<\/a>recibir\u00e1 esta semana a Jedet y Andrea Compton. La pareja de amigas desvelar\u00e1 junto a In\u00e9s Hernand lo mejor de esta aventura en com\u00fan. El programa estar\u00e1 disponible desde la ma\u00f1ana del 8 de enero en <a href=\"https:\/\/www.rtve.es\/play\/\" rel=\"nofollow noopener\" target=\"_blank\">RTVE Play<\/a> y se emitir\u00e1 en La 1 despu\u00e9s de \u2018Hasta el fin del mundo.\u2019 <\/p>\n<p>Aldo Comas y Jos\u00e9 Lamu\u00f1o, simbiosis total<\/p>\n<p>As\u00ed es \u2018Hasta el fin del mundo\u2019<\/p>\n<p>Presentado por Paula V\u00e1zquez y con Yolanda Ramos, Ainoa Olivares Ramos, Alba Carrillo, Cristina Cifuentes, Jedet, Andrea Compton,  Roc\u00edo Carrasco, Anabel Due\u00f1as, NIA, J Kbello, Aldo Comas y Jos\u00e9 Lamu\u00f1o como participantes, \u2018Hasta el fin del mundo\u2019 es la versi\u00f3n espa\u00f1ola de \u2018Race across the world, formato de \u00e9xito en la BBC. Recorre ocho pa\u00edses (Costa Rica, Panam\u00e1, Colombia, Ecuador, Per\u00fa, Bolivia, Argentina y Chile), m\u00e1s de 15.000 kil\u00f3metros, unos 1.500 por cada etapa, en una aventura inigualable que cambiar\u00e1 sus vidas para siempre.<\/p>\n","protected":false},"excerpt":{"rendered":"\u2018Hasta el fin del mundo\u2019, presentado por Paula V\u00e1zquez, regresa a La 1 tras las navidades y afronta&hellip;\n","protected":false},"author":2,"featured_media":324290,"comment_status":"","ping_status":"","sticky":false,"template":"","format":"standard","meta":{"footnotes":""},"categories":[42],"tags":[17,18,13,14,11,61,62,63,64,19,20,9,10,15,16,12,21,22,65,66,67],"class_list":{"0":"post-324289","1":"post","2":"type-post","3":"status-publish","4":"format-standard","5":"has-post-thumbnail","7":"category-internacional","8":"tag-breaking-news","9":"tag-breakingnews","10":"tag-featured-news","11":"tag-featurednews","12":"tag-headlines","13":"tag-internacional","14":"tag-international","15":"tag-international-news","16":"tag-internationalnews","17":"tag-latest-news","18":"tag-latestnews","19":"tag-news","20":"tag-noticias","21":"tag-noticias-destacadas","22":"tag-noticiasdestacadas","23":"tag-titulares","24":"tag-ultimas-noticias","25":"tag-ultimasnoticias","26":"tag-world","27":"tag-world-news","28":"tag-worldnews"},"share_on_mastodon":{"url":"https:\/\/pubeurope.com\/@es\/115842955633686150","error":""},"_links":{"self":[{"href":"https:\/\/www.europesays.com\/es\/wp-json\/wp\/v2\/posts\/324289","targetHints":{"allow":["GET"]}}],"collection":[{"href":"https:\/\/www.europesays.com\/es\/wp-json\/wp\/v2\/posts"}],"about":[{"href":"https:\/\/www.europesays.com\/es\/wp-json\/wp\/v2\/types\/post"}],"author":[{"embeddable":true,"href":"https:\/\/www.europesays.com\/es\/wp-json\/wp\/v2\/users\/2"}],"replies":[{"embeddable":true,"href":"https:\/\/www.europesays.com\/es\/wp-json\/wp\/v2\/comments?post=324289"}],"version-history":[{"count":0,"href":"https:\/\/www.europesays.com\/es\/wp-json\/wp\/v2\/posts\/324289\/revisions"}],"wp:featuredmedia":[{"embeddable":true,"href":"https:\/\/www.europesays.com\/es\/wp-json\/wp\/v2\/media\/324290"}],"wp:attachment":[{"href":"https:\/\/www.europesays.com\/es\/wp-json\/wp\/v2\/media?parent=324289"}],"wp:term":[{"taxonomy":"category","embeddable":true,"href":"https:\/\/www.europesays.com\/es\/wp-json\/wp\/v2\/categories?post=324289"},{"taxonomy":"post_tag","embeddable":true,"href":"https:\/\/www.europesays.com\/es\/wp-json\/wp\/v2\/tags?post=324289"}],"curies":[{"name":"wp","href":"https:\/\/api.w.org\/{rel}","templated":true}]}}