{"id":324291,"date":"2026-01-05T14:26:33","date_gmt":"2026-01-05T14:26:33","guid":{"rendered":"https:\/\/www.europesays.com\/es\/324291\/"},"modified":"2026-01-05T14:26:33","modified_gmt":"2026-01-05T14:26:33","slug":"portal-de-noticias-del-gobierno-de-canarias-440","status":"publish","type":"post","link":"https:\/\/www.europesays.com\/es\/324291\/","title":{"rendered":"Portal de Noticias del Gobierno de Canarias"},"content":{"rendered":"<blockquote>\n<p>El presidente y el vicepresidente de Canarias se reunieron con los portavoces parlamentarios para valorar la situaci\u00f3n y la coordinaci\u00f3n con las entidades canarias<\/p>\n<p>Todos coincidieron en mantener la prudencia en las declaraciones que se realicen desde Canarias<\/p>\n<\/blockquote>\n<p>El presidente de Canarias, Fernando Clavijo, ha garantizado hoy a las canarias y los canarios, as\u00ed como a sus descendientes, que viven en Venezuela que el Gobierno siempre estar\u00e1 a su lado, \u201cpase lo que pase en los pr\u00f3ximos d\u00edas\u201d, tras la acci\u00f3n militar de Estados Unidos.<\/p>\n<p>Clavijo hizo estas declaraciones despu\u00e9s de haber mantenido una reuni\u00f3n con los portavoces de todos los grupos parlamentarios en la que participaron, por parte del Gobierno,; el vicepresidente del Gobierno, Manuel Dom\u00ednguez; la delegada en Venezuela, Isabel Jara; el viceconsejero de Presidencia y portavoz del Gobierno, Alfonso Cabello; el viceconsejero de Acci\u00f3n Exterior, Jos\u00e9 Luis Perestelo, y el director general de Emigraci\u00f3n, Jos\u00e9 T\u00e9llez.<\/p>\n<p>Todos coincidieron en mantener la prudencia de las declaraciones que se realicen desde Canarias, porque en estos momentos \u201clo \u00fanico que sabemos es que se ha trasladado a Nicol\u00e1s Maduro a Estados Unidos y que el r\u00e9gimen contin\u00faa bajo la presidencia de Delcy Rodr\u00edguez\u201d, apunt\u00f3 el presidente<\/p>\n<p>Como Gobierno de Canarias, sin responsabilidades en pol\u00edtica nacional o internacional, \u201cno podemos interferir en la actividad de las 26 entidades canarias que hay distribuidas por el pa\u00eds, a trav\u00e9s de las cuales atendemos las necesidades de una comunidad compuesta por 70.000 canarios\u201d, a\u00f1adi\u00f3.<\/p>\n<p>Clavijo record\u00f3 que, \u201cel Gobierno ya se hab\u00eda reunido con las entidades canarias el pasado 2 de diciembre, desde que se tuvo conocimiento de la suspensi\u00f3n del tr\u00e1fico a\u00e9reo anunciada por Estados Unidos; esto nos permiti\u00f3 dise\u00f1ar un plan de acci\u00f3n y comunicaci\u00f3n hacia la comunidad canaria residente en Venezuela\u201d,<\/p>\n<p>Este trabajo previo, facilit\u00f3, desde que se tuvo conocimiento de la acci\u00f3n militar, \u201crealizar un seguimiento de la situaci\u00f3n, en contacto permanente a trav\u00e9s del equipo de Acci\u00f3n Exterior, conscientes del agravamiento que pudiera darse en las necesidades de las personas m\u00e1s vulnerables de la comunidad canaria\u201d.<\/p>\n<p>En este sentido, el presidente confirm\u00f3 que se \u201cest\u00e1n dando largas colas para adquirir productos de primera necesidad, y es precisamente en esa coyuntura donde la ayuda de Canarias es m\u00e1s efectiva, siempre a trav\u00e9s de las entidades, con los programas de tarjetas de alimentos y medicamentos as\u00ed como atenci\u00f3n sanitaria y a los mayores\u201d.<\/p>\n<p>Para el titular auton\u00f3mico, es de destacar que no se ha tenido conocimiento de ning\u00fan incidente que haya afectado directamente a ciudadanos canarios o a sus descendientes, pero la coordinaci\u00f3n se mantiene activa para reportar cualquier incidencia que pudiera darse en los pr\u00f3ximos d\u00edas<\/p>\n<p>Finalmente Fernando Clavijo anunci\u00f3 que cuando se reinicie el periodo de sesiones realizar\u00e1 una comparecencia en el Parlamento de Canarias para explicar las acciones tomadas por el Gobierno y la valoraci\u00f3n de la situaci\u00f3n en esa fecha.<\/p>\n","protected":false},"excerpt":{"rendered":"El presidente y el vicepresidente de Canarias se reunieron con los portavoces parlamentarios para valorar la situaci\u00f3n y&hellip;\n","protected":false},"author":2,"featured_media":324292,"comment_status":"","ping_status":"","sticky":false,"template":"","format":"standard","meta":{"footnotes":""},"categories":[8],"tags":[17,18,25,24,13,14,11,19,20,9,10,15,16,23,12,21,22],"class_list":{"0":"post-324291","1":"post","2":"type-post","3":"status-publish","4":"format-standard","5":"has-post-thumbnail","7":"category-espana","8":"tag-breaking-news","9":"tag-breakingnews","10":"tag-es","11":"tag-espana","12":"tag-featured-news","13":"tag-featurednews","14":"tag-headlines","15":"tag-latest-news","16":"tag-latestnews","17":"tag-news","18":"tag-noticias","19":"tag-noticias-destacadas","20":"tag-noticiasdestacadas","21":"tag-spain","22":"tag-titulares","23":"tag-ultimas-noticias","24":"tag-ultimasnoticias"},"share_on_mastodon":{"url":"https:\/\/pubeurope.com\/@es\/115842959548155265","error":""},"_links":{"self":[{"href":"https:\/\/www.europesays.com\/es\/wp-json\/wp\/v2\/posts\/324291","targetHints":{"allow":["GET"]}}],"collection":[{"href":"https:\/\/www.europesays.com\/es\/wp-json\/wp\/v2\/posts"}],"about":[{"href":"https:\/\/www.europesays.com\/es\/wp-json\/wp\/v2\/types\/post"}],"author":[{"embeddable":true,"href":"https:\/\/www.europesays.com\/es\/wp-json\/wp\/v2\/users\/2"}],"replies":[{"embeddable":true,"href":"https:\/\/www.europesays.com\/es\/wp-json\/wp\/v2\/comments?post=324291"}],"version-history":[{"count":0,"href":"https:\/\/www.europesays.com\/es\/wp-json\/wp\/v2\/posts\/324291\/revisions"}],"wp:featuredmedia":[{"embeddable":true,"href":"https:\/\/www.europesays.com\/es\/wp-json\/wp\/v2\/media\/324292"}],"wp:attachment":[{"href":"https:\/\/www.europesays.com\/es\/wp-json\/wp\/v2\/media?parent=324291"}],"wp:term":[{"taxonomy":"category","embeddable":true,"href":"https:\/\/www.europesays.com\/es\/wp-json\/wp\/v2\/categories?post=324291"},{"taxonomy":"post_tag","embeddable":true,"href":"https:\/\/www.europesays.com\/es\/wp-json\/wp\/v2\/tags?post=324291"}],"curies":[{"name":"wp","href":"https:\/\/api.w.org\/{rel}","templated":true}]}}