{"id":324325,"date":"2026-01-05T14:49:20","date_gmt":"2026-01-05T14:49:20","guid":{"rendered":"https:\/\/www.europesays.com\/es\/324325\/"},"modified":"2026-01-05T14:49:20","modified_gmt":"2026-01-05T14:49:20","slug":"en-2025-se-volvieron-a-superar-los-datos-de-mascotas-adoptadas-en-el-cmpa-con-un-total-de-156-perros-y-207-gatos-noticia-ayuntamiento-de-zaragoza","status":"publish","type":"post","link":"https:\/\/www.europesays.com\/es\/324325\/","title":{"rendered":"En 2025 se volvieron a superar los datos de mascotas adoptadas en el CMPA, con un total de 156 perros y 207 gatos. Noticia. Ayuntamiento de Zaragoza"},"content":{"rendered":"<p>      Cuerpo de la noticia<\/p>\n<p>El Ayuntamiento de Zaragoza prosigue en su objetivo de <strong>potenciar el n\u00famero de adopciones de las mascotas acogidas en el Centro Municipal de Protecci\u00f3n Animal<\/strong>. En los \u00faltimos tres a\u00f1os las cifras han ido creciendo de manera progresiva, lo que demuestra tambi\u00e9n la sensibilidad de los ciudadanos de Zaragoza a la hora de incluir en sus familias perros y gatos que merecen tener un hogar.<\/p>\n<p><strong>En 2025 se adoptaron un total de 363 mascotas, de las que 207 eran perros y 156 gatos<\/strong>. Las cifras totales son superiores a las de 2024 (328 adopciones en total) y 2023 (290 adopciones realizadas). Adem\u00e1s de las adopciones, una cantidad similar de perros y gatos son acogidos temporalmente en distintos hogares de personas que se ofrecen para ello.<\/p>\n<p><strong>\u00ab\u00a1JUGAMOS JUNTOS! ADOPTAR TAMBI\u00c9N ES GANAR!\u00bb<\/strong><br \/>Precisamente durante estos d\u00edas prosigue la campa\u00f1a de sensibilizaci\u00f3n puesta en marcha con la colaboraci\u00f3n de los equipos masculino y femenino del <strong>Casademont Zaragoza de baloncesto<\/strong>, con el lema de<strong> \u00ab\u00a1Jugamos juntos! \u00a1Adoptar tambi\u00e9n es ganar!\u00bb.<\/strong><\/p>\n<p><img decoding=\"async\" alt=\"\" class=\"img-responsive\" src=\"https:\/\/www.europesays.com\/es\/wp-content\/uploads\/2026\/01\/MASCOTAS_2.jpeg\" style=\"width: 800px; height: 534px;\"\/><\/p>\n<p>La alcaldesa de Zaragoza, <strong>Natalia<\/strong> <strong>Chueca<\/strong>, ha visitado hoy la exposici\u00f3n y un stand colocado en la plaza de Espa\u00f1a como refuerzo a la campa\u00f1a. En este acto, ha recordado que<strong> <\/strong><strong>\u00abno debemos dejar nunca de lado el concepto de que una mascota no es un juguete. Queremos reiterar el llamamiento municipal a la responsabilidad, porque incluir un perro o un gato, o cualquier otro animal de compa\u00f1\u00eda, en un hogar implica cuidados, atenci\u00f3n y cari\u00f1o para siempre\u00bb<\/strong>.\u00a0<\/p>\n<p>\u00abEso es lo que hacen cada d\u00eda tanto el personal del CMPA como las decenas de personas voluntarias que colaboran con ellos. Lo ideal -ha a\u00f1adido Natalia Chueca- ser\u00eda que todos los animales acogidos en el Centro, que son muchos m\u00e1s que los que aparecen en esta exposici\u00f3n, vayan encontrando un hogar donde reciban ese cari\u00f1o y cuidado de forma mucho m\u00e1s personalizada\u00bb.<\/p>\n<p>A trav\u00e9s de <strong>grandes fotograf\u00edas (realizadas por Chus Marchador) instaladas en el Paseo Independencia, junto a la plaza de Espa\u00f1a<\/strong>, se puede conocer a algunos de los perros y gatos en adopci\u00f3n en el CMPA, posando junto a jugadores y jugadoras del Casademont.<\/p>\n<p>Entre los jugadores han podido participar en la campa\u00f1a DJ Stephens, Lucas Langarita, Santi Yusta, Devin Robinson y Erik Stevenson. Por parte del equipo femenino est\u00e1n Stephanie Mawuli, Helena Pueyo, Merritt Hempe. Nadia Fingall, Veronika Vor\u00e1\u010dkov\u00e1, Mariona Ortiz y Aminata Gueye.<\/p>\n<p>Adem\u00e1s, l<strong>os pr\u00f3ximos d\u00edas 10 y 11 de enero, coincidiendo con los partidos de la Liga ACB contra el Dreamland Gran Canaria y de la Liga Femenina contra el Estepona, respectivamente, se realizar\u00e1 un peque\u00f1o acto previo como apoyo a esta acci\u00f3n del Centro Municipal de Protecci\u00f3n Animal, con la presencia de algunas de las mascotas y la proyecci\u00f3n de im\u00e1genes y v\u00eddeos de la campa\u00f1a<\/strong>.<\/p>\n<p>En el acto celebrado esta ma\u00f1ana tambi\u00e9n ha sido instalado un punto de informaci\u00f3n en el que, adem\u00e1s de atender a las personas interesadas en adoptar mascotas del CMPA, se han sorteado distintos regalos. Esta carpa ha sido organizada con la <strong>colaboraci\u00f3n de Kalibo, compa\u00f1\u00eda especializada en seguros relacionados con las mascotas y que organiza cada a\u00f1o, junto al Ayuntamiento, la Marcha Canina Familiar en el Parque del Agua<\/strong>. Esta primavera, en una fecha a\u00fan por determinar, se celebrar\u00e1 una cuarta\u00a0edici\u00f3n, en la que se espera que participen, como cada a\u00f1o, cientos de familias con sus perros.<\/p>\n","protected":false},"excerpt":{"rendered":"Cuerpo de la noticia El Ayuntamiento de Zaragoza prosigue en su objetivo de potenciar el n\u00famero de adopciones&hellip;\n","protected":false},"author":2,"featured_media":324326,"comment_status":"","ping_status":"","sticky":false,"template":"","format":"standard","meta":{"footnotes":""},"categories":[8],"tags":[17,18,25,24,13,14,11,19,20,9,10,15,16,23,12,21,22],"class_list":{"0":"post-324325","1":"post","2":"type-post","3":"status-publish","4":"format-standard","5":"has-post-thumbnail","7":"category-espana","8":"tag-breaking-news","9":"tag-breakingnews","10":"tag-es","11":"tag-espana","12":"tag-featured-news","13":"tag-featurednews","14":"tag-headlines","15":"tag-latest-news","16":"tag-latestnews","17":"tag-news","18":"tag-noticias","19":"tag-noticias-destacadas","20":"tag-noticiasdestacadas","21":"tag-spain","22":"tag-titulares","23":"tag-ultimas-noticias","24":"tag-ultimasnoticias"},"share_on_mastodon":{"url":"https:\/\/pubeurope.com\/@es\/115843049963831122","error":""},"_links":{"self":[{"href":"https:\/\/www.europesays.com\/es\/wp-json\/wp\/v2\/posts\/324325","targetHints":{"allow":["GET"]}}],"collection":[{"href":"https:\/\/www.europesays.com\/es\/wp-json\/wp\/v2\/posts"}],"about":[{"href":"https:\/\/www.europesays.com\/es\/wp-json\/wp\/v2\/types\/post"}],"author":[{"embeddable":true,"href":"https:\/\/www.europesays.com\/es\/wp-json\/wp\/v2\/users\/2"}],"replies":[{"embeddable":true,"href":"https:\/\/www.europesays.com\/es\/wp-json\/wp\/v2\/comments?post=324325"}],"version-history":[{"count":0,"href":"https:\/\/www.europesays.com\/es\/wp-json\/wp\/v2\/posts\/324325\/revisions"}],"wp:featuredmedia":[{"embeddable":true,"href":"https:\/\/www.europesays.com\/es\/wp-json\/wp\/v2\/media\/324326"}],"wp:attachment":[{"href":"https:\/\/www.europesays.com\/es\/wp-json\/wp\/v2\/media?parent=324325"}],"wp:term":[{"taxonomy":"category","embeddable":true,"href":"https:\/\/www.europesays.com\/es\/wp-json\/wp\/v2\/categories?post=324325"},{"taxonomy":"post_tag","embeddable":true,"href":"https:\/\/www.europesays.com\/es\/wp-json\/wp\/v2\/tags?post=324325"}],"curies":[{"name":"wp","href":"https:\/\/api.w.org\/{rel}","templated":true}]}}