{"id":324380,"date":"2026-01-05T15:33:09","date_gmt":"2026-01-05T15:33:09","guid":{"rendered":"https:\/\/www.europesays.com\/es\/324380\/"},"modified":"2026-01-05T15:33:09","modified_gmt":"2026-01-05T15:33:09","slug":"programacion-1o-cuatrimestre-febrero-mayo-2026-ayuntamiento-de-burgos","status":"publish","type":"post","link":"https:\/\/www.europesays.com\/es\/324380\/","title":{"rendered":"Programaci\u00f3n 1\u00ba Cuatrimestre Febrero &#8211; Mayo 2026 &#8211; Ayuntamiento de Burgos"},"content":{"rendered":"<p>Os presentamos el Programa de Animaci\u00f3n Comunitaria del Ayuntamiento de Burgos, del per\u00edodo 1\u00ba cuatrimestre febrero\/mayo 2026.<\/p>\n<p><strong>PROGRAMACI\u00d3N 1\u00ba CUATRIMESTRE FEBRERO\/MAYO 2026.<\/strong><\/p>\n<p><strong>Plazo de Inscripci\u00f3n:<\/strong> 8 al 16 de enero.\u00a0<\/p>\n<p><strong>Sorteo:<\/strong> 19 de enero.<\/p>\n<p><strong>Publicaci\u00f3n de listas: <\/strong>21 de enero.<\/p>\n<p><strong>Solicitud de plazas libres: <\/strong>a partir de<strong>\u00a0<\/strong>23 de enero,\u00a010:00 hs.<\/p>\n<p><strong>Comienzo de programa: <\/strong>2 de febrero.<\/p>\n<p><strong>Informaci\u00f3n sobre el procedimiento de acceso a la tramitaci\u00f3n<\/strong><strong>:<\/strong><\/p>\n<ol>\n<li><strong data-end=\"103\" data-start=\"88\">Presencial.<\/strong>\u00a0Mediante el modelo de\u00a0<strong data-end=\"141\" data-start=\"126\">inscripci\u00f3n<\/strong>\u00a0que est\u00e1 a su disposici\u00f3n en el servicio de informaci\u00f3n de los\u00a0<strong data-end=\"224\" data-start=\"205\">Centros C\u00edvicos<\/strong>\u00a0y\u00a0<strong data-end=\"235\" data-start=\"227\">CEAS<\/strong>\u00a0y en la web municipal.<\/li>\n<li>\n<p data-end=\"123\" data-start=\"85\"><strong data-end=\"121\" data-start=\"85\">A trav\u00e9s de la Sede Electr\u00f3nica :\u00a0<\/strong><strong data-end=\"156\" data-start=\"125\">Otros servicios de la Sede ,<\/strong><br data-end=\"159\" data-start=\"156\"\/><br \/>\n\tGesti\u00f3n de actividades de\u00a0<a href=\"https:\/\/sede.aytoburgos.es\/sta\/CarpetaPrivate\/Login?APP_CODE=STA&amp;PAGE_CODE=CENTROS_CIVICOS\" target=\"_blank\" rel=\"nofollow noopener\"><strong data-end=\"204\" data-start=\"185\">Centros C\u00edvicos<\/strong>\u00a0y\u00a0<strong data-end=\"215\" data-start=\"207\">CEAS<\/strong><\/a><\/p>\n<\/li>\n<li>\n<p data-end=\"123\" data-start=\"85\"><strong><a href=\"https:\/\/sede.aytoburgos.es\/sta\/CarpetaPublic\/doEvent?APP_CODE=STA&amp;PAGE_CODE=CATALOGO&amp;DETALLE=6269000966519826807537\" target=\"_blank\" rel=\"nofollow noopener\">Bonificaciones en precios p\u00fablicos<\/a><\/strong><\/p>\n<\/li>\n<\/ol>\n<p data-end=\"123\" data-start=\"85\">\u00a0<\/p>\n<dl>\n<\/dl>\n<p data-end=\"123\" data-start=\"85\">\u00a0<\/p>\n<p data-end=\"123\" data-start=\"85\">\u00a0<\/p>\n<p data-end=\"123\" data-start=\"85\">\u00a0<\/p>\n<p data-end=\"123\" data-start=\"85\">\u00a0<\/p>\n","protected":false},"excerpt":{"rendered":"Os presentamos el Programa de Animaci\u00f3n Comunitaria del Ayuntamiento de Burgos, del per\u00edodo 1\u00ba cuatrimestre febrero\/mayo 2026. PROGRAMACI\u00d3N&hellip;\n","protected":false},"author":2,"featured_media":324381,"comment_status":"","ping_status":"","sticky":false,"template":"","format":"standard","meta":{"footnotes":""},"categories":[80],"tags":[517,75194,82,75196,4007,75195,95,94,25,24,23],"class_list":{"0":"post-324380","1":"post","2":"type-post","3":"status-publish","4":"format-standard","5":"has-post-thumbnail","7":"category-economia","8":"tag-actualidad","9":"tag-agenda-ayuntamiento","10":"tag-business","11":"tag-centros-civicos","12":"tag-destacado","13":"tag-destacadotop3","14":"tag-economia","15":"tag-economy","16":"tag-es","17":"tag-espana","18":"tag-spain"},"share_on_mastodon":{"url":"https:\/\/pubeurope.com\/@es\/115843222865245798","error":""},"_links":{"self":[{"href":"https:\/\/www.europesays.com\/es\/wp-json\/wp\/v2\/posts\/324380","targetHints":{"allow":["GET"]}}],"collection":[{"href":"https:\/\/www.europesays.com\/es\/wp-json\/wp\/v2\/posts"}],"about":[{"href":"https:\/\/www.europesays.com\/es\/wp-json\/wp\/v2\/types\/post"}],"author":[{"embeddable":true,"href":"https:\/\/www.europesays.com\/es\/wp-json\/wp\/v2\/users\/2"}],"replies":[{"embeddable":true,"href":"https:\/\/www.europesays.com\/es\/wp-json\/wp\/v2\/comments?post=324380"}],"version-history":[{"count":0,"href":"https:\/\/www.europesays.com\/es\/wp-json\/wp\/v2\/posts\/324380\/revisions"}],"wp:featuredmedia":[{"embeddable":true,"href":"https:\/\/www.europesays.com\/es\/wp-json\/wp\/v2\/media\/324381"}],"wp:attachment":[{"href":"https:\/\/www.europesays.com\/es\/wp-json\/wp\/v2\/media?parent=324380"}],"wp:term":[{"taxonomy":"category","embeddable":true,"href":"https:\/\/www.europesays.com\/es\/wp-json\/wp\/v2\/categories?post=324380"},{"taxonomy":"post_tag","embeddable":true,"href":"https:\/\/www.europesays.com\/es\/wp-json\/wp\/v2\/tags?post=324380"}],"curies":[{"name":"wp","href":"https:\/\/api.w.org\/{rel}","templated":true}]}}