{"id":324382,"date":"2026-01-05T15:34:07","date_gmt":"2026-01-05T15:34:07","guid":{"rendered":"https:\/\/www.europesays.com\/es\/324382\/"},"modified":"2026-01-05T15:34:07","modified_gmt":"2026-01-05T15:34:07","slug":"maduro-es-trasladado-al-tribunal-federal-de-nueva-york-para-testificar-por-primera-vez-ante-el-juez","status":"publish","type":"post","link":"https:\/\/www.europesays.com\/es\/324382\/","title":{"rendered":"Maduro es trasladado al tribunal federal de Nueva York para testificar por primera vez ante el juez"},"content":{"rendered":"<p>El presidente depuesto de Venezuela, Nicol\u00e1s Maduro, ha sido trasladado este lunes junto a su esposa, Cilia Flores, al tribunal federal del sur de Nueva York, en Manhattan, donde comparecer\u00e1 por primera vez ante un juez, a las 18.00 hora de Espa\u00f1a. Lo har\u00e1 dos d\u00edas despu\u00e9s de haber sido capturado el s\u00e1bado en su domicilio en Caracas en una intervenci\u00f3n militar de EE.UU., ilegal bajo las normas internacionales. <\/p>\n<p>Maduro y Flores han sido trasladados desde la prisi\u00f3n federal Metropolitana de Brooklyn (MDC) hasta un campo en las afueras de la ciudad, donde un helic\u00f3ptero los ha llevado hasta un helipuerto cercano al tribunal federal del sur de Nueva York. La aeronave ha aterrizado minutos despu\u00e9s en las inmediaciones del edificio judicial.<\/p>\n<p>Posteriormente, ambos han sido conducidos en un convoy de cinco veh\u00edculos y bajo una fuerte escolta policial hasta el tribunal, seg\u00fan im\u00e1genes difundidas por medios estadounidenses. La polic\u00eda, mientras tanto, ha cortado varias calles en los alrededores durante el operativo de seguridad.<\/p>\n<p>Maduro, custodiado por agentes de la Agencia Antidroga de EE.UU. (DEA, por sus siglas en ingl\u00e9s), ha descendido con mucha dificultad y ha tenido que ser ayudado por los agentes para subir al veh\u00edculo blindado que lo ha conducido hasta el juzgado.<\/p>\n<p>Primera vez ante el juez<\/p>\n<p>La comparecencia de este lunes es la primera de Maduro ante la justicia estadounidense despu\u00e9s de que el Departamento de Justicia hiciera p\u00fablica el pasado s\u00e1bado una acusaci\u00f3n formal en su contra por delitos relacionados con narcotr\u00e1fico, presentada originalmente en 2020. <\/p>\n<p>Esta acusaci\u00f3n ampliada reitera los cargos contra Maduro, principal acusado, de conspiraci\u00f3n por narcoterrorismo, conspiraci\u00f3n para importar coca\u00edna, conspiraci\u00f3n para la posesi\u00f3n de ametralladoras y artefactos destructivos y conspiraci\u00f3n para usar esas armas. Pero, por primera vez, la acusaci\u00f3n incluye a Cilia Flores, esposa de Maduro, a quien la Fiscal\u00eda se\u00f1ala, seg\u00fan su investigaci\u00f3n, por su presunta implicaci\u00f3n en la coordinaci\u00f3n de reuniones y la log\u00edstica de la red.<\/p>\n<p>Seg\u00fan los fiscales, su incorporaci\u00f3n ampl\u00eda el alcance del caso y respalda la hip\u00f3tesis de que el narcotr\u00e1fico formaba parte de una red organizada desde los niveles m\u00e1s altos del poder venezolano. <\/p>\n<p>La causa est\u00e1 radicada en el Distrito Sur de Nueva York y es instruida por el juez federal Alvin K. Hellerstein, de 92 a\u00f1os. Tras la  audiencia inicial, se espera que el tribunal determine los pr\u00f3ximos pasos del proceso, incluidas las condiciones de detenci\u00f3n y el calendario judicial del caso. <\/p>\n","protected":false},"excerpt":{"rendered":"El presidente depuesto de Venezuela, Nicol\u00e1s Maduro, ha sido trasladado este lunes junto a su esposa, Cilia Flores,&hellip;\n","protected":false},"author":2,"featured_media":324383,"comment_status":"","ping_status":"","sticky":false,"template":"","format":"standard","meta":{"footnotes":""},"categories":[42],"tags":[17,18,13,14,11,61,62,63,64,19,20,9,10,15,16,12,21,22,65,66,67],"class_list":{"0":"post-324382","1":"post","2":"type-post","3":"status-publish","4":"format-standard","5":"has-post-thumbnail","7":"category-internacional","8":"tag-breaking-news","9":"tag-breakingnews","10":"tag-featured-news","11":"tag-featurednews","12":"tag-headlines","13":"tag-internacional","14":"tag-international","15":"tag-international-news","16":"tag-internationalnews","17":"tag-latest-news","18":"tag-latestnews","19":"tag-news","20":"tag-noticias","21":"tag-noticias-destacadas","22":"tag-noticiasdestacadas","23":"tag-titulares","24":"tag-ultimas-noticias","25":"tag-ultimasnoticias","26":"tag-world","27":"tag-world-news","28":"tag-worldnews"},"share_on_mastodon":{"url":"","error":""},"_links":{"self":[{"href":"https:\/\/www.europesays.com\/es\/wp-json\/wp\/v2\/posts\/324382","targetHints":{"allow":["GET"]}}],"collection":[{"href":"https:\/\/www.europesays.com\/es\/wp-json\/wp\/v2\/posts"}],"about":[{"href":"https:\/\/www.europesays.com\/es\/wp-json\/wp\/v2\/types\/post"}],"author":[{"embeddable":true,"href":"https:\/\/www.europesays.com\/es\/wp-json\/wp\/v2\/users\/2"}],"replies":[{"embeddable":true,"href":"https:\/\/www.europesays.com\/es\/wp-json\/wp\/v2\/comments?post=324382"}],"version-history":[{"count":0,"href":"https:\/\/www.europesays.com\/es\/wp-json\/wp\/v2\/posts\/324382\/revisions"}],"wp:featuredmedia":[{"embeddable":true,"href":"https:\/\/www.europesays.com\/es\/wp-json\/wp\/v2\/media\/324383"}],"wp:attachment":[{"href":"https:\/\/www.europesays.com\/es\/wp-json\/wp\/v2\/media?parent=324382"}],"wp:term":[{"taxonomy":"category","embeddable":true,"href":"https:\/\/www.europesays.com\/es\/wp-json\/wp\/v2\/categories?post=324382"},{"taxonomy":"post_tag","embeddable":true,"href":"https:\/\/www.europesays.com\/es\/wp-json\/wp\/v2\/tags?post=324382"}],"curies":[{"name":"wp","href":"https:\/\/api.w.org\/{rel}","templated":true}]}}