{"id":324386,"date":"2026-01-05T15:36:38","date_gmt":"2026-01-05T15:36:38","guid":{"rendered":"https:\/\/www.europesays.com\/es\/324386\/"},"modified":"2026-01-05T15:36:38","modified_gmt":"2026-01-05T15:36:38","slug":"renovacion-de-dni-y-pasaporte-en-olite-erriberri","status":"publish","type":"post","link":"https:\/\/www.europesays.com\/es\/324386\/","title":{"rendered":"Renovaci\u00f3n de DNI y Pasaporte en Olite-Erriberri"},"content":{"rendered":"<p>El pr\u00f3ximo 26 de enero regresa a Olite el servicio de expedici\u00f3n de DNI y Pasaporte que ya hubo hace algunos a\u00f1os. El veh\u00edculo VIDOC(Veh\u00edculo Integral de Documentaci\u00f3n) de la Polic\u00eda Nacional para la renovaci\u00f3n de DNI y pasaporte. Se instalar\u00e1 en la Plaza de la M\u00fasica (junto a correos).<\/p>\n<p>Pide ya tu cita en el 948 012 012 de 08:00h a 18:00h, de lunes a viernes.<\/p>\n<p>Para la renovaci\u00f3n del DNI se necesita: DNI antiguo y foto reciente . ( si se ha cambiado de domicilio se deber\u00e1 aportar Volante de empadronamiento)<\/p>\n<p>Primer DNI: Volante de empadronamiento, partida de nacimiento y foto reciente.<\/p>\n<p>Pasaporte: DNI y foto reciente.<\/p>\n<p>Pago en efectivo de los documentos.<\/p>\n<p>SUPUESTOS A LA HORA DE RESERVAR CITAS:<\/p>\n<p>-UNA PERSONA NECESITA DNI Y PASPORTE, SE RESERVARAN DOS CITAS PARA LA MISMA PERSONA EN DISTINTOS TRAMOS HORARIOS.<br \/>-MADRE O PADRE QUE ACUDE CON SU HIJO, PARA REALIZAR DNI Y PASAPORTE DE AMBOS, SE RESERVARAN 4 CITAS EN 4 TRAMOS HORARIOS.<br \/>-PARA LOS CERTIFICADOS ELECTRONICOS NO ES NECESARIO CITA.<\/p>\n<p><a href=\"https:\/\/www.olite.es\/wp-content\/uploads\/2026\/01\/Cartel-Aviso-de-Cierre-Temporal-Rojo-Negro-y-Blanco-Tipografico-2.jpg\" rel=\"nofollow noopener\" target=\"_blank\"><img loading=\"lazy\" decoding=\"async\" class=\"aligncenter size-large wp-image-32545\" src=\"https:\/\/www.europesays.com\/es\/wp-content\/uploads\/2026\/01\/Cartel-Aviso-de-Cierre-Temporal-Rojo-Negro-y-Blanco-Tipografico-2-724x1024.jpg\" alt=\"\" width=\"724\" height=\"1024\"  \/><\/a><\/p>\n","protected":false},"excerpt":{"rendered":"El pr\u00f3ximo 26 de enero regresa a Olite el servicio de expedici\u00f3n de DNI y Pasaporte que ya&hellip;\n","protected":false},"author":2,"featured_media":324387,"comment_status":"","ping_status":"","sticky":false,"template":"","format":"standard","meta":{"footnotes":""},"categories":[5],"tags":[17,18,25,24,13,14,11,19,20,9,10,15,16,23,12,21,22],"class_list":{"0":"post-324386","1":"post","2":"type-post","3":"status-publish","4":"format-standard","5":"has-post-thumbnail","7":"category-titulares","8":"tag-breaking-news","9":"tag-breakingnews","10":"tag-es","11":"tag-espana","12":"tag-featured-news","13":"tag-featurednews","14":"tag-headlines","15":"tag-latest-news","16":"tag-latestnews","17":"tag-news","18":"tag-noticias","19":"tag-noticias-destacadas","20":"tag-noticiasdestacadas","21":"tag-spain","22":"tag-titulares","23":"tag-ultimas-noticias","24":"tag-ultimasnoticias"},"share_on_mastodon":{"url":"https:\/\/pubeurope.com\/@es\/115843234784698639","error":""},"_links":{"self":[{"href":"https:\/\/www.europesays.com\/es\/wp-json\/wp\/v2\/posts\/324386","targetHints":{"allow":["GET"]}}],"collection":[{"href":"https:\/\/www.europesays.com\/es\/wp-json\/wp\/v2\/posts"}],"about":[{"href":"https:\/\/www.europesays.com\/es\/wp-json\/wp\/v2\/types\/post"}],"author":[{"embeddable":true,"href":"https:\/\/www.europesays.com\/es\/wp-json\/wp\/v2\/users\/2"}],"replies":[{"embeddable":true,"href":"https:\/\/www.europesays.com\/es\/wp-json\/wp\/v2\/comments?post=324386"}],"version-history":[{"count":0,"href":"https:\/\/www.europesays.com\/es\/wp-json\/wp\/v2\/posts\/324386\/revisions"}],"wp:featuredmedia":[{"embeddable":true,"href":"https:\/\/www.europesays.com\/es\/wp-json\/wp\/v2\/media\/324387"}],"wp:attachment":[{"href":"https:\/\/www.europesays.com\/es\/wp-json\/wp\/v2\/media?parent=324386"}],"wp:term":[{"taxonomy":"category","embeddable":true,"href":"https:\/\/www.europesays.com\/es\/wp-json\/wp\/v2\/categories?post=324386"},{"taxonomy":"post_tag","embeddable":true,"href":"https:\/\/www.europesays.com\/es\/wp-json\/wp\/v2\/tags?post=324386"}],"curies":[{"name":"wp","href":"https:\/\/api.w.org\/{rel}","templated":true}]}}