{"id":324416,"date":"2026-01-05T15:57:20","date_gmt":"2026-01-05T15:57:20","guid":{"rendered":"https:\/\/www.europesays.com\/es\/324416\/"},"modified":"2026-01-05T15:57:20","modified_gmt":"2026-01-05T15:57:20","slug":"las-dificultades-que-enfrenta-delcy-rodriguez-para-gobernar-venezuela-ante-las-renovadas-amenazas-de-trump","status":"publish","type":"post","link":"https:\/\/www.europesays.com\/es\/324416\/","title":{"rendered":"Las dificultades que enfrenta Delcy Rodr\u00edguez para gobernar Venezuela ante las renovadas amenazas de Trump"},"content":{"rendered":"<p><img fetchpriority=\"high\" decoding=\"async\" src=\"https:\/\/www.europesays.com\/es\/wp-content\/uploads\/2026\/01\/3e754d10-ea30-11f0-a51b-1b8a77859bc4.jpg.webp.webp\"   alt=\"Delcy Rodr\u00edguez\" loading=\"eager\" width=\"819\" height=\"461\" style=\"aspect-ratio:819 \/ 461\" class=\"css-1seqhu9\"\/><\/p>\n<p class=\"css-by8ykd\" role=\"text\">Fuente de la imagen, Getty Images<\/p>\n<p>Pie de foto, La vicepresidenta de Venezuela, Delcy Rodr\u00edguez, denunci\u00f3 la captura de Maduro como un secuestro. <strong id=\"article-byline\" aria-hidden=\"true\" class=\"css-2ozlq5\">Informaci\u00f3n del art\u00edculo<\/strong><\/p>\n<ul class=\"css-1dlgp3z\">\n<li class=\"css-1s1df59\">\n<ul role=\"list\" class=\"css-z50d25\">\n<li class=\"css-0\">Autor, Redacci\u00f3n<\/li>\n<li class=\"css-k1irjw\">T\u00edtulo del autor,  BBC News Mundo*<\/li>\n<\/ul>\n<\/li>\n<li>\n<p>2 horas<\/p>\n<\/li>\n<li>\n<p>Tiempo de lectura: 9 min<\/p>\n<\/li>\n<\/ul>\n<p dir=\"ltr\" class=\"css-s4cjt0 e1yuyadm0\"><b>Muchos de los que sintonizaron la conferencia de prensa del presidente estadounidense Donald Trump el s\u00e1bado esperaban probablemente escuchar detalles dram\u00e1ticos sobre c\u00f3mo las fuerzas estadounidenses capturaron al l\u00edder venezolano, Nicol\u00e1s Maduro, en una redada realizada antes del amanecer.<\/b><\/p>\n<p dir=\"ltr\" class=\"css-s4cjt0 e1yuyadm0\">Pero podr\u00eda decirse que el momento m\u00e1s sorprendente se produjo cuando Trump anunci\u00f3 que, ahora que Maduro estaba bajo custodia, Estados Unidos \u00abdirigir\u00eda\u00bb Venezuela \u00abhasta que podamos llevar a cabo una transici\u00f3n segura, adecuada y sensata\u00bb.<\/p>\n<p dir=\"ltr\" class=\"css-s4cjt0 e1yuyadm0\">En otro giro inesperado, a\u00f1adi\u00f3 que el secretario de Estado, Marco Rubio, hab\u00eda estado hablando con la vicepresidenta de Maduro, Delcy Rodr\u00edguez, quien, seg\u00fan \u00e9l, estaba \u00abb\u00e1sicamente dispuesta a hacer lo que creemos necesario para que Venezuela vuelva a ser grande\u00bb.<\/p>\n<p dir=\"ltr\" class=\"css-s4cjt0 e1yuyadm0\">Sin embargo en un principio, Rodr\u00edguez, que asumir\u00e1 la presidencia interina de Venezuela este lunes, no se mostr\u00f3 muy cooperativa en su propia conferencia de prensa posterior, en la que denunci\u00f3 la detenci\u00f3n de Maduro como un secuestro y subray\u00f3 que Venezuela no se convertir\u00eda en una colonia.<\/p>\n<p dir=\"ltr\" class=\"css-s4cjt0 e1yuyadm0\">\u00abLo que se le est\u00e1 haciendo a Venezuela es una barbarie\u00bb, asegur\u00f3 en una alocuci\u00f3n en cadena nacional de radio y televisi\u00f3n.<\/p>\n<p dir=\"ltr\" class=\"css-s4cjt0 e1yuyadm0\">Tras llamar a sus compatriotas a salir en defensa de su pa\u00eds, Rodr\u00edguez afirm\u00f3: \u00aben Venezuela solo hay un presidente, que se llama Nicol\u00e1s Maduro Moros\u00bb.<\/p>\n<p dir=\"ltr\" class=\"css-s4cjt0 e1yuyadm0\">Sin embargo, el tono de Rodr\u00edguez cambi\u00f3 radicalmente el domingo, cuando public\u00f3 por la noche un mensaje conciliador hacia EE.UU. y Donald Trump luego de encabezar su primer consejo de ministros.<\/p>\n<p dir=\"ltr\" class=\"css-s4cjt0 e1yuyadm0\">\u00abVenezuela reafirma su vocaci\u00f3n de paz y de convivencia pac\u00edfica. Nuestro pa\u00eds aspira a vivir sin amenazas externas, en un entorno de respeto y cooperaci\u00f3n internacional\u00bb, dice el mensaje publicado en su cuenta de Instagram.<\/p>\n<p dir=\"ltr\" class=\"css-s4cjt0 e1yuyadm0\">\u00abConsideramos prioritario avanzar hacia un relacionamiento internacional equilibrado y respetuoso entre EE.UU. y Venezuela, y entre Venezuela y los pa\u00edses de la regi\u00f3n, basado en la igualdad soberana y la no injerencia\u00bb, a\u00f1ade, en un lenguaje que podr\u00eda considerarse tibio en comparaci\u00f3n con la tradicional ret\u00f3rica chavista. <\/p>\n<p><img decoding=\"async\" src=\"https:\/\/www.europesays.com\/es\/wp-content\/uploads\/2026\/01\/7693e570-ea2c-11f0-bee8-cb37bc70a803.jpg.webp.webp\"   alt=\"Donald Trump\" loading=\"lazy\" width=\"702\" height=\"396\" style=\"aspect-ratio:702 \/ 396\" class=\"css-1seqhu9\"\/><\/p>\n<p class=\"css-by8ykd\" role=\"text\">Fuente de la imagen, Getty Images<\/p>\n<p>Pie de foto, El tono del mensaje de Trump para Daisy Rodr\u00edguez en la entrevista con The Atlantic fue amenazante. <\/p>\n<p dir=\"ltr\" class=\"css-s4cjt0 e1yuyadm0\">Sus palabras llegan poco despu\u00e9s de que Trump le dirigiera un mensaje en tono amenazador, durante una entrevista que el presidente estadounidense hizo con la revista The Atlantic.<\/p>\n<p dir=\"ltr\" class=\"css-s4cjt0 e1yuyadm0\">All\u00ed Trump dej\u00f3 claro que si Rodr\u00edguez \u00abno hace lo correcto, va a pagar un precio muy alto, probablemente mayor que el de [Nicol\u00e1s] Maduro\u00bb.<\/p>\n<p dir=\"ltr\" class=\"css-s4cjt0 e1yuyadm0\">Ante este cruce de mensajes contradictorios, muchos se preguntan qui\u00e9n est\u00e1 ahora al mando en Venezuela.<\/p>\n<p>\u00bfQui\u00e9n est\u00e1 a cargo?<\/p>\n<p dir=\"ltr\" class=\"css-s4cjt0 e1yuyadm0\">Seg\u00fan la Constituci\u00f3n venezolana, en caso de ausencia del presidente, es el vicepresidente quien asume el cargo.<\/p>\n<p dir=\"ltr\" class=\"css-s4cjt0 e1yuyadm0\">As\u00ed pues, a primera vista, la decisi\u00f3n del Tribunal Supremo de Venezuela de que Delcy Rodr\u00edguez sea la presidenta en funciones del pa\u00eds parece un paso l\u00f3gico.<\/p>\n<p dir=\"ltr\" class=\"css-s4cjt0 e1yuyadm0\">Pero la mayor\u00eda de los observadores de Venezuela esperaban que las consecuencias inmediatas de una intervenci\u00f3n estadounidense fueran diferentes.<\/p>\n<p dir=\"ltr\" class=\"css-s4cjt0 e1yuyadm0\">Estados Unidos, al igual que muchos otros pa\u00edses, no reconoci\u00f3 a Nicol\u00e1s Maduro como presidente leg\u00edtimo de Venezuela, tras denunciar que las elecciones de 2024 hab\u00edan sido ama\u00f1adas.<\/p>\n<p dir=\"ltr\" class=\"css-s4cjt0 e1yuyadm0\">Maduro fue declarado presidente por el Consejo Nacional Electoral (CNE) de Venezuela, un organismo dominado por partidarios del gobierno.<\/p>\n<p><img decoding=\"async\" src=\"https:\/\/www.europesays.com\/es\/wp-content\/uploads\/2026\/01\/3fa10330-ea2d-11f0-bee8-cb37bc70a803.jpg.webp.webp\"   alt=\"Mujer protesta con un afiche de Maduro \" loading=\"lazy\" width=\"1024\" height=\"576\" style=\"aspect-ratio:1024 \/ 576\" class=\"css-1seqhu9\"\/><\/p>\n<p class=\"css-by8ykd\" role=\"text\">Fuente de la imagen, Getty Images<\/p>\n<p>Pie de foto, Estados Unidos, como muchos otros pa\u00edses, no reconoci\u00f3 a Nicol\u00e1s Maduro como presidente leg\u00edtimo de Venezuela, tras denunciar que las elecciones de 2024 hab\u00edan sido ama\u00f1adas.<\/p>\n<p dir=\"ltr\" class=\"css-s4cjt0 e1yuyadm0\">Sin embargo, el CNE nunca present\u00f3 el recuento detallado de los votos para respaldar su afirmaci\u00f3n, y las copias de los recuentos recopiladas por la oposici\u00f3n y revisadas por el Centro Carter suger\u00edan que el candidato opositor, Edmundo Gonz\u00e1lez, hab\u00eda ganado por una mayor\u00eda aplastante.<\/p>\n<p dir=\"ltr\" class=\"css-s4cjt0 e1yuyadm0\">En vista de ello, EE.UU. y decenas de otros pa\u00edses reconocieron a Gonz\u00e1lez como presidente electo.<\/p>\n<p dir=\"ltr\" class=\"css-s4cjt0 e1yuyadm0\">Gonz\u00e1lez, un exdiplom\u00e1tico poco conocido, contaba con el respaldo de la popular l\u00edder de la oposici\u00f3n Mar\u00eda Corina Machado, a quien sustituy\u00f3 en las elecciones despu\u00e9s de que las autoridades del gobierno de Maduro le prohibieran presentarse.<\/p>\n<p dir=\"ltr\" class=\"css-s4cjt0 e1yuyadm0\">Despu\u00e9s de que las fuerzas de seguridad reprimieran a la oposici\u00f3n tras las elecciones, Gonz\u00e1lez se exili\u00f3 en Espa\u00f1a y Machado se escondi\u00f3 en Venezuela.<\/p>\n<p dir=\"ltr\" class=\"css-s4cjt0 e1yuyadm0\">Durante los \u00faltimos 18 meses, ellos han estado instando a Maduro a que renunciara y presionando para obtener apoyo internacional para su causa, especialmente de EE.UU.<\/p>\n<p dir=\"ltr\" class=\"css-s4cjt0 e1yuyadm0\">La imagen de Machado se vio apuntalada cuando le otorgaron el Premio Nobel de la Paz por \u00absu lucha para lograr una transici\u00f3n justa y pac\u00edfica de la dictadura a la democracia\u00bb en Venezuela.<\/p>\n<p dir=\"ltr\" class=\"css-s4cjt0 e1yuyadm0\">Tras la publicidad y el reconocimiento que recibi\u00f3 tras emprender un arriesgado viaje desde su escondite en Venezuela a Oslo para recoger el premio, muchos dieron por hecho que cualquier escenario post-Maduro la ver\u00eda regresar a su pa\u00eds natal para tomar las riendas del poder junto con Edmundo Gonz\u00e1lez.<\/p>\n<p dir=\"ltr\" class=\"css-s4cjt0 e1yuyadm0\">La misma Machado public\u00f3 una carta en las redes sociales tras la captura de Maduro en la que declaraba que \u00abha llegado la hora de la libertad\u00bb.<\/p>\n<p dir=\"ltr\" class=\"css-s4cjt0 e1yuyadm0\">\u00abHoy estamos listos para hacer cumplir nuestro mandato y tomar el poder\u00bb, escribi\u00f3.<\/p>\n<p><img decoding=\"async\" src=\"https:\/\/www.europesays.com\/es\/wp-content\/uploads\/2026\/01\/bc919210-ea2d-11f0-bee8-cb37bc70a803.jpg.webp.webp\"   alt=\"Mar\u00eda Corina Machado \" loading=\"lazy\" width=\"885\" height=\"498\" style=\"aspect-ratio:885 \/ 498\" class=\"css-1seqhu9\"\/><\/p>\n<p class=\"css-by8ykd\" role=\"text\">Fuente de la imagen, Getty Images<\/p>\n<p>Pie de foto, La imagen de Machado se vio apuntalada cuando le otorgaron el Premio Nobel de la Paz por \u00absu lucha para lograr una transici\u00f3n justa y pac\u00edfica de la dictadura a la democracia\u00bb en Venezuela.<\/p>\n<p dir=\"ltr\" class=\"css-s4cjt0 e1yuyadm0\">Pero el presidente estadounidense sorprendi\u00f3 a los periodistas al declarar que Machado no contaba con el \u00abapoyo ni el respeto\u00bb necesarios para liderar el pa\u00eds.<\/p>\n<p dir=\"ltr\" class=\"css-s4cjt0 e1yuyadm0\">Trump afirm\u00f3 que su equipo no hab\u00eda hablado con Machado tras los ataques estadounidenses, pero que Marco Rubio s\u00ed hab\u00eda hablado con Delcy Rodr\u00edguez.<\/p>\n<p dir=\"ltr\" class=\"css-s4cjt0 e1yuyadm0\">La siguiente observaci\u00f3n de Trump podr\u00eda dar la respuesta a por qu\u00e9 la administraci\u00f3n Trump es ahora la fiel lugarteniente de Maduro, al menos por ahora.<\/p>\n<p dir=\"ltr\" class=\"css-s4cjt0 e1yuyadm0\">Trump cit\u00f3 a Rodr\u00edguez diciendo \u00abharemos lo que usted quiera\u00bb, y a\u00f1adi\u00f3 \u00abella realmente no tiene otra opci\u00f3n\u00bb.<\/p>\n<p>Apoyo interno<\/p>\n<p dir=\"ltr\" class=\"css-s4cjt0 e1yuyadm0\">Dado que el c\u00edrculo \u00edntimo de Maduro parece seguir en el poder en Venezuela, es posible que los funcionarios estadounidenses hayan considerado que la transici\u00f3n m\u00e1s fluida se lograr\u00eda si alguien del gobierno actual asumiera el poder.<\/p>\n<p dir=\"ltr\" class=\"css-s4cjt0 e1yuyadm0\">\u00abEllos creen que pueden establecer un acuerdo similar a una tutela, en lugar de intervenir sobre el terreno y hacerse cargo de las operaciones cotidianas del pa\u00eds\u00bb, afirm\u00f3 Mara Rudman, exfuncionaria de alto rango en materia de seguridad nacional que trabaj\u00f3 en los gobiernos de Clinton y Obama.<\/p>\n<p dir=\"ltr\" class=\"css-s4cjt0 e1yuyadm0\">Rudman describi\u00f3 este enfoque como algo sin precedentes en la era moderna.<\/p>\n<p dir=\"ltr\" class=\"css-s4cjt0 e1yuyadm0\">En su conferencia de prensa, Trump afirm\u00f3 que EE.UU. estaba \u00abdispuesto a lanzar un segundo ataque mucho mayor si fuera necesario\u00bb, lo que parece explicar por qu\u00e9 cree que Delcy Rodr\u00edguez no tiene m\u00e1s remedio que cumplir las \u00f3rdenes de EE.UU.<\/p>\n<p dir=\"ltr\" class=\"css-s4cjt0 e1yuyadm0\">El hecho de que Rodr\u00edguez fuera vista rodeada por algunos de los hombres m\u00e1s poderosos del c\u00edrculo \u00edntimo de Maduro horas despu\u00e9s de que el presidente fuera arrestado y trasladado fuera del pa\u00eds parece sugerir que ella tambi\u00e9n se ha ganado su apoyo.<\/p>\n<p><img decoding=\"async\" src=\"https:\/\/www.europesays.com\/es\/wp-content\/uploads\/2026\/01\/474f2610-ea2e-11f0-bee8-cb37bc70a803.jpg.webp.webp\"   alt=\"Delcy Rodr\u00edguez, Nicol\u00e1s Maduro y Cilia Flores.\" loading=\"lazy\" width=\"976\" height=\"549\" style=\"aspect-ratio:976 \/ 549\" class=\"css-1seqhu9\"\/><\/p>\n<p class=\"css-by8ykd\" role=\"text\">Fuente de la imagen, Getty Images<\/p>\n<p>Pie de foto, Delcy Rodr\u00edguez aparec\u00eda frecuentemente en eventos junto a Nicol\u00e1s Maduro y su esposa, Cilia Flores.<\/p>\n<p dir=\"ltr\" class=\"css-s4cjt0 e1yuyadm0\">A su lado se encontraban su hermano Jorge Rodr\u00edguez, presidente de la Asamblea Nacional de Venezuela, el secretario de la Rep\u00fablica para la Defensa, Seguridad y Soberan\u00eda Nacional, Diosdado Cabello, el secretario de la Rep\u00fablica para la Defensa, Seguridad y Soberan\u00eda Nacional, Vladimir Padrino, y el comandante en jefe de las Fuerzas Armadas, Domingo Hern\u00e1ndez L\u00e1rez, entre otros.<\/p>\n<p dir=\"ltr\" class=\"css-s4cjt0 e1yuyadm0\">Esto habr\u00e1 complacido a los funcionarios estadounidenses preocupados por que la captura de Maduro pudiera dar lugar a una batalla por el control entre su c\u00edrculo m\u00e1s cercano que pudiera desestabilizar el pa\u00eds.<\/p>\n<p dir=\"ltr\" class=\"css-s4cjt0 e1yuyadm0\">Pero el mensaje inicial de Delcy Rodr\u00edguez para EE.UU., que mencionamos en el comienzo, habr\u00eda resultado menos agradable para los o\u00eddos estadounidenses.<\/p>\n<p dir=\"ltr\" class=\"css-s4cjt0 e1yuyadm0\">\u00abNunca m\u00e1s seremos una colonia de ning\u00fan imperio\u00bb, insisti\u00f3, prometiendo \u00abdefender\u00bb a Venezuela.<\/p>\n<p dir=\"ltr\" class=\"css-s4cjt0 e1yuyadm0\">Aunque ciertamente no parec\u00eda la persona que Trump hab\u00eda descrito como \u00abdispuesta a cumplir los deseos de EE.UU.\u00bb, se ha especulado con que podr\u00eda haber adoptado un tono nacionalista para mantener a los partidarios m\u00e1s leales de Maduro a su lado.<\/p>\n<p dir=\"ltr\" class=\"css-s4cjt0 e1yuyadm0\">Y, como se dijo, su tono fue mucho m\u00e1s conciliador un d\u00eda despu\u00e9s.<\/p>\n<p dir=\"ltr\" class=\"css-s4cjt0 e1yuyadm0\">Cuando se le pregunt\u00f3 a Marco Rubio sobre el apoyo de Trump a Rodr\u00edguez y sus declaraciones, Rubio dijo el domingo a la cadena CBS que EE.UU. har\u00eda una evaluaci\u00f3n basada en sus acciones, no en sus palabras.<\/p>\n<p dir=\"ltr\" class=\"css-s4cjt0 e1yuyadm0\">\u00ab\u00bfS\u00e9 qu\u00e9 decisiones va a tomar la gente? No\u00bb, a\u00f1adi\u00f3, dando a entender aparentemente que no estaba tan seguro como Trump de la voluntad de Rodr\u00edguez de colaborar con EE.UU.<\/p>\n<p dir=\"ltr\" class=\"css-s4cjt0 e1yuyadm0\">En lo que se mostr\u00f3 inflexible fue en la disposici\u00f3n de EE.UU. a presionar al gobierno interino de Rodr\u00edguez.<\/p>\n<p dir=\"ltr\" class=\"css-s4cjt0 e1yuyadm0\">\u00abLo que s\u00ed s\u00e9 es que, si no toman las decisiones correctas, EE.UU. mantendr\u00e1 m\u00faltiples palancas de influencia para garantizar la protecci\u00f3n de nuestros intereses, y eso incluye la cuarentena petrolera que est\u00e1 en vigor, entre otras cosas\u00bb, afirm\u00f3.<\/p>\n<p><img decoding=\"async\" src=\"https:\/\/www.europesays.com\/es\/wp-content\/uploads\/2026\/01\/e8065650-ea2e-11f0-bee8-cb37bc70a803.jpg.webp.webp\"   alt=\"Marco Rubio\" loading=\"lazy\" width=\"1024\" height=\"576\" style=\"aspect-ratio:1024 \/ 576\" class=\"css-1seqhu9\"\/><\/p>\n<p class=\"css-by8ykd\" role=\"text\">Fuente de la imagen, Getty Images<\/p>\n<p>Pie de foto, \u00abEl gobierno surgir\u00e1 tras un periodo de transici\u00f3n y unas elecciones reales, que no han tenido\u00bb, se\u00f1al\u00f3 Rubio. <\/p>\n<p dir=\"ltr\" class=\"css-s4cjt0 e1yuyadm0\">En una entrevista con ABC, Rubio tambi\u00e9n pareci\u00f3 sugerir que deber\u00edan celebrarse nuevas elecciones en Venezuela.<\/p>\n<p dir=\"ltr\" class=\"css-s4cjt0 e1yuyadm0\">\u00abEl gobierno surgir\u00e1 tras un periodo de transici\u00f3n y unas elecciones reales, que no han tenido\u00bb.<\/p>\n<p dir=\"ltr\" class=\"css-s4cjt0 e1yuyadm0\">Rubio tambi\u00e9n apel\u00f3 al \u00abrealismo\u00bb, dando a entender que unas nuevas elecciones llevar\u00edan tiempo: \u00abTodo el mundo se pregunta: \u00bfpor qu\u00e9, 24 horas despu\u00e9s de la detenci\u00f3n de Nicol\u00e1s Maduro, no hay elecciones previstas para ma\u00f1ana? Eso es absurdo\u00bb.<\/p>\n<p dir=\"ltr\" class=\"css-s4cjt0 e1yuyadm0\">John Bolton, que trabaj\u00f3 en planes para destituir al presidente de Venezuela cuando era asesor de seguridad nacional en el primer mandato de Trump, acogi\u00f3 con satisfacci\u00f3n la operaci\u00f3n militar estadounidense y la captura de Maduro.<\/p>\n<p dir=\"ltr\" class=\"css-s4cjt0 e1yuyadm0\">Sin embargo, el destacado cr\u00edtico de Trump declar\u00f3 a la BBC que era poco probable que Rodr\u00edguez se doblegara ante EE.UU., sobre todo porque el r\u00e9gimen segu\u00eda contando con el respaldo de China, Rusia y Cuba.<\/p>\n<p dir=\"ltr\" class=\"css-s4cjt0 e1yuyadm0\">\u00abLo m\u00e1s racional en este caso es derrocar lo que queda del r\u00e9gimen de Maduro y poner a la oposici\u00f3n en el poder hasta que se celebren elecciones libres y justas. Cuentan con personas capaces de dirigir un gobierno interino mientras se organizan las elecciones\u00bb.<\/p>\n<p dir=\"ltr\" class=\"css-s4cjt0 e1yuyadm0\">Sin duda, hablar de nuevas elecciones decepcionar\u00e1 no solo a Mar\u00eda Corina Machado y Edmundo Gonz\u00e1lez, sino tambi\u00e9n a muchos de los venezolanos que votaron por ellos y que se han mostrado inflexibles en su deseo de que se respeten esos votos.<\/p>\n<p dir=\"ltr\" class=\"css-s4cjt0 e1yuyadm0\">La oposici\u00f3n lleva mucho tiempo insistiendo en que no es posible celebrar elecciones libres y justas mientras las instituciones clave que participan en su organizaci\u00f3n est\u00e9n repletas de partidarios de Maduro. La reforma de esos organismos llevar\u00e1 tiempo.<\/p>\n<p dir=\"ltr\" class=\"css-s4cjt0 e1yuyadm0\">Por lo tanto, a corto plazo, parece probable que Venezuela sea gobernada por Delcy Rodr\u00edguez y el c\u00edrculo \u00edntimo de Maduro, siempre y cuando cumplan las expectativas de la administraci\u00f3n Trump.<\/p>\n<p dir=\"ltr\" class=\"css-s4cjt0 e1yuyadm0\">La duraci\u00f3n de esta situaci\u00f3n depender\u00e1 de si Rodr\u00edguez es capaz de encontrar un t\u00e9rmino medio entre satisfacer las peticiones de Trump y los intereses de la base de Maduro.<\/p>\n<p dir=\"ltr\" class=\"css-s4cjt0 e1yuyadm0\">Es posible que pronto se encuentre entre la espada y la pared.<\/p>\n<p dir=\"ltr\" class=\"css-s4cjt0 e1yuyadm0\">*Con informaci\u00f3n y an\u00e1lisis de Vanessa Buschschl\u00fcter, editora de Am\u00e9rica Latina de BBC News<\/p>\n<p><img decoding=\"async\" src=\"https:\/\/www.europesays.com\/es\/wp-content\/uploads\/2026\/01\/b4d97cc0-ea2f-11f0-aae2-2191c0e48a3b.png.webp.webp\"   alt=\"L\u00ednea gris \" loading=\"lazy\" width=\"800\" height=\"100\" style=\"aspect-ratio:800 \/ 100\" class=\"css-1seqhu9\"\/><\/p>\n<p dir=\"ltr\" class=\"css-s4cjt0 e1yuyadm0\"><a href=\"https:\/\/www.bbc.com\/mundo\/send\/u184973209\" class=\"focusIndicatorReducedWidth css-n8oauk e1h2ur550\" rel=\"nofollow noopener\" target=\"_blank\">Suscr\u00edbete aqu\u00ed<\/a> a nuestro nuevo newsletter para recibir cada viernes una selecci\u00f3n de nuestro mejor contenido de la semana.<\/p>\n<p dir=\"ltr\" class=\"css-s4cjt0 e1yuyadm0\">Y recuerda que puedes recibir notificaciones en nuestra app. Descarga la \u00faltima versi\u00f3n y act\u00edvalas.<\/p>\n","protected":false},"excerpt":{"rendered":"Fuente de la imagen, Getty Images Pie de foto, La vicepresidenta de Venezuela, Delcy Rodr\u00edguez, denunci\u00f3 la captura&hellip;\n","protected":false},"author":2,"featured_media":324417,"comment_status":"","ping_status":"","sticky":false,"template":"","format":"standard","meta":{"footnotes":""},"categories":[42],"tags":[17,18,13,14,11,61,62,63,64,19,20,9,10,15,16,12,21,22,65,66,67],"class_list":{"0":"post-324416","1":"post","2":"type-post","3":"status-publish","4":"format-standard","5":"has-post-thumbnail","7":"category-internacional","8":"tag-breaking-news","9":"tag-breakingnews","10":"tag-featured-news","11":"tag-featurednews","12":"tag-headlines","13":"tag-internacional","14":"tag-international","15":"tag-international-news","16":"tag-internationalnews","17":"tag-latest-news","18":"tag-latestnews","19":"tag-news","20":"tag-noticias","21":"tag-noticias-destacadas","22":"tag-noticiasdestacadas","23":"tag-titulares","24":"tag-ultimas-noticias","25":"tag-ultimasnoticias","26":"tag-world","27":"tag-world-news","28":"tag-worldnews"},"share_on_mastodon":{"url":"https:\/\/pubeurope.com\/@es\/115843317471294717","error":""},"_links":{"self":[{"href":"https:\/\/www.europesays.com\/es\/wp-json\/wp\/v2\/posts\/324416","targetHints":{"allow":["GET"]}}],"collection":[{"href":"https:\/\/www.europesays.com\/es\/wp-json\/wp\/v2\/posts"}],"about":[{"href":"https:\/\/www.europesays.com\/es\/wp-json\/wp\/v2\/types\/post"}],"author":[{"embeddable":true,"href":"https:\/\/www.europesays.com\/es\/wp-json\/wp\/v2\/users\/2"}],"replies":[{"embeddable":true,"href":"https:\/\/www.europesays.com\/es\/wp-json\/wp\/v2\/comments?post=324416"}],"version-history":[{"count":0,"href":"https:\/\/www.europesays.com\/es\/wp-json\/wp\/v2\/posts\/324416\/revisions"}],"wp:featuredmedia":[{"embeddable":true,"href":"https:\/\/www.europesays.com\/es\/wp-json\/wp\/v2\/media\/324417"}],"wp:attachment":[{"href":"https:\/\/www.europesays.com\/es\/wp-json\/wp\/v2\/media?parent=324416"}],"wp:term":[{"taxonomy":"category","embeddable":true,"href":"https:\/\/www.europesays.com\/es\/wp-json\/wp\/v2\/categories?post=324416"},{"taxonomy":"post_tag","embeddable":true,"href":"https:\/\/www.europesays.com\/es\/wp-json\/wp\/v2\/tags?post=324416"}],"curies":[{"name":"wp","href":"https:\/\/api.w.org\/{rel}","templated":true}]}}