{"id":324418,"date":"2026-01-05T15:58:30","date_gmt":"2026-01-05T15:58:30","guid":{"rendered":"https:\/\/www.europesays.com\/es\/324418\/"},"modified":"2026-01-05T15:58:30","modified_gmt":"2026-01-05T15:58:30","slug":"algeciras-impulsa-el-distrito-paco-de-lucia-como-motor-cultural-y-social-de-la-ciudad","status":"publish","type":"post","link":"https:\/\/www.europesays.com\/es\/324418\/","title":{"rendered":"Algeciras impulsa el Distrito Paco de Luc\u00eda como motor cultural y social de la ciudad"},"content":{"rendered":"<p>El alcalde de Algeciras, Jos\u00e9 Ignacio Landaluce, y la teniente de alcalde delegada de Cultura, Pilar Pintor, han puesto en valor el Distrito Paco de Luc\u00eda, un proyecto urbano y cultural que tiene como eje central el Centro de Interpretaci\u00f3n Paco de Luc\u00eda y que se desarrollar\u00e1 en distintas zonas emblem\u00e1ticas de la ciudad.\u00a0<\/p>\n<p>\u00a0<\/p>\n<p>El alcalde ha se\u00f1alado que este distrito se articula alrededor del Centro de Interpretaci\u00f3n, que es el coraz\u00f3n cultural del flamenco en Algeciras, y se extender\u00e1 por Fuente Nueva, el Secano, la calle San Francisco, donde naci\u00f3 Paco de Luc\u00eda, y parte del barrio de La Bajadilla, incluyendo calles emblem\u00e1ticas como la calle Barcelona, donde creci\u00f3 el artista.\u00a0<\/p>\n<p>\u00a0<\/p>\n<p>Se trata de un espacio cargado de historia, talento y potencial que, gracias al impulso municipal, la colaboraci\u00f3n con la Junta de Andaluc\u00eda y los fondos europeos, contar\u00e1 en los pr\u00f3ximos a\u00f1os con una inversi\u00f3n p\u00fablica y privada superior a 25 millones de euros destinada a renovar espacios p\u00fablicos, crear nuevas dotaciones, mejorar servicios y generar oportunidades para el barrio.<\/p>\n<p>\u00a0<\/p>\n<p>El alcalde ha destacado que este proyecto permitir\u00e1 construir nuevas infraestructuras como un pabell\u00f3n deportivo con piscina cubierta en el colegio Salesianos, un nuevo centro de salud en La Bajadilla, el desarrollo del Conservatorio Paco de Luc\u00eda y varias promociones de viviendas, transformando el distrito en un barrio m\u00e1s accesible, activo, saludable y atractivo para vivir.\u00a0<\/p>\n<p>\u00a0<\/p>\n<p>Por su parte, Pilar Pintor ha se\u00f1alado que la cultura no es solo un s\u00edmbolo, sino una palanca real de desarrollo social, educativo y econ\u00f3mico, y que desde la apertura del Centro de Interpretaci\u00f3n Paco de Luc\u00eda hace un a\u00f1o se ha trabajado para consolidar este distrito como un espacio vivo y abierto a todos.\u00a0<\/p>\n<p>\u00a0<\/p>\n<p>La responsable municipal ha destacado, adem\u00e1s, el dinamismo cultural de la ciudad, con espacios como la Factor\u00eda de Salaz\u00f3n de Pescado de San Nicol\u00e1s, la Capilla del Cristo de la Alameda y el Museo Municipal, que junto al centro de interpretaci\u00f3n y la programaci\u00f3n del teatro municipal, y de los distintos espacios culturales y asociaciones, refuerzan la oferta cultural y tur\u00edstica de Algeciras.<\/p>\n<p>\u00a0<\/p>\n<p>El Distrito Paco de Luc\u00eda se proyecta como un espacio que combina memoria, identidad, innovaci\u00f3n y oportunidades, consolid\u00e1ndose como un motor de desarrollo cultural y social que beneficiar\u00e1 a los vecinos y har\u00e1 de la ciudad un referente en la promoci\u00f3n del flamenco y la cultura local.<\/p>\n","protected":false},"excerpt":{"rendered":"El alcalde de Algeciras, Jos\u00e9 Ignacio Landaluce, y la teniente de alcalde delegada de Cultura, Pilar Pintor, han&hellip;\n","protected":false},"author":2,"featured_media":324419,"comment_status":"","ping_status":"","sticky":false,"template":"","format":"standard","meta":{"footnotes":""},"categories":[8],"tags":[17,18,25,24,13,14,11,19,20,9,10,15,16,23,12,21,22],"class_list":{"0":"post-324418","1":"post","2":"type-post","3":"status-publish","4":"format-standard","5":"has-post-thumbnail","7":"category-espana","8":"tag-breaking-news","9":"tag-breakingnews","10":"tag-es","11":"tag-espana","12":"tag-featured-news","13":"tag-featurednews","14":"tag-headlines","15":"tag-latest-news","16":"tag-latestnews","17":"tag-news","18":"tag-noticias","19":"tag-noticias-destacadas","20":"tag-noticiasdestacadas","21":"tag-spain","22":"tag-titulares","23":"tag-ultimas-noticias","24":"tag-ultimasnoticias"},"share_on_mastodon":{"url":"https:\/\/pubeurope.com\/@es\/115843321272030380","error":""},"_links":{"self":[{"href":"https:\/\/www.europesays.com\/es\/wp-json\/wp\/v2\/posts\/324418","targetHints":{"allow":["GET"]}}],"collection":[{"href":"https:\/\/www.europesays.com\/es\/wp-json\/wp\/v2\/posts"}],"about":[{"href":"https:\/\/www.europesays.com\/es\/wp-json\/wp\/v2\/types\/post"}],"author":[{"embeddable":true,"href":"https:\/\/www.europesays.com\/es\/wp-json\/wp\/v2\/users\/2"}],"replies":[{"embeddable":true,"href":"https:\/\/www.europesays.com\/es\/wp-json\/wp\/v2\/comments?post=324418"}],"version-history":[{"count":0,"href":"https:\/\/www.europesays.com\/es\/wp-json\/wp\/v2\/posts\/324418\/revisions"}],"wp:featuredmedia":[{"embeddable":true,"href":"https:\/\/www.europesays.com\/es\/wp-json\/wp\/v2\/media\/324419"}],"wp:attachment":[{"href":"https:\/\/www.europesays.com\/es\/wp-json\/wp\/v2\/media?parent=324418"}],"wp:term":[{"taxonomy":"category","embeddable":true,"href":"https:\/\/www.europesays.com\/es\/wp-json\/wp\/v2\/categories?post=324418"},{"taxonomy":"post_tag","embeddable":true,"href":"https:\/\/www.europesays.com\/es\/wp-json\/wp\/v2\/tags?post=324418"}],"curies":[{"name":"wp","href":"https:\/\/api.w.org\/{rel}","templated":true}]}}