{"id":324439,"date":"2026-01-05T16:17:09","date_gmt":"2026-01-05T16:17:09","guid":{"rendered":"https:\/\/www.europesays.com\/es\/324439\/"},"modified":"2026-01-05T16:17:09","modified_gmt":"2026-01-05T16:17:09","slug":"romeo-santos-prince-royce","status":"publish","type":"post","link":"https:\/\/www.europesays.com\/es\/324439\/","title":{"rendered":"ROMEO SANTOS &#038; PRINCE ROYCE"},"content":{"rendered":"<p>Romeo Santos &amp; Prince Royce el 4 de julio en Navarra Arena.<\/p>\n<p>Romeo Santos lleva en la m\u00fasica<strong> m\u00e1s de 30 a\u00f1os <\/strong>con temas tan ic\u00f3nicos como Obsesi\u00f3n, Ella y yo o La Boda. En esta ocasi\u00f3n, el cantante se ha unido a Prince Royce para dar forma a un <strong>proyecto que combina nostalgia, evoluci\u00f3n y un claro gui\u00f1o a sus ra\u00edces<\/strong>.<\/p>\n<p>La canci\u00f3n m\u00e1s destacada de este nuevo proyecto es <strong>\u201cDardos\u201d<\/strong>, un verdadero fen\u00f3meno que ya suma decenas de millones de reproducciones en plataformas de streaming a nivel mundial y que ha llevado al d\u00fao Romeo y Prince Royce a conquistar el n\u00famero uno en Espa\u00f1a.<\/p>\n<p>El resultado es <strong>Mejor Tarde Que Nunca Tour Europa 2026<\/strong>, que se desarrollar\u00e1 entre los meses de junio, julio y agosto, con una intensa agenda de conciertos tanto en Espa\u00f1a como en otros pa\u00edses europeos. El 4 de julio, Romeo Santos &amp; Prince Royce aterrizar\u00e1n en el Navarra Arena con una cita imprescindible para los amantes de la bachata y de la m\u00fasica latina, que tendr\u00e1n la oportunidad de vivir en directo una colaboraci\u00f3n irrepetible.<\/p>\n","protected":false},"excerpt":{"rendered":"Romeo Santos &amp; Prince Royce el 4 de julio en Navarra Arena. Romeo Santos lleva en la m\u00fasica&hellip;\n","protected":false},"author":2,"featured_media":324440,"comment_status":"","ping_status":"","sticky":false,"template":"","format":"standard","meta":{"footnotes":""},"categories":[91],"tags":[39779,39777,146,147,25,24,39780,39778,39782,39775,39776,39781,23],"class_list":{"0":"post-324439","1":"post","2":"type-post","3":"status-publish","4":"format-standard","5":"has-post-thumbnail","7":"category-entretenimiento","8":"tag-comprar-entradas-navarra-arena","9":"tag-conciertos-en-pamplona","10":"tag-entertainment","11":"tag-entretenimiento","12":"tag-es","13":"tag-espana","14":"tag-espectaculos-deportivos-pamplona","15":"tag-eventos-en-navarra","16":"tag-eventos-pamplona","17":"tag-navarra-arena","18":"tag-recinto-multiusos-pamplona","19":"tag-sala-de-conciertos-navarra","20":"tag-spain"},"share_on_mastodon":{"url":"https:\/\/pubeurope.com\/@es\/115843396106274947","error":""},"_links":{"self":[{"href":"https:\/\/www.europesays.com\/es\/wp-json\/wp\/v2\/posts\/324439","targetHints":{"allow":["GET"]}}],"collection":[{"href":"https:\/\/www.europesays.com\/es\/wp-json\/wp\/v2\/posts"}],"about":[{"href":"https:\/\/www.europesays.com\/es\/wp-json\/wp\/v2\/types\/post"}],"author":[{"embeddable":true,"href":"https:\/\/www.europesays.com\/es\/wp-json\/wp\/v2\/users\/2"}],"replies":[{"embeddable":true,"href":"https:\/\/www.europesays.com\/es\/wp-json\/wp\/v2\/comments?post=324439"}],"version-history":[{"count":0,"href":"https:\/\/www.europesays.com\/es\/wp-json\/wp\/v2\/posts\/324439\/revisions"}],"wp:featuredmedia":[{"embeddable":true,"href":"https:\/\/www.europesays.com\/es\/wp-json\/wp\/v2\/media\/324440"}],"wp:attachment":[{"href":"https:\/\/www.europesays.com\/es\/wp-json\/wp\/v2\/media?parent=324439"}],"wp:term":[{"taxonomy":"category","embeddable":true,"href":"https:\/\/www.europesays.com\/es\/wp-json\/wp\/v2\/categories?post=324439"},{"taxonomy":"post_tag","embeddable":true,"href":"https:\/\/www.europesays.com\/es\/wp-json\/wp\/v2\/tags?post=324439"}],"curies":[{"name":"wp","href":"https:\/\/api.w.org\/{rel}","templated":true}]}}