{"id":324534,"date":"2026-01-05T17:29:09","date_gmt":"2026-01-05T17:29:09","guid":{"rendered":"https:\/\/www.europesays.com\/es\/324534\/"},"modified":"2026-01-05T17:29:09","modified_gmt":"2026-01-05T17:29:09","slug":"italia-respaldaria-el-acuerdo-comercial-union-europea-mercosur","status":"publish","type":"post","link":"https:\/\/www.europesays.com\/es\/324534\/","title":{"rendered":"Italia respaldar\u00eda el acuerdo comercial Uni\u00f3n Europea-Mercosur"},"content":{"rendered":"<p>    <img fetchpriority=\"high\" decoding=\"async\" src=\"data:image\/gif;base64,R0lGODlhAQABAIAAAAAAAP\/\/\/ywAAAAAAQABAAACAUwAOw==\" alt=\"Foto: Gianni Cipriano\/Bloomberg\" loading=\"eager\" height=\"640\" width=\"960\" class=\"yf-lglytj loader\"\/> Foto: Gianni Cipriano\/Bloomberg      <\/p>\n<p class=\"yf-7hmkaz\">(Bloomberg) &#8212;<\/p>\n<p class=\"yf-7hmkaz\">Italia planea respaldar el pacto de libre comercio entre la Uni\u00f3n Europea y el bloque de pa\u00edses sudamericanos del Mercosur, lo que allanar\u00eda el camino para la firma final del acuerdo tras 25 a\u00f1os en negociaci\u00f3n.<\/p>\n<p class=\"yf-7hmkaz\">Lo m\u00e1s le\u00eddo de Bloomberg<\/p>\n<p class=\"yf-7hmkaz\">Se espera que Italia revierta su postura y apoye el acuerdo cuando los embajadores de la UE voten la medida el 9 de enero, seg\u00fan personas familiarizadas con el asunto. Eso permitir\u00eda que la UE firme el tratado con los pa\u00edses del Mercosur \u2014Brasil, Argentina, Uruguay y Paraguay\u2014 el 12 de enero.<\/p>\n<p class=\"yf-7hmkaz\">Un portavoz del gobierno italiano declin\u00f3 hacer comentarios. Nada ha sido definido y los planes a\u00fan podr\u00edan cambiar.<\/p>\n<p>    <img decoding=\"async\" src=\"data:image\/gif;base64,R0lGODlhAQABAIAAAAAAAP\/\/\/ywAAAAAAQABAAACAUwAOw==\" alt=\" \" loading=\"lazy\" height=\"611\" width=\"960\" class=\"yf-lglytj loader\"\/>        <\/p>\n<p class=\"yf-7hmkaz\">La UE no logr\u00f3 cerrar el acuerdo el mes pasado despu\u00e9s de que Italia y Francia encabezaran una campa\u00f1a para retrasarlo, al argumentar que todav\u00eda carec\u00eda de protecciones adecuadas para los agricultores europeos.<\/p>\n<p class=\"yf-7hmkaz\">Seg\u00fan las fuentes, la primera ministra de Italia, Giorgia Meloni, buscaba salvaguardas adicionales para el sector agr\u00edcola, as\u00ed como fondos extra para los productores provenientes del presupuesto del bloque.<\/p>\n<p class=\"yf-7hmkaz\">\u201cHa habido discusiones, trabajo y avances durante las \u00faltimas dos semanas\u201d, dijo el lunes en Bruselas la portavoz de la Comisi\u00f3n Europea, Paula Pinho. \u201cVamos por el camino correcto para considerar una firma, con suerte, en el corto plazo\u201d.<\/p>\n<p class=\"yf-7hmkaz\">El mes pasado, el presidente franc\u00e9s Emmanuel Macron, quien enfrenta presiones internas de los agricultores, sostuvo que el tratado no ofrec\u00eda salvaguardas suficientes. Durante el fin de semana, el primer ministro Sebastien Lecornu afirm\u00f3 que Francia planea prohibir importaciones de alimentos desde Sudam\u00e9rica u otros lugares que contengan pesticidas prohibidos en la UE.<\/p>\n<p class=\"yf-7hmkaz\">El acuerdo propuesto es el mayor que haya negociado la UE. Durante m\u00e1s de dos d\u00e9cadas, las conversaciones se detuvieron y retomaron de manera recurrente mientras los funcionarios intentaban atender las preocupaciones sobre protecciones ambientales y est\u00e1ndares agroalimentarios del bloque del Mercosur.<\/p>\n<p class=\"yf-7hmkaz\">El pacto comercial UE-Mercosur crear\u00eda un mercado integrado de 780 millones de consumidores, eliminar\u00eda gradualmente aranceles sobre productos como los autom\u00f3viles y le dar\u00eda a Europa un acceso m\u00e1s f\u00e1cil a la vasta industria agr\u00edcola del Mercosur. El acuerdo permitir\u00eda a ambas regiones diversificarse lejos de EE.UU. despu\u00e9s de que el presidente Donald Trump impusiera aranceles globales.<\/p>\n<p class=\"yf-7hmkaz\">Bloomberg Economics estim\u00f3 que el acuerdo impulsar\u00eda la econom\u00eda del Mercosur hasta 0,7% y la de Europa 0,1%. Desde el punto de vista geopol\u00edtico, tambi\u00e9n reforzar\u00eda la presencia de la UE en una regi\u00f3n donde China se ha consolidado como un importante proveedor industrial y comprador de materias primas.<\/p>\n","protected":false},"excerpt":{"rendered":"Foto: Gianni Cipriano\/Bloomberg (Bloomberg) &#8212; Italia planea respaldar el pacto de libre comercio entre la Uni\u00f3n Europea y&hellip;\n","protected":false},"author":2,"featured_media":324535,"comment_status":"","ping_status":"","sticky":false,"template":"","format":"standard","meta":{"footnotes":""},"categories":[42],"tags":[14278,17,18,15789,75218,13,14,14655,11,61,62,63,64,628,19,20,28069,9,10,15,16,12,943,21,22,65,66,67],"class_list":{"0":"post-324534","1":"post","2":"type-post","3":"status-publish","4":"format-standard","5":"has-post-thumbnail","7":"category-internacional","8":"tag-bloomberg","9":"tag-breaking-news","10":"tag-breakingnews","11":"tag-el-fin-de-semana","12":"tag-el-pacto","13":"tag-featured-news","14":"tag-featurednews","15":"tag-giorgia-meloni","16":"tag-headlines","17":"tag-internacional","18":"tag-international","19":"tag-international-news","20":"tag-internationalnews","21":"tag-italia","22":"tag-latest-news","23":"tag-latestnews","24":"tag-mercosur","25":"tag-news","26":"tag-noticias","27":"tag-noticias-destacadas","28":"tag-noticiasdestacadas","29":"tag-titulares","30":"tag-ue","31":"tag-ultimas-noticias","32":"tag-ultimasnoticias","33":"tag-world","34":"tag-world-news","35":"tag-worldnews"},"share_on_mastodon":{"url":"https:\/\/pubeurope.com\/@es\/115843679210910514","error":""},"_links":{"self":[{"href":"https:\/\/www.europesays.com\/es\/wp-json\/wp\/v2\/posts\/324534","targetHints":{"allow":["GET"]}}],"collection":[{"href":"https:\/\/www.europesays.com\/es\/wp-json\/wp\/v2\/posts"}],"about":[{"href":"https:\/\/www.europesays.com\/es\/wp-json\/wp\/v2\/types\/post"}],"author":[{"embeddable":true,"href":"https:\/\/www.europesays.com\/es\/wp-json\/wp\/v2\/users\/2"}],"replies":[{"embeddable":true,"href":"https:\/\/www.europesays.com\/es\/wp-json\/wp\/v2\/comments?post=324534"}],"version-history":[{"count":0,"href":"https:\/\/www.europesays.com\/es\/wp-json\/wp\/v2\/posts\/324534\/revisions"}],"wp:featuredmedia":[{"embeddable":true,"href":"https:\/\/www.europesays.com\/es\/wp-json\/wp\/v2\/media\/324535"}],"wp:attachment":[{"href":"https:\/\/www.europesays.com\/es\/wp-json\/wp\/v2\/media?parent=324534"}],"wp:term":[{"taxonomy":"category","embeddable":true,"href":"https:\/\/www.europesays.com\/es\/wp-json\/wp\/v2\/categories?post=324534"},{"taxonomy":"post_tag","embeddable":true,"href":"https:\/\/www.europesays.com\/es\/wp-json\/wp\/v2\/tags?post=324534"}],"curies":[{"name":"wp","href":"https:\/\/api.w.org\/{rel}","templated":true}]}}