{"id":324552,"date":"2026-01-05T17:45:08","date_gmt":"2026-01-05T17:45:08","guid":{"rendered":"https:\/\/www.europesays.com\/es\/324552\/"},"modified":"2026-01-05T17:45:08","modified_gmt":"2026-01-05T17:45:08","slug":"a-punt-busca-director-para-la-radio-cinco-dias-de-plazo-y-sin-exigencia-de-valenciano","status":"publish","type":"post","link":"https:\/\/www.europesays.com\/es\/324552\/","title":{"rendered":"\u00c0 Punt busca director para la radio: cinco d\u00edas de plazo y sin exigencia de valenciano"},"content":{"rendered":"<p class=\"v-mdl-ath__p v-mdl-ath__p--6\">\nLunes, 5 de enero 2026, 15:40<\/p>\n<p class=\"v-p\">La Corporaci\u00f3n Audiovisual de la Comunitat Valenciana busca director para la radio de \u00c0 punt, y lo pretende encontrar r\u00e1pidamente, sin que el valenciano sea un requisito obligatorio sino un m\u00e9rito como el conocimiento de otros idiomas. El DOGV publica el inicio del proceso de selecci\u00f3n de candidatos propuestos para ocupar el puesto de direcci\u00f3n de la radio un puesto que, seg\u00fan fuentes vinculadas al ente p\u00fablico valenciano, formaba parte de la RPT Relaci\u00f3n de Puestos de Trabajo que posteriormente se modific\u00f3 y se elimin\u00f3, y que ahora es rescatado.<\/p>\n<p class=\"v-p\">El nuevo director de la radio deber\u00e1 \u00abdefinir la l\u00ednea editorial de la emisora conforme a los valores del servicio p\u00fablico, supervisar la planificaci\u00f3n, producci\u00f3n y emisi\u00f3n de programas informativos, culturales, educativos y de entretenimiento, y dirigir al equipo de redactores, t\u00e9cnicos, productores y colaboradores de la cadena\u00bb. <\/p>\n<p class=\"v-p\">El principal requisito que se reclama, al margen de la nacionalidad espa\u00f1ola y no estar inhabilitado para cargos de este tipo es contar con \u00abexperiencia\u00bb en esta clase de puestos de direcci\u00f3n o de comunicaci\u00f3n. <\/p>\n<p class=\"v-p\">La convocatoria, supervisada por el director general de \u00c0 Punt, Francisco Aura, es un concurso de dos fases, la de m\u00e9ritos y curr\u00edculum, que supone el 40% del baremo y en la que se establece una nota de corte, y una entrevista y defensa del proyecto, que supone el 60% restante de la puntuaci\u00f3n, dividida en dos entre la entrevista y el proyecto presentado. <\/p>\n<p>Reporta un error<\/p>\n","protected":false},"excerpt":{"rendered":"Lunes, 5 de enero 2026, 15:40 La Corporaci\u00f3n Audiovisual de la Comunitat Valenciana busca director para la radio&hellip;\n","protected":false},"author":2,"featured_media":324553,"comment_status":"","ping_status":"","sticky":false,"template":"","format":"standard","meta":{"footnotes":""},"categories":[170],"tags":[331,5810,960,411,146,147,25,24,15277,184,185,10016,19344,1448,23,706],"class_list":["post-324552","post","type-post","status-publish","format-standard","has-post-thumbnail","category-musica","tag-busca","tag-cinco","tag-dias","tag-director","tag-entertainment","tag-entretenimiento","tag-es","tag-espana","tag-exigencia","tag-music","tag-musica","tag-plazo","tag-punt","tag-radio","tag-spain","tag-valenciano"],"share_on_mastodon":{"url":"https:\/\/pubeurope.com\/@es\/115843742222546350","error":""},"_links":{"self":[{"href":"https:\/\/www.europesays.com\/es\/wp-json\/wp\/v2\/posts\/324552","targetHints":{"allow":["GET"]}}],"collection":[{"href":"https:\/\/www.europesays.com\/es\/wp-json\/wp\/v2\/posts"}],"about":[{"href":"https:\/\/www.europesays.com\/es\/wp-json\/wp\/v2\/types\/post"}],"author":[{"embeddable":true,"href":"https:\/\/www.europesays.com\/es\/wp-json\/wp\/v2\/users\/2"}],"replies":[{"embeddable":true,"href":"https:\/\/www.europesays.com\/es\/wp-json\/wp\/v2\/comments?post=324552"}],"version-history":[{"count":0,"href":"https:\/\/www.europesays.com\/es\/wp-json\/wp\/v2\/posts\/324552\/revisions"}],"wp:featuredmedia":[{"embeddable":true,"href":"https:\/\/www.europesays.com\/es\/wp-json\/wp\/v2\/media\/324553"}],"wp:attachment":[{"href":"https:\/\/www.europesays.com\/es\/wp-json\/wp\/v2\/media?parent=324552"}],"wp:term":[{"taxonomy":"category","embeddable":true,"href":"https:\/\/www.europesays.com\/es\/wp-json\/wp\/v2\/categories?post=324552"},{"taxonomy":"post_tag","embeddable":true,"href":"https:\/\/www.europesays.com\/es\/wp-json\/wp\/v2\/tags?post=324552"}],"curies":[{"name":"wp","href":"https:\/\/api.w.org\/{rel}","templated":true}]}}