{"id":324585,"date":"2026-01-05T18:08:08","date_gmt":"2026-01-05T18:08:08","guid":{"rendered":"https:\/\/www.europesays.com\/es\/324585\/"},"modified":"2026-01-05T18:08:08","modified_gmt":"2026-01-05T18:08:08","slug":"extreme-en-el-estudio-video-inedito-de-hypocrisy-unto-others-en-iberoamerica","status":"publish","type":"post","link":"https:\/\/www.europesays.com\/es\/324585\/","title":{"rendered":"EXTREME en el estudio. V\u00eddeo in\u00e9dito de HYPOCRISY. UNTO OTHERS en Iberoam\u00e9rica."},"content":{"rendered":"<p>\u00a0<\/p>\n<p style=\"text-align: center;\"><strong><a href=\"#EXTREME\">EXTREME en el estudio<\/a> \u2013 <a href=\"#HYPOCRISY\">V\u00eddeo in\u00e9dito de HYPOCRISY<\/a> \u2013 <a href=\"#UNTO_OTHERS\">UNTO OTHERS en Iberoam\u00e9rica<\/a>.<\/strong><\/p>\n<p><a href=\"https:\/\/www.facebook.com\/extremeband\" target=\"_blank\" rel=\"noopener nofollow\"><strong>EXTREME<\/strong><\/a> han empezado a grabar su pr\u00f3ximo trabajo imaginamos que para editarlo este 2026.<\/p>\n<p><img fetchpriority=\"high\" decoding=\"async\" src=\"https:\/\/www.europesays.com\/es\/wp-content\/uploads\/2026\/01\/extreme_madrid2024_4_500x26.jpg\" alt=\"EXTREME\" width=\"500\" height=\"267\"\/><\/p>\n<p>El \u00faltimo disco de <a href=\"https:\/\/www.facebook.com\/extremeband\" target=\"_blank\" rel=\"noopener nofollow\"><strong>EXTREME<\/strong><\/a> \u201cSix\u201d apareci\u00f3 el 9 de junio de 2023 a trav\u00e9s de earMUSIC.<\/p>\n<p>Todos los detalles en esta <a href=\"https:\/\/www.rafabasa.com\/2023\/03\/01\/metallica-extreme-heavens-edge\/#EXTREME\" target=\"_blank\" rel=\"noopener nofollow\">noticia<\/a> y los adelantos aparecidos en <a href=\"https:\/\/www.rafabasa.com\/2025\/11\/25\/extreme-rick-wakeman-enrocke\/#EXTREME\" target=\"_blank\" rel=\"noopener nofollow\">esta<\/a>.<\/p>\n<p>\u00a0<\/p>\n<p>A continuaci\u00f3n pod\u00e9is ver el v\u00eddeo in\u00e9dito de <strong>HYPOCRISY<\/strong> \u201cWeed Out The Week (Director\u2019s Cut)\u201d.<\/p>\n<p>El 26 de noviembre de 2021 vio la luz a trav\u00e9s de Nuclear Blast el \u00faltimo disco de <a href=\"https:\/\/www.facebook.com\/hypocrisy\/\" target=\"_blank\" rel=\"noopener nofollow\"><strong>HYPOCRISY<\/strong><\/a> \u201cWorship\u201d.<\/p>\n<p>Todos los detalles en esta <a href=\"https:\/\/www.rafabasa.com\/2021\/09\/10\/sabaton-obituary-hypocrisy\/#HYPOCRISY\" target=\"_blank\" rel=\"noopener nofollow\">noticia<\/a> y sus \u00faltimos v\u00eddeos en <a href=\"https:\/\/www.rafabasa.com\/2021\/11\/28\/kreator-hypocrisy-midnight\/#HYPOCRISY\" target=\"_blank\" rel=\"noopener nofollow\">esta<\/a>.<\/p>\n<p>Otras informaciones sobre el grupo en este <a href=\"https:\/\/www.rafabasa.com\/2025\/09\/14\/saxon-hypocrisy-clawfinger\/#HYPOCRISY\" target=\"_blank\" rel=\"noopener nofollow\">bloque<\/a>.<\/p>\n<p>\u00a0<\/p>\n<p>\u00a0<\/p>\n<p>\u00a0<\/p>\n<p><a href=\"https:\/\/www.facebook.com\/untootherspdx\" target=\"_blank\" rel=\"noopener nofollow\"><strong>UNTO OTHERS<\/strong><\/a> han anunciado las siguientes fechas en Iberoam\u00e9rica:<\/p>\n<p>Marzo<\/p>\n<ul>\n<li>17 C3 Rooftop, Guadalajara, M\u00e9xico<\/li>\n<li>19 Sala por confirmar, Ciudad de M\u00e9xico, M\u00e9xico<\/li>\n<li>22 Yield Rock, Lima, Per\u00fa<\/li>\n<li>24 Cancha Teatro Cariola, Santiago, Chile<\/li>\n<li>26 El teatrito, Buenos Aires, Argentina<\/li>\n<li>28 Burning House, Sao Paulo, Brasil<\/li>\n<\/ul>\n<p><a href=\"https:\/\/www.facebook.com\/untootherspdx\" target=\"_blank\" rel=\"noopener nofollow\"><strong>UNTO OTHERS<\/strong><\/a> sacaron el 17 de octubre a trav\u00e9s de Lone Fir Records en EE UU y\u00a0Eisenwald Records en Europa un <a href=\"https:\/\/www.rafabasa.com\/2025\/10\/05\/def-leppard-geoff-tate-unto-others\/#UNTO_OTHERS\" rel=\"nofollow noopener\" target=\"_blank\">nuevo EP<\/a> titulado \u201cI Believe In Halloween II\u201d.<\/p>\n<p><a href=\"https:\/\/www.facebook.com\/untootherspdx\" target=\"_blank\" rel=\"noopener nofollow\"><strong>UNTO OTHERS<\/strong><\/a> editaron el 20 de septiembre de 2024 a trav\u00e9s de Century Media su \u00faltimo disco \u201cNever, Neverland\u201d.<\/p>\n<p>Todos los detalles en esta <a href=\"https:\/\/www.rafabasa.com\/2024\/07\/19\/nikolo-kotzevs-nostradamus-unto-others-mortemia\/#UNTO_OTHERS\" target=\"_blank\" rel=\"noopener nofollow\">noticia<\/a> y su anterior v\u00eddeo en <a href=\"https:\/\/www.rafabasa.com\/2024\/08\/22\/deep-purple-testament-unto-others\/#UNTO_OTHERS\" target=\"_blank\" rel=\"noopener nofollow\">esta<\/a>.<\/p>\n<p>\u00a0<\/p>\n<p align=\"center\"><strong>Sigue el\u00a0<a href=\"https:\/\/whatsapp.com\/channel\/0029VaCprxVBA1f555USvT2O\" target=\"_blank\" rel=\"nofollow noopener\">Canal de RAFABASA.COM en WhatsApp<\/a>, donde encontrar\u00e1s todas nuestras novedades al instante<\/strong><\/p>\n<p>\u00a0<\/p>\n<p>\u00a0<\/p>\n<p>\u00a0<\/p>\n<p>\u00a0<\/p>\n","protected":false},"excerpt":{"rendered":"\u00a0 EXTREME en el estudio \u2013 V\u00eddeo in\u00e9dito de HYPOCRISY \u2013 UNTO OTHERS en Iberoam\u00e9rica. EXTREME han empezado&hellip;\n","protected":false},"author":2,"featured_media":324586,"comment_status":"","ping_status":"","sticky":false,"template":"","format":"standard","meta":{"footnotes":""},"categories":[170],"tags":[146,147,25,24,39948,38738,184,185,23,75219],"class_list":{"0":"post-324585","1":"post","2":"type-post","3":"status-publish","4":"format-standard","5":"has-post-thumbnail","7":"category-musica","8":"tag-entertainment","9":"tag-entretenimiento","10":"tag-es","11":"tag-espana","12":"tag-extreme","13":"tag-hypocrisy","14":"tag-music","15":"tag-musica","16":"tag-spain","17":"tag-unto-others"},"share_on_mastodon":{"url":"https:\/\/pubeurope.com\/@es\/115843832810736909","error":""},"_links":{"self":[{"href":"https:\/\/www.europesays.com\/es\/wp-json\/wp\/v2\/posts\/324585","targetHints":{"allow":["GET"]}}],"collection":[{"href":"https:\/\/www.europesays.com\/es\/wp-json\/wp\/v2\/posts"}],"about":[{"href":"https:\/\/www.europesays.com\/es\/wp-json\/wp\/v2\/types\/post"}],"author":[{"embeddable":true,"href":"https:\/\/www.europesays.com\/es\/wp-json\/wp\/v2\/users\/2"}],"replies":[{"embeddable":true,"href":"https:\/\/www.europesays.com\/es\/wp-json\/wp\/v2\/comments?post=324585"}],"version-history":[{"count":0,"href":"https:\/\/www.europesays.com\/es\/wp-json\/wp\/v2\/posts\/324585\/revisions"}],"wp:featuredmedia":[{"embeddable":true,"href":"https:\/\/www.europesays.com\/es\/wp-json\/wp\/v2\/media\/324586"}],"wp:attachment":[{"href":"https:\/\/www.europesays.com\/es\/wp-json\/wp\/v2\/media?parent=324585"}],"wp:term":[{"taxonomy":"category","embeddable":true,"href":"https:\/\/www.europesays.com\/es\/wp-json\/wp\/v2\/categories?post=324585"},{"taxonomy":"post_tag","embeddable":true,"href":"https:\/\/www.europesays.com\/es\/wp-json\/wp\/v2\/tags?post=324585"}],"curies":[{"name":"wp","href":"https:\/\/api.w.org\/{rel}","templated":true}]}}