{"id":324615,"date":"2026-01-05T18:28:26","date_gmt":"2026-01-05T18:28:26","guid":{"rendered":"https:\/\/www.europesays.com\/es\/324615\/"},"modified":"2026-01-05T18:28:26","modified_gmt":"2026-01-05T18:28:26","slug":"minimalismo-organico-este-departamento-tiene-un-interior-suave-y-acogedor","status":"publish","type":"post","link":"https:\/\/www.europesays.com\/es\/324615\/","title":{"rendered":"Minimalismo org\u00e1nico, este departamento tiene un interior suave y acogedor"},"content":{"rendered":"<p>Esta es la historia de un departamento familiar construido en 1980, <strong>lleno de la elegancia del minimalismo org\u00e1nico<\/strong> gracias al espectacular revestimiento de madera de la sala. La interiorista Lana Mordrelle, cofundadora con Clara Fischer de Fischer &amp; Mordrelle, se enamor\u00f3 del lugar. \u201cPor lo dem\u00e1s, rehice toda la cocina y transform\u00e9 el dormitorio principal en una suite principal con su propio cuarto de ba\u00f1o y vestidor\u201d. Porque este departamento es suyo. \u201cEra la primera vez que viv\u00eda en lo que Clara y yo \u00edbamos a rehacer. Ten\u00eda mucha presi\u00f3n porque, quiz\u00e1 m\u00e1s que yo, \u00a1mi marido es muy exigente! Al final, es un verdadero \u00e9xito, es f\u00e1cil vivir en \u00e9l todos los d\u00edas, te sientes bien aqu\u00ed\u201d.<\/p>\n<p><img decoding=\"async\" alt=\"comedor minimalismo orgnico\" loading=\"lazy\" class=\"ResponsiveImageContainer-eNxvmU cfBbTk responsive-image__image\"   src=\"https:\/\/www.europesays.com\/es\/wp-content\/uploads\/2026\/01\/CHATEAU_LANOU_%2054.jpg\"\/><\/p>\n<p>Oracle<\/p>\n<p>Materiales naturales y minimalismo org\u00e1nico<\/p>\n<p>El primer paso fue recuperar el espacio, \u201cponerle un poco de Fischer &amp; Mordrelle\u201d. Recuperar los c\u00f3digos de los a\u00f1os 80 y reinterpretarlos a su manera implicar\u00e1 utilizar materiales naturales como el roble y el travertino, que el d\u00fao utiliza en casi todos sus proyectos, as\u00ed como la resina de hormig\u00f3n por su aspecto suave y puro, para suavizar los c\u00f3digos ochenteros tan marcados. El suelo de m\u00e1rmol estampado se acaba de lijar para darle un acabado m\u00e1s mate, pero la carpinter\u00eda se mantuvo tal cual, incluida la puerta corrediza que conduce de la sala a la cocina. El patr\u00f3n biselado del suelo se repite en todos los marcos de la carpinter\u00eda, hasta en las cabeceras y el suelo de m\u00e1rmol del ba\u00f1o principal, como un hilo conductor que recorre todo el departamento. El objetivo no es borrar el revival haussmaniano de toda esta carpinter\u00eda, sino recuperar su opulento chic, trabajar con \u00e9l y modernizarlo en peque\u00f1os pasos, la filosof\u00eda de los dos interioristas.<\/p>\n<p><img decoding=\"async\" alt=\"sala minimalismo orgnico\" loading=\"lazy\" class=\"ResponsiveImageContainer-eNxvmU cfBbTk responsive-image__image\"   src=\"https:\/\/www.europesays.com\/es\/wp-content\/uploads\/2026\/01\/CHATEAU_LANOU_%2062.jpg\"\/><\/p>\n<p>Oracle<\/p>\n<p>Un estilo de vida contempor\u00e1neo<\/p>\n<p>En cuanto a la distribuci\u00f3n, la cocina ocupa el espacio del antiguo comedor, mientras que la antigua sala se dividi\u00f3 en comedor y sala de estar. \u201cMe encanta recibir invitados y mi sue\u00f1o era tener una gran cocina cerca de ellos. Permite comidas r\u00e1pidas al estilo americano, lo que la convierte en una sala familiar. Transform\u00e9 la antigua cocina en un trastero\/almac\u00e9n\/lavadero. Pero \u00e9se es el \u00fanico cambio que hice, porque la circulaci\u00f3n era perfecta\u201d. As\u00ed que hay muy poco espacio desaprovechado, al contrario que en <strong>un departamento con dise\u00f1o que le da prioridad al minimalismo org\u00e1nico.<\/strong> Y la libertad de adoptar un estilo de vida contempor\u00e1neo, con un peque\u00f1o rinc\u00f3n de desayuno a la americana en la amplia cocina\u2026 e incluso un grifo encima de la placa de cocci\u00f3n: \u201cEstamos trabajando en una casa en California, y hemos incorporado ciertos c\u00f3digos americanos pr\u00e1cticos, conviviales y familiares, como este peque\u00f1o rinc\u00f3n en la cocina donde se puede tomar un caf\u00e9 r\u00e1pido y cocinar mientras los ni\u00f1os hacen los deberes: est\u00e1 en consonancia con el estilo de vida actual\u201d.<\/p>\n<p><img decoding=\"async\" alt=\"comedor minimalismo orgnico\" loading=\"lazy\" class=\"ResponsiveImageContainer-eNxvmU cfBbTk responsive-image__image\"   src=\"https:\/\/www.europesays.com\/es\/wp-content\/uploads\/2026\/01\/CHATEAU_LANOU_%2059.jpg\"\/><\/p>\n<p>Oracle<\/p>\n<p><img decoding=\"async\" alt=\"cocina minimalismo orgnico\" loading=\"lazy\" class=\"ResponsiveImageContainer-eNxvmU cfBbTk responsive-image__image\"   src=\"https:\/\/www.europesays.com\/es\/wp-content\/uploads\/2026\/01\/CHATEAU_LANOU_%204.jpg\"\/><\/p>\n<p>Oracle<\/p>\n<p>Laca para la luz<\/p>\n<p>Y es cierto que el comedor abierto ya no es la estancia fr\u00eda y altiva de los a\u00f1os 80, ni siquiera de la \u00e9poca de Haussmann. Est\u00e1 preparado para acoger tanto cenas improvisadas como grandes mesas alegres. La mesa, especialmente dise\u00f1ada por los dos interioristas, \u201cmide 2.80 metros. Anna la quer\u00eda m\u00e1s larga, pero yo pens\u00e9 que ser\u00eda demasiado\u201d, sonr\u00ede Clara Fischer. \u201cPuede sentar a 10 personas, y hasta 12 o incluso 14 gracias a las extensiones\u201d, r\u00ede Lana Mordrelle. La mesa es de laca, un material que al d\u00fao le gusta trabajar lo m\u00e1s brillante posible por la luminosidad que aporta. La luz se refleja en la pintura mate de las paredes y en la piedra, los paneles de madera y la resina de hormig\u00f3n, muy utilizada en los pasillos y el ba\u00f1o principal. En estas zonas, todo es mate para ofrecer un contraste con la laca que enriquece la historia. La resina de hormig\u00f3n es tambi\u00e9n uno de los materiales favoritos del d\u00fao por su propensi\u00f3n a envejecer bien, un material que adquiere las marcas del tiempo y resulta a\u00fan m\u00e1s encantador por ello.<\/p>\n<p><img decoding=\"async\" alt=\"desayunador minimalismo orgnico\" loading=\"lazy\" class=\"ResponsiveImageContainer-eNxvmU cfBbTk responsive-image__image\"   src=\"https:\/\/www.europesays.com\/es\/wp-content\/uploads\/2026\/01\/CHATEAU_LANOU_%207.jpg\"\/><\/p>\n<p>Oracle<\/p>\n<p><img decoding=\"async\" alt=\"cocina minimalismo orgnico\" loading=\"lazy\" class=\"ResponsiveImageContainer-eNxvmU cfBbTk responsive-image__image\"   src=\"https:\/\/www.europesays.com\/es\/wp-content\/uploads\/2026\/01\/CHATEAU_LANOU_%203.jpg\"\/><\/p>\n<p>Oracle<\/p>\n<p>Mate y brillante<\/p>\n<p>Para iluminar esta composici\u00f3n, que juega con el equilibrio entre mate y brillo, los apliques son de alabastro caf\u00e9, un material que combina bien con la pintura mate y la carpinter\u00eda de la sala. La luz que emana de ellos, diluida y muy difusa, es siempre hermosa, y en este universo luminoso pero mate, no son una excepci\u00f3n a la regla. En los dormitorios, los apliques son de tela para aportar un poco m\u00e1s de calidez. Los muebles se dise\u00f1an a medida y se fabrican en laca, como la peque\u00f1a consola del recibidor, o se eligen en un estilo setentero, escandinavo o incluso contempor\u00e1neo. Un sof\u00e1 de Bolia, una mesa de centro de Ferm Living, un sill\u00f3n de Zara Home y una l\u00e1mpara Akari de Isamu Noguchi interact\u00faan en la sala; una mesa de Eero Saarinen encuentra su lugar perfecto en la cocina\u2026 Una elecci\u00f3n de muebles, contempor\u00e1neos y modernos para los elementos c\u00f3modos, y piezas vintage para ser coherentes con el departamento. \u201cEn general, siempre mezclamos las dos cosas. Pero es cierto que nos guiamos mucho, incluso a la hora de dise\u00f1ar, por este dise\u00f1o ligeramente setentero. Ya sea la mesa o las estanter\u00edas, son c\u00f3digos que nos inspiran por su suavidad, su redondez\u2026\u201d.<\/p>\n<p>fischeretmordrelle.com<\/p>\n<p><img decoding=\"async\" alt=\"sala minimalismo orgnico\" loading=\"lazy\" class=\"ResponsiveImageContainer-eNxvmU cfBbTk responsive-image__image\"   src=\"https:\/\/www.europesays.com\/es\/wp-content\/uploads\/2026\/01\/CHATEAU_LANOU_%2064.jpg\"\/><\/p>\n<p>Oracle<\/p>\n<p><img decoding=\"async\" alt=\"comedor minimalismo orgnico\" loading=\"lazy\" class=\"ResponsiveImageContainer-eNxvmU cfBbTk responsive-image__image\"   src=\"https:\/\/www.europesays.com\/es\/wp-content\/uploads\/2026\/01\/CHATEAU_LANOU_%2052.jpg\"\/><\/p>\n<p>Oracle<\/p>\n<p><img decoding=\"async\" alt=\"florero\" loading=\"lazy\" class=\"ResponsiveImageContainer-eNxvmU cfBbTk responsive-image__image\"   src=\"https:\/\/www.europesays.com\/es\/wp-content\/uploads\/2026\/01\/CHATEAU_LANOU_%2036.jpg\"\/><\/p>\n<p>Oracle<\/p>\n<p><img decoding=\"async\" alt=\"pasillo elegante\" loading=\"lazy\" class=\"ResponsiveImageContainer-eNxvmU cfBbTk responsive-image__image\"   src=\"https:\/\/www.europesays.com\/es\/wp-content\/uploads\/2026\/01\/CHATEAU_LANOU_%2037.jpg\"\/><\/p>\n<p>Oracle<\/p>\n<p><img decoding=\"async\" alt=\"ba\u00f1o minimalista\" loading=\"lazy\" class=\"ResponsiveImageContainer-eNxvmU cfBbTk responsive-image__image\"   src=\"https:\/\/www.europesays.com\/es\/wp-content\/uploads\/2026\/01\/CHATEAU_LANOU_%2041.jpg\"\/><\/p>\n<p>Oracle<\/p>\n<p>Art\u00edculo publicado originalmente en <strong>AD Francia<\/strong>.<\/p>\n","protected":false},"excerpt":{"rendered":"Esta es la historia de un departamento familiar construido en 1980, lleno de la elegancia del minimalismo org\u00e1nico&hellip;\n","protected":false},"author":2,"featured_media":324616,"comment_status":"","ping_status":"","sticky":false,"template":"","format":"standard","meta":{"footnotes":""},"categories":[173],"tags":[229,233,231,230,232,234,146,147,25,24,9257,23],"class_list":{"0":"post-324615","1":"post","2":"type-post","3":"status-publish","4":"format-standard","5":"has-post-thumbnail","7":"category-arte-y-diseno","8":"tag-arte","9":"tag-arte-y-diseno","10":"tag-arts","11":"tag-arts-and-design","12":"tag-design","13":"tag-diseno","14":"tag-entertainment","15":"tag-entretenimiento","16":"tag-es","17":"tag-espana","18":"tag-minimalista","19":"tag-spain"},"share_on_mastodon":{"url":"https:\/\/pubeurope.com\/@es\/115843911320066213","error":""},"_links":{"self":[{"href":"https:\/\/www.europesays.com\/es\/wp-json\/wp\/v2\/posts\/324615","targetHints":{"allow":["GET"]}}],"collection":[{"href":"https:\/\/www.europesays.com\/es\/wp-json\/wp\/v2\/posts"}],"about":[{"href":"https:\/\/www.europesays.com\/es\/wp-json\/wp\/v2\/types\/post"}],"author":[{"embeddable":true,"href":"https:\/\/www.europesays.com\/es\/wp-json\/wp\/v2\/users\/2"}],"replies":[{"embeddable":true,"href":"https:\/\/www.europesays.com\/es\/wp-json\/wp\/v2\/comments?post=324615"}],"version-history":[{"count":0,"href":"https:\/\/www.europesays.com\/es\/wp-json\/wp\/v2\/posts\/324615\/revisions"}],"wp:featuredmedia":[{"embeddable":true,"href":"https:\/\/www.europesays.com\/es\/wp-json\/wp\/v2\/media\/324616"}],"wp:attachment":[{"href":"https:\/\/www.europesays.com\/es\/wp-json\/wp\/v2\/media?parent=324615"}],"wp:term":[{"taxonomy":"category","embeddable":true,"href":"https:\/\/www.europesays.com\/es\/wp-json\/wp\/v2\/categories?post=324615"},{"taxonomy":"post_tag","embeddable":true,"href":"https:\/\/www.europesays.com\/es\/wp-json\/wp\/v2\/tags?post=324615"}],"curies":[{"name":"wp","href":"https:\/\/api.w.org\/{rel}","templated":true}]}}