{"id":324627,"date":"2026-01-05T18:35:09","date_gmt":"2026-01-05T18:35:09","guid":{"rendered":"https:\/\/www.europesays.com\/es\/324627\/"},"modified":"2026-01-05T18:35:09","modified_gmt":"2026-01-05T18:35:09","slug":"timothee-chalamet-agradece-a-kylie-jenner-en-critics-choice-awards","status":"publish","type":"post","link":"https:\/\/www.europesays.com\/es\/324627\/","title":{"rendered":"Timoth\u00e9e Chalamet agradece a Kylie Jenner en Critics Choice Awards"},"content":{"rendered":"<p class=\"paragraph larva \/\/ lrv-u-margin-lr-auto  lrv-a-font-body-m   \">\n\t<a href=\"https:\/\/www.billboard.com\/artist\/timothee-chalamet\/\" rel=\"nofollow noopener\" target=\"_blank\">Timoth\u00e9e Chalamet<\/a> aprovech\u00f3 su premio al mejor actor en los <a href=\"https:\/\/www.billboard.com\/lists\/2026-critics-choice-awards-lista-completa-ganadores\/\" rel=\"nofollow noopener\" target=\"_blank\">Critics Choice Awards 2026<\/a> para agradecer p\u00fablicamente a su pareja, Kylie Jenner, en uno de los discursos de aceptaci\u00f3n m\u00e1s comentados de la noche.<\/p>\n<p>\t\t\t\t\tExplorar\t\t<\/p>\n<p>\t\t\t<a href=\"https:\/\/www.billboard.com\/artist\/timothee-chalamet-2\/\" class=\"c-lazy-image__link lrv-a-unstyle-link\" rel=\"nofollow noopener\" target=\"_blank\"><\/p>\n<p>\t\t\t\t\t\t<img class=\"c-lazy-image__img lrv-u-background-color-grey-lightest lrv-u-width-100p lrv-u-display-block lrv-u-height-auto\" src=\"https:\/\/www.europesays.com\/es\/wp-content\/uploads\/2025\/09\/lazyload-fallback.gif\" data-lazy-src=\"https:\/\/www.europesays.com\/es\/wp-content\/uploads\/2025\/09\/lazyload-fallback.gif\" alt=\"\" data-lazy- data-lazy- height=\"\" width=\"\" decoding=\"async\"\/><\/p>\n<p>\t\t\t<\/a><\/p>\n<p class=\"c-tagline    lrv-u-text-transform-uppercase lrv-u-color-black u-padding-t-13 lrv-u-padding-b-2 lrv-u-margin-tb-00 lrv-u-text-align-center lrv-u-border-t-1 lrv-u-border-color-black lrv-u-width-100p a-bbesp-font-secondary-fancy-xs@desktop a-bbesp-font-primary-m@mobile-max u-letter-spacing-0041@desktop u-letter-spacing-0656@mobile-max u-line-height-10px@desktop u-line-height-12px@mobile-max\">Vea los \u00faltimos videos, gr\u00e1ficos y noticias<\/p>\n<p class=\"paragraph larva \/\/ lrv-u-margin-lr-auto  lrv-a-font-body-m   \">\n\tEl actor gan\u00f3 el galard\u00f3n por su trabajo en Marty Supreme, donde interpreta a Marty Mauser, un jugador profesional de tenis de mesa persiguiendo una meta ambiciosa.<\/p>\n<p class=\"paragraph larva \/\/ lrv-u-margin-lr-auto  lrv-a-font-body-m   \">\n\tDespu\u00e9s de agradecer a sus colegas nominados, a su equipo y al director de la pel\u00edcula, Josh Safdie, Chalamet dirigi\u00f3 su atenci\u00f3n a Jenner, quien estaba sentada entre el p\u00fablico.<\/p>\n<p class=\"paragraph larva \/\/ lrv-u-margin-lr-auto  lrv-a-font-body-m   \">\n\t\u201cY por \u00faltimo, solo quiero decir, gracias a mi pareja de hace tres a\u00f1os. Gracias por nuestros cimientos\u201d, dijo Chalamet desde el escenario. \u201cNo podr\u00eda haber hecho esto sin ti. Gracias desde el fondo de mi coraz\u00f3n. Muchas gracias\u201d, a\u00f1adi\u00f3.<\/p>\n<p class=\"paragraph larva \/\/ lrv-u-margin-lr-auto  lrv-a-font-body-m   \">\n\tLas c\u00e1maras r\u00e1pidamente enfocaron a Jenner entre el p\u00fablico, quien respondi\u00f3 dici\u00e9ndole en silencio \u201cte amo\u201d, lo que provoc\u00f3 aplausos en la sala y una reacci\u00f3n instant\u00e1nea en redes sociales. El momento marc\u00f3 una de las muestras de afecto m\u00e1s p\u00fablicas de la pareja desde que comenzaron a aparecer juntos en los eventos m\u00e1s importantes de la industria.<\/p>\n<p class=\"paragraph larva \/\/ lrv-u-margin-lr-auto  lrv-a-font-body-m   \">\n\tChalamet, visiblemente conmovido, admiti\u00f3 al principio de su discurso que el momento le hab\u00eda afectado m\u00e1s de lo que esperaba.<\/p>\n<p class=\"paragraph larva \/\/ lrv-u-margin-lr-auto  lrv-a-font-body-m   \">\n\t\u201cEstoy m\u00e1s nervioso de lo que pens\u00e9 que estar\u00eda\u201d, dijo, antes de centrar su atenci\u00f3n en el equipo creativo detr\u00e1s de Marty Supreme. Destac\u00f3 al coguionista y director Josh Safdie por crear una historia que se enfoca en la ambici\u00f3n sin moralizar a su protagonista.<\/p>\n<p class=\"paragraph larva \/\/ lrv-u-margin-lr-auto  lrv-a-font-body-m   \">\n\t\u201cHiciste una historia sobre un hombre con defectos pero con un sue\u00f1o con el que todos podemos identificarnos, y no le predicaste a la audiencia sobre lo que est\u00e1 bien o mal\u201d, dijo Chalamet. \u201cCreo que todos deber\u00edamos contar historias as\u00ed. Gracias por este sue\u00f1o\u201d.<\/p>\n<p class=\"paragraph larva \/\/ lrv-u-margin-lr-auto  lrv-a-font-body-m   \">\n\tLa categor\u00eda de mejor actor fue una de las m\u00e1s competitivas de la noche: Chalamet super\u00f3 a Leonardo DiCaprio (One Battle After Another), Joel Edgerton (Train Dreams), Ethan Hawke (Blue Moon), Michael B. Jordan (Sinners) y Wagner Moura (The Secret Agent).<\/p>\n<p class=\"paragraph larva \/\/ lrv-u-margin-lr-auto  lrv-a-font-body-m   \">\n\tAdem\u00e1s de Chalamet, el elenco de Marty Supreme incluye a Gwyneth Paltrow, Odessa A\u2019zion, Kevin O\u2019Leary de Shark Tank, Fran Drescher, Sandra Bernhard, el mago Penn Jillette y Abel Ferrara.<\/p>\n<p class=\"paragraph larva \/\/ lrv-u-margin-lr-auto  lrv-a-font-body-m   \">\n\tMarty Supreme recaud\u00f3 m\u00e1s de 27 millones de d\u00f3lares en taquilla durante su fin de semana de estreno de cuatro d\u00edas, tras su lanzamiento el d\u00eda de Navidad (25 de diciembre), seg\u00fan<a rel=\"noreferrer noopener nofollow\" target=\"_blank\" href=\"https:\/\/variety.com\/2025\/film\/box-office\/marty-supreme-timothee-chalamet-christmas-box-office-king-1236615317\/\">\u00a0Variety<\/a>.<\/p>\n","protected":false},"excerpt":{"rendered":"Timoth\u00e9e Chalamet aprovech\u00f3 su premio al mejor actor en los Critics Choice Awards 2026 para agradecer p\u00fablicamente a&hellip;\n","protected":false},"author":2,"featured_media":324628,"comment_status":"","ping_status":"","sticky":false,"template":"","format":"standard","meta":{"footnotes":""},"categories":[91],"tags":[146,147,25,24,9834,9835,23],"class_list":{"0":"post-324627","1":"post","2":"type-post","3":"status-publish","4":"format-standard","5":"has-post-thumbnail","7":"category-entretenimiento","8":"tag-entertainment","9":"tag-entretenimiento","10":"tag-es","11":"tag-espana","12":"tag-genre-espau00f1ol","13":"tag-noticias-espau00f1ol","14":"tag-spain"},"share_on_mastodon":{"url":"https:\/\/pubeurope.com\/@es\/115843938946134153","error":""},"_links":{"self":[{"href":"https:\/\/www.europesays.com\/es\/wp-json\/wp\/v2\/posts\/324627","targetHints":{"allow":["GET"]}}],"collection":[{"href":"https:\/\/www.europesays.com\/es\/wp-json\/wp\/v2\/posts"}],"about":[{"href":"https:\/\/www.europesays.com\/es\/wp-json\/wp\/v2\/types\/post"}],"author":[{"embeddable":true,"href":"https:\/\/www.europesays.com\/es\/wp-json\/wp\/v2\/users\/2"}],"replies":[{"embeddable":true,"href":"https:\/\/www.europesays.com\/es\/wp-json\/wp\/v2\/comments?post=324627"}],"version-history":[{"count":0,"href":"https:\/\/www.europesays.com\/es\/wp-json\/wp\/v2\/posts\/324627\/revisions"}],"wp:featuredmedia":[{"embeddable":true,"href":"https:\/\/www.europesays.com\/es\/wp-json\/wp\/v2\/media\/324628"}],"wp:attachment":[{"href":"https:\/\/www.europesays.com\/es\/wp-json\/wp\/v2\/media?parent=324627"}],"wp:term":[{"taxonomy":"category","embeddable":true,"href":"https:\/\/www.europesays.com\/es\/wp-json\/wp\/v2\/categories?post=324627"},{"taxonomy":"post_tag","embeddable":true,"href":"https:\/\/www.europesays.com\/es\/wp-json\/wp\/v2\/tags?post=324627"}],"curies":[{"name":"wp","href":"https:\/\/api.w.org\/{rel}","templated":true}]}}