{"id":324710,"date":"2026-01-05T19:34:08","date_gmt":"2026-01-05T19:34:08","guid":{"rendered":"https:\/\/www.europesays.com\/es\/324710\/"},"modified":"2026-01-05T19:34:08","modified_gmt":"2026-01-05T19:34:08","slug":"el-baskonia-evita-jugar-en-enero-el-partido-aplazado-en-gran-canaria","status":"publish","type":"post","link":"https:\/\/www.europesays.com\/es\/324710\/","title":{"rendered":"El Baskonia evita jugar en enero el partido aplazado en Gran Canaria"},"content":{"rendered":"<p><a class=\"v-mdl-ath__fig-a\" href=\"https:\/\/www.elcorreo.com\/autor\/ivan-benito-4702.html\" title=\"Iv\u00e1n Benito\" rel=\"nofollow noopener\" target=\"_blank\"><br \/>\n<img decoding=\"async\" class=\"v-mdl-ath__img\" src=\"https:\/\/www.europesays.com\/es\/wp-content\/uploads\/2025\/10\/autor-4702-foto-1.jpeg\" alt=\"Iv\u00e1n Benito\"\/><br \/>\n<\/a><\/p>\n<p class=\"v-mdl-ath__p v-mdl-ath__p--6\">\nLunes, 5 de enero 2026, 16:01<\/p>\n<p>| Actualizado 18:18h.<\/p>\n<p class=\"v-p\">El Kosner Baskonia ha logrado hacer valer su postura en los despachos. El club azulgrana trataba de evitar que el equipo de Galbiati tuviera que jugar el pr\u00f3ximo martes (13 de enero) el duelo aplazado el pasado 13 de diciembre en Gran Canaria, ya que los vitorianos juegan el domingo en Girona y el jueves en Estambul. La ACB se tom\u00f3 varias semanas para escuchar a los representantes de ambas instituciones y analizar un complejo escenario en el que considera que \u00abno es posible encontrar una fecha \u00f3ptima para su disputa antes de la Jornada 17\u00bb, que terminar\u00e1 el pr\u00f3ximo 25 de enero.<\/p>\n<p class=\"v-p\">Como esa siguiente semana el Gran Canaria comenzar\u00e1 la siguiente fase de la Basketball Champions League y en la siguiente el Kosner Baskonia tendr\u00e1 otra doble jornada de Euroliga, la Liga ha comunicado los tres d\u00edas que considera factible para reubicar el duelo. Un aut\u00e9ntico jerogl\u00edfico, y un l\u00edo de fechas que no se ve\u00eda desde la pandemia del coronavirus, cuando se aplazaban jornadas enteras. La saturaci\u00f3n del calendario obligar\u00e1 a mover varios partidos. El n\u00famero de ellos depender\u00e1 de si el choque en la isla afectada por la borrasca Emilia el pasado mes de diciembre tiene incidencia o no en la clasificaci\u00f3n para la Copa del Rey, ya sea para sellar el billete como para ser cabeza de serie.<\/p>\n<p class=\"v-p\">Si a\u00fan queda algo por decidir antes del sorteo, el partido se disputar\u00e1 el domingo 8 febrero (18:00 horas). En este caso, se aplazar\u00edan el Dreamland Gran Canaria-Surne Bilbao y el Kosner Baskonia-Casademont Zaragoza, ambos de la Jornada 19, pasando a disputarse ese mismo fin de semana el Zaragoza-Bilbao de la Jornada 28.<\/p>\n<p class=\"v-p\">Si una vez finalizada la Jornada 17 el partido no tiene incidencia para la Copa del Rey, m\u00e1s fechas. Y m\u00e1s cambios. El Gran Canaria-Baskonia se jugar\u00eda el martes 31 marzo, 21:00, si el conjunto de Jaka Lakovic no se clasifica para los cuartos de final de la Basketball Champions League. En principio, son uno de los favoritos al t\u00edtulo. La otra opci\u00f3n ser\u00eda irse ya al mi\u00e9rcoles 22 abril, 21:00 (20:00 horario insular), siempre que el conjunto claretiano se clasifique para los cuartos y el azulgrana no dispute el play in de la Euroliga.<\/p>\n<p class=\"v-p\">\u00abEn caso de no poder disputarse en una de esas dos fechas, la ACB anunciar\u00eda con posterioridad la fecha definitiva del encuentro en funci\u00f3n de los resultados de ambos equipos en las competiciones europeas\u00bb, remarca la liga antes de reflejar la retah\u00edla permutas del resto de aplazados. <\/p>\n<p class=\"v-p\">Si la visita vitoriana a Gran Canaria es el 8 de febrero, el Baskonia-Zaragoza se mueve entre dos fechas. Se jugar\u00eda el mi\u00e9rcoles 1 abril (20:30) si los ma\u00f1os no se clasifican para los cuartos de final de la FIBA Europe Cup. O se disputar\u00eda el mi\u00e9rcoles 22 abril (20:30) si se quedan fuera de la final de la cuarta competici\u00f3n continental y el Baskonia no disputa el play in. Si no, tocar\u00e1 volver a estrujarse la cabeza. Y a rezar porque no surjan m\u00e1s contratiempos que importunan un calendario en el que no cabe un partido m\u00e1s.<\/p>\n<p>Reporta un error<\/p>\n","protected":false},"excerpt":{"rendered":"Lunes, 5 de enero 2026, 16:01 | Actualizado 18:18h. El Kosner Baskonia ha logrado hacer valer su postura&hellip;\n","protected":false},"author":2,"featured_media":324711,"comment_status":"","ping_status":"","sticky":false,"template":"","format":"standard","meta":{"footnotes":""},"categories":[269],"tags":[49085,299,298,4714,7221,168,17936,25,24,12041,3956,7532,1045,23,167],"class_list":{"0":"post-324710","1":"post","2":"type-post","3":"status-publish","4":"format-standard","5":"has-post-thumbnail","7":"category-baloncesto","8":"tag-aplazado","9":"tag-baloncesto","10":"tag-basketball","11":"tag-baskonia","12":"tag-canaria","13":"tag-deportes","14":"tag-enero","15":"tag-es","16":"tag-espana","17":"tag-evita","18":"tag-gran","19":"tag-jugar","20":"tag-partido","21":"tag-spain","22":"tag-sports"},"share_on_mastodon":{"url":"https:\/\/pubeurope.com\/@es\/115844170830207457","error":""},"_links":{"self":[{"href":"https:\/\/www.europesays.com\/es\/wp-json\/wp\/v2\/posts\/324710","targetHints":{"allow":["GET"]}}],"collection":[{"href":"https:\/\/www.europesays.com\/es\/wp-json\/wp\/v2\/posts"}],"about":[{"href":"https:\/\/www.europesays.com\/es\/wp-json\/wp\/v2\/types\/post"}],"author":[{"embeddable":true,"href":"https:\/\/www.europesays.com\/es\/wp-json\/wp\/v2\/users\/2"}],"replies":[{"embeddable":true,"href":"https:\/\/www.europesays.com\/es\/wp-json\/wp\/v2\/comments?post=324710"}],"version-history":[{"count":0,"href":"https:\/\/www.europesays.com\/es\/wp-json\/wp\/v2\/posts\/324710\/revisions"}],"wp:featuredmedia":[{"embeddable":true,"href":"https:\/\/www.europesays.com\/es\/wp-json\/wp\/v2\/media\/324711"}],"wp:attachment":[{"href":"https:\/\/www.europesays.com\/es\/wp-json\/wp\/v2\/media?parent=324710"}],"wp:term":[{"taxonomy":"category","embeddable":true,"href":"https:\/\/www.europesays.com\/es\/wp-json\/wp\/v2\/categories?post=324710"},{"taxonomy":"post_tag","embeddable":true,"href":"https:\/\/www.europesays.com\/es\/wp-json\/wp\/v2\/tags?post=324710"}],"curies":[{"name":"wp","href":"https:\/\/api.w.org\/{rel}","templated":true}]}}