{"id":324716,"date":"2026-01-05T19:37:24","date_gmt":"2026-01-05T19:37:24","guid":{"rendered":"https:\/\/www.europesays.com\/es\/324716\/"},"modified":"2026-01-05T19:37:24","modified_gmt":"2026-01-05T19:37:24","slug":"un-pequeno-departamento-fusiona-modernismo-y-lujo-silencioso-en-sus-detalles","status":"publish","type":"post","link":"https:\/\/www.europesays.com\/es\/324716\/","title":{"rendered":"Un peque\u00f1o departamento fusiona modernismo y lujo silencioso en sus detalles"},"content":{"rendered":"<p><strong>La planta baja del peque\u00f1o departamento alberga todos los espacios sociales y p\u00fablicos,<\/strong> como la gran galer\u00eda de entrada, la sala de estar, la cocina, el \u00e1rea com\u00fan y una biblioteca con chimenea incluida que presenta una est\u00e9tica acogedora y agradable. La primera planta, por otro lado, es donde se unen las zonas m\u00e1s \u00edntimas del departamento; por un lado, se accede a la vivienda actual del cliente y, por el otro, a su sala privada, donde puede recibir invitados y realizar negocios.<\/p>\n<p><strong>Los tonos suaves y los muebles cl\u00e1sicos definen el ambiente general de la residencia<\/strong>. La biblioteca-sala de estar, dise\u00f1ada como una sala privada, cuenta con una alfombra, muebles curvos y una chimenea con un antiguo ladrillo. Una parte de la chimenea est\u00e1 hecha de piedra volc\u00e1nica y m\u00e1rmol decorativo Orobico Arabescato.<\/p>\n<p><img decoding=\"async\" alt=\"Chimenea de mrmol\" loading=\"lazy\" class=\"ResponsiveImageContainer-eNxvmU cfBbTk responsive-image__image\"   src=\"https:\/\/www.europesays.com\/es\/wp-content\/uploads\/2026\/01\/Leberrevevaud_AT_06.jpg\"\/><\/p>\n<p>Una parte de la chimenea es de piedra de lava y m\u00e1rmol decorativo Orobico Arabescato.<\/p>\n<p>Ambroise Tezenas<img decoding=\"async\" alt=\"Sala elegante con chimenea de mrmol\" loading=\"lazy\" class=\"ResponsiveImageContainer-eNxvmU cfBbTk responsive-image__image\"   src=\"https:\/\/www.europesays.com\/es\/wp-content\/uploads\/2026\/01\/Leberrevevaud_AT_04.jpg\"\/><\/p>\n<p>La biblioteca-sala de estar est\u00e1 concebida como una sala privada.<\/p>\n<p>Ambroise Tezenas<\/p>\n<p>Cerca de all\u00ed, la zona com\u00fan se ve realzada por delicados paneles de pared y molduras de techo. \u201c<strong>El objetivo era que la planta baja del peque\u00f1o departamento se sintiera acogedora y comunitaria,<\/strong> priorizando la comodidad y el estilo\u201d, afirma Le Berre.<\/p>\n<p>La cocina est\u00e1 presidida por una isla de nogal rematada con granito redondeado de Zimbabue. La chapa de nogal se acent\u00faa con detalles de roble cepillado te\u00f1ido de negro que ocultan perfectamente los elementos t\u00e9cnicos. \u201cSeleccionamos cuidadosamente materiales que fueran est\u00e9ticamente agradables y duraderos\u201d, dice. \u201cEl suelo, por ejemplo, es de roble natural con intrincados paneles que recuerdan el estilo del Grand Si\u00e8cle. Utilizamos pinturas de Ressources en <a href=\"https:\/\/www.admagazine.com\/articulos\/una-casa-elegante-seduce-a-traves-de-sus-detalles-y-tonos-calidos\" target=\"_blank\" rel=\"nofollow noopener\">tonos c\u00e1lidos<\/a> para crear armon\u00eda entre las paredes, el parqu\u00e9 y los muebles. Las telas proceden de Misia, con cortinas pesadas y muy gr\u00e1ficas que incorporan ricas texturas y tejidos intrincados. El proyecto tambi\u00e9n cuenta con mobiliario a medida de Le Berre Vevaud, dise\u00f1ado para dialogar con la decoraci\u00f3n circundante. <strong>Cada habitaci\u00f3n explora una interacci\u00f3n diferente de materiales,<\/strong> creando una atm\u00f3sfera \u00fanica en cada una\u201d.<\/p>\n<p><img decoding=\"async\" alt=\"Cocina con alacena de madera y sillas de metal\" loading=\"lazy\" class=\"ResponsiveImageContainer-eNxvmU cfBbTk responsive-image__image\"   src=\"https:\/\/www.europesays.com\/es\/wp-content\/uploads\/2026\/01\/Leberrevevaud_AT_23.jpg\"\/><\/p>\n<p>Una isla de nogal rematada con granito Zimbabwe redondeado ancla la elegante cocina.<\/p>\n<p>Ambroise Tezenas<\/p>\n<p><strong>Una escalera escultural constituye el coraz\u00f3n del peque\u00f1o departamento parisino,<\/strong> aunque su dise\u00f1o no estuvo exento de desaf\u00edos. \u201cEl mayor obst\u00e1culo fue conectar los dos departamentos originales\u201d, afirma Vevaud. \u201cEl dise\u00f1o de la escalera requiri\u00f3 modificaciones significativas en los muros de carga y la integraci\u00f3n de nuevos elementos estructurales, todo lo cual tuvo que integrarse a la perfecci\u00f3n en la estructura existente\u201d.<\/p>\n<p><img decoding=\"async\" alt=\"Pasillo con paredes en color blanco y escalera elegante\" loading=\"lazy\" class=\"ResponsiveImageContainer-eNxvmU cfBbTk responsive-image__image\"   src=\"https:\/\/www.europesays.com\/es\/wp-content\/uploads\/2026\/01\/Leberrevevaud_AT_02.jpg\"\/><\/p>\n<p>Una escalera escultural conecta los dos departamentos parisinos originales.<\/p>\n<p>Ambroise Tezenas<\/p>\n","protected":false},"excerpt":{"rendered":"La planta baja del peque\u00f1o departamento alberga todos los espacios sociales y p\u00fablicos, como la gran galer\u00eda de&hellip;\n","protected":false},"author":2,"featured_media":324717,"comment_status":"","ping_status":"","sticky":false,"template":"","format":"standard","meta":{"footnotes":""},"categories":[173],"tags":[229,233,231,230,9258,8372,232,234,146,147,25,24,23],"class_list":{"0":"post-324716","1":"post","2":"type-post","3":"status-publish","4":"format-standard","5":"has-post-thumbnail","7":"category-arte-y-diseno","8":"tag-arte","9":"tag-arte-y-diseno","10":"tag-arts","11":"tag-arts-and-design","12":"tag-casas-pequenas","13":"tag-decoracion","14":"tag-design","15":"tag-diseno","16":"tag-entertainment","17":"tag-entretenimiento","18":"tag-es","19":"tag-espana","20":"tag-spain"},"share_on_mastodon":{"url":"https:\/\/pubeurope.com\/@es\/115844182336574415","error":""},"_links":{"self":[{"href":"https:\/\/www.europesays.com\/es\/wp-json\/wp\/v2\/posts\/324716","targetHints":{"allow":["GET"]}}],"collection":[{"href":"https:\/\/www.europesays.com\/es\/wp-json\/wp\/v2\/posts"}],"about":[{"href":"https:\/\/www.europesays.com\/es\/wp-json\/wp\/v2\/types\/post"}],"author":[{"embeddable":true,"href":"https:\/\/www.europesays.com\/es\/wp-json\/wp\/v2\/users\/2"}],"replies":[{"embeddable":true,"href":"https:\/\/www.europesays.com\/es\/wp-json\/wp\/v2\/comments?post=324716"}],"version-history":[{"count":0,"href":"https:\/\/www.europesays.com\/es\/wp-json\/wp\/v2\/posts\/324716\/revisions"}],"wp:featuredmedia":[{"embeddable":true,"href":"https:\/\/www.europesays.com\/es\/wp-json\/wp\/v2\/media\/324717"}],"wp:attachment":[{"href":"https:\/\/www.europesays.com\/es\/wp-json\/wp\/v2\/media?parent=324716"}],"wp:term":[{"taxonomy":"category","embeddable":true,"href":"https:\/\/www.europesays.com\/es\/wp-json\/wp\/v2\/categories?post=324716"},{"taxonomy":"post_tag","embeddable":true,"href":"https:\/\/www.europesays.com\/es\/wp-json\/wp\/v2\/tags?post=324716"}],"curies":[{"name":"wp","href":"https:\/\/api.w.org\/{rel}","templated":true}]}}