{"id":324750,"date":"2026-01-05T20:00:35","date_gmt":"2026-01-05T20:00:35","guid":{"rendered":"https:\/\/www.europesays.com\/es\/324750\/"},"modified":"2026-01-05T20:00:35","modified_gmt":"2026-01-05T20:00:35","slug":"una-casa-pequena-sorprende-al-combinar-tonos-intensos-y-delicados-en-su-diseno","status":"publish","type":"post","link":"https:\/\/www.europesays.com\/es\/324750\/","title":{"rendered":"Una casa peque\u00f1a sorprende al combinar tonos intensos y delicados en su dise\u00f1o"},"content":{"rendered":"<p><strong>Una casa peque\u00f1a combina colores vibrantes con tonalidades suaves para construir una atm\u00f3sfera contempor\u00e1nea, salpicada de un toque ecl\u00e9ctico que equilibra energ\u00eda y serenidad<\/strong><\/p>\n<p>En esta vivienda adosada, cada contraste crom\u00e1tico aporta car\u00e1cter y profundidad, reforzando la identidad moderna del espacio sin perder calidez ni sutileza.<\/p>\n<p>El encanto que guarda una casa peque\u00f1a<\/p>\n<p>En el barrio de Wagner, donde el Mil\u00e1n residencial revela su alma m\u00e1s refinada, <strong>esta casa peque\u00f1a llama inmediatamente la atenci\u00f3n gracias a su fachada roja<\/strong>, un rojo pleno y decidido, que parece casi una referencia a las casas de colores de Notting Hill. No es una referencia literal, sino un eco lejano: el mismo placer por el color, el mismo deseo de afirmar un car\u00e1cter preciso en medio de la ciudad. Aqu\u00ed, sin embargo, el rojo adquiere una vibraci\u00f3n inequ\u00edvocamente milanesa, m\u00e1s material y arquitect\u00f3nica, que ya adelanta algo del gusto brit\u00e1nico de los propietarios.<\/p>\n<p><img decoding=\"async\" alt=\"Casa con fachada roja\" loading=\"lazy\" class=\"ResponsiveImageContainer-eNxvmU cfBbTk responsive-image__image\"   src=\"https:\/\/www.europesays.com\/es\/wp-content\/uploads\/2026\/01\/_Q7I0011%20copia.jpg\"\/><\/p>\n<p>Beppe Brancato<\/p>\n<p><img decoding=\"async\" alt=\"Edificio en color rojo\" loading=\"lazy\" class=\"ResponsiveImageContainer-eNxvmU cfBbTk responsive-image__image\"   src=\"https:\/\/www.europesays.com\/es\/wp-content\/uploads\/2026\/01\/_F5I6112%20web.jpg\"\/><\/p>\n<p>Beppe Brancato<\/p>\n<p>Pero es m\u00e1s all\u00e1 de la entrada donde tiene lugar la verdadera revelaci\u00f3n. Detr\u00e1s del inmueble protegido como un secreto bien guardado, se abre un jard\u00edn privado e inesperado, un peque\u00f1o pulm\u00f3n verde que parece suspender \u2014aunque solo sea por unos metros\u2014 el animado ritmo de la zona. Es un privilegio poco frecuente. Sobre todo para Mil\u00e1n. Es un contrapunto natural a la verticalidad de la villa, un par\u00e9ntesis de silencio en medio de la manzana.<\/p>\n<p>Dise\u00f1ado por el paisajista Gavril Cornelius, <strong>el jard\u00edn no es solo un tel\u00f3n de fondo, sino una prolongaci\u00f3n natural de la casa peque\u00f1a.<\/strong> Aqu\u00ed, la gran ventana panor\u00e1mica situada en la planta baja y dise\u00f1ada por el estudio de arquitectura Lupettatelier \u2014que supervis\u00f3 todas las obras de renovaci\u00f3n\u2014 se concibi\u00f3 como un umbral transparente que transforma este espacio verde en un cuadro siempre cambiante. Es en este punto donde la <a href=\"https:\/\/www.admagazine.com\/articulos\/sala-comedor-13-formas-para-decorar-iluminar-y-llenar-de-vida-los-espacios\" target=\"_blank\" rel=\"nofollow noopener\">elegante sala<\/a> despierta, envuelta en luz, destellos y color.<\/p>\n<p>El di\u00e1logo entre el rojo de la fachada y el verde del jard\u00edn se convierte as\u00ed en el rasgo distintivo de la vivienda, una tensi\u00f3n crom\u00e1tica culta y elegante que expresa su alma m\u00e1s aut\u00e9ntica.<\/p>\n<p><img decoding=\"async\" alt=\"Sala minimalista\" loading=\"lazy\" class=\"ResponsiveImageContainer-eNxvmU cfBbTk responsive-image__image\"   src=\"https:\/\/www.europesays.com\/es\/wp-content\/uploads\/2026\/01\/_F5I6167-new%20web.jpg\"\/><\/p>\n<p>Beppe Brancato<\/p>\n<p><img decoding=\"async\" alt=\"Dise\u00f1o de terraza peque\u00f1a\" loading=\"lazy\" class=\"ResponsiveImageContainer-eNxvmU cfBbTk responsive-image__image\"   src=\"https:\/\/www.europesays.com\/es\/wp-content\/uploads\/2026\/01\/_Q7I0030%20web.jpg\"\/><\/p>\n<p>Beppe Brancato<\/p>\n<p><img decoding=\"async\" alt=\"Lmpara flexible para interior\" loading=\"lazy\" class=\"ResponsiveImageContainer-eNxvmU cfBbTk responsive-image__image\"   src=\"https:\/\/www.europesays.com\/es\/wp-content\/uploads\/2026\/01\/_F5I6203-HDR%20web.jpg\"\/><\/p>\n<p>Beppe Brancato<\/p>\n<p><img decoding=\"async\" alt=\"Cuadro decorativo para sala\" loading=\"lazy\" class=\"ResponsiveImageContainer-eNxvmU cfBbTk responsive-image__image\"   src=\"https:\/\/www.europesays.com\/es\/wp-content\/uploads\/2026\/01\/_Q7I0158%20web.jpg\"\/><\/p>\n<p>Beppe Brancato<\/p>\n<p>La escalera azul articula dise\u00f1o, memoria y color<\/p>\n<p><strong>Al cruzar la puerta principal de la casa peque\u00f1a, la escalera azul es el primer punto de inflexi\u00f3n.<\/strong> No es simplemente una conexi\u00f3n entre plantas, sino una presencia impactante que recorre el espacio como una pincelada: fluida, suave y envolvente. Los dise\u00f1adores la llaman \u201cuna cinta en movimiento\u201d y, de hecho, casi parece danzar al guiar la mirada de un nivel a otro, uniendo las estancias sin acaparar nunca el protagonismo. Y es en torno a este gesto crom\u00e1tico que la casa se desarrolla y encuentra su ritmo.<\/p>\n<p><img decoding=\"async\" alt=\"Escaleras de metal\" loading=\"lazy\" class=\"ResponsiveImageContainer-eNxvmU cfBbTk responsive-image__image\"   src=\"https:\/\/www.europesays.com\/es\/wp-content\/uploads\/2026\/01\/_F5I6283%20web.jpg\"\/><\/p>\n<p>Beppe Brancato<\/p>\n<p><img decoding=\"async\" alt=\"Escaleras de metal\" loading=\"lazy\" class=\"ResponsiveImageContainer-eNxvmU cfBbTk responsive-image__image\"   src=\"https:\/\/www.europesays.com\/es\/wp-content\/uploads\/2026\/01\/_F5I6307%20web.jpg\"\/><\/p>\n<p>Beppe Brancato<\/p>\n<p>La cocina abre el camino con la ligereza de la mesa Saarinen que dialoga con naturalidad con las l\u00e1mparas de suspensi\u00f3n vintage Venini; un poco m\u00e1s all\u00e1, el comedor vibra con la energ\u00eda de la Superleggera de Cassina y la sala, iluminada por un Mario Schifano que llama la atenci\u00f3n como un faro, revela el alma m\u00e1s culta e instintiva de los propietarios. \u201cSu colecci\u00f3n no se construy\u00f3 para asombrar, sino para pertenecer emocionalmente\u201d. Un enfoque emocional que permite que el dise\u00f1o italiano del siglo XX conviva con obras de arte de los caminos m\u00e1s diversos \u2014de Turcato a Christo &amp; Jeanne-Claude\u2014 y con apliques Venini que, al atardecer, dibujan sombras y reflejos como recuerdos luminosos. <strong>El resultado es una casa peque\u00f1a con equilibrio sutil, sofisticada y nunca did\u00e1ctica<\/strong>. Una estancia que no quiere ense\u00f1ar nada, sino contar: hablar de sus habitantes, de sus viajes, de sus curiosidades, de los objetos elegidos por instinto y no por moda. Una <a href=\"https:\/\/www.admagazine.com\/articulos\/estilo-japandi-una-elegante-villa-en-el-bosque-transmite-serenidad-y-estilo\" target=\"_blank\" rel=\"nofollow noopener\">peque\u00f1a y sofisticada villa<\/a> en Mil\u00e1n que cobra vida al ser habitada y que puede interpretarse como un diario abierto.<\/p>\n<p><img decoding=\"async\" alt=\"Cocina rosa\" loading=\"lazy\" class=\"ResponsiveImageContainer-eNxvmU cfBbTk responsive-image__image\"   src=\"https:\/\/www.europesays.com\/es\/wp-content\/uploads\/2026\/01\/_F5I6255%20web.jpg\"\/><\/p>\n<p>Beppe Brancato<\/p>\n<p><img decoding=\"async\" alt=\"Cocina peque\u00f1a en tonos pastel\" loading=\"lazy\" class=\"ResponsiveImageContainer-eNxvmU cfBbTk responsive-image__image\"   src=\"https:\/\/www.europesays.com\/es\/wp-content\/uploads\/2026\/01\/_F5I6239%20web.jpg\"\/><\/p>\n<p>Beppe Brancato<\/p>\n<p><img decoding=\"async\" alt=\"Comedor en color pastel\" loading=\"lazy\" class=\"ResponsiveImageContainer-eNxvmU cfBbTk responsive-image__image\"   src=\"https:\/\/www.europesays.com\/es\/wp-content\/uploads\/2026\/01\/_Q7I0092-new%20web.jpg\"\/><\/p>\n<p>Beppe Brancato<\/p>\n<p><img decoding=\"async\" alt=\"Comedor en color rosa\" loading=\"lazy\" class=\"ResponsiveImageContainer-eNxvmU cfBbTk responsive-image__image\"   src=\"https:\/\/www.europesays.com\/es\/wp-content\/uploads\/2026\/01\/_Q7I0173-HDR%20web.jpg\"\/><\/p>\n<p>Beppe Brancato<\/p>\n<p><img decoding=\"async\" alt=\"Comedor minimalista con pared blanca\" loading=\"lazy\" class=\"ResponsiveImageContainer-eNxvmU cfBbTk responsive-image__image\"   src=\"https:\/\/www.europesays.com\/es\/wp-content\/uploads\/2026\/01\/_Q7I0140%20web.jpg\"\/><\/p>\n<p>Beppe Brancato<\/p>\n<p>La intimidad de las plantas superiores<\/p>\n<p>A medida que ascendemos a las plantas superiores, <strong>la casa peque\u00f1a parece modular su propia voz.<\/strong> Los materiales se vuelven m\u00e1s suaves al tacto, la luz se vuelve m\u00e1s mesurada, los colores cambian hacia tonos \u00edntimos y enrarecidos. Es una elecci\u00f3n intencionada, casi una direcci\u00f3n de la atm\u00f3sfera, porque aqu\u00ed comienza la dimensi\u00f3n m\u00e1s privada de la vida. Es el espacio de los largos pensamientos, de las p\u00e1ginas subrayadas, de las ideas que toman forma en la calma de un lugar apartado.<\/p>\n","protected":false},"excerpt":{"rendered":"Una casa peque\u00f1a combina colores vibrantes con tonalidades suaves para construir una atm\u00f3sfera contempor\u00e1nea, salpicada de un toque&hellip;\n","protected":false},"author":2,"featured_media":324751,"comment_status":"","ping_status":"","sticky":false,"template":"","format":"standard","meta":{"footnotes":""},"categories":[173],"tags":[229,233,231,230,9258,8372,232,234,146,147,25,24,23],"class_list":{"0":"post-324750","1":"post","2":"type-post","3":"status-publish","4":"format-standard","5":"has-post-thumbnail","7":"category-arte-y-diseno","8":"tag-arte","9":"tag-arte-y-diseno","10":"tag-arts","11":"tag-arts-and-design","12":"tag-casas-pequenas","13":"tag-decoracion","14":"tag-design","15":"tag-diseno","16":"tag-entertainment","17":"tag-entretenimiento","18":"tag-es","19":"tag-espana","20":"tag-spain"},"share_on_mastodon":{"url":"https:\/\/pubeurope.com\/@es\/115844273101584738","error":""},"_links":{"self":[{"href":"https:\/\/www.europesays.com\/es\/wp-json\/wp\/v2\/posts\/324750","targetHints":{"allow":["GET"]}}],"collection":[{"href":"https:\/\/www.europesays.com\/es\/wp-json\/wp\/v2\/posts"}],"about":[{"href":"https:\/\/www.europesays.com\/es\/wp-json\/wp\/v2\/types\/post"}],"author":[{"embeddable":true,"href":"https:\/\/www.europesays.com\/es\/wp-json\/wp\/v2\/users\/2"}],"replies":[{"embeddable":true,"href":"https:\/\/www.europesays.com\/es\/wp-json\/wp\/v2\/comments?post=324750"}],"version-history":[{"count":0,"href":"https:\/\/www.europesays.com\/es\/wp-json\/wp\/v2\/posts\/324750\/revisions"}],"wp:featuredmedia":[{"embeddable":true,"href":"https:\/\/www.europesays.com\/es\/wp-json\/wp\/v2\/media\/324751"}],"wp:attachment":[{"href":"https:\/\/www.europesays.com\/es\/wp-json\/wp\/v2\/media?parent=324750"}],"wp:term":[{"taxonomy":"category","embeddable":true,"href":"https:\/\/www.europesays.com\/es\/wp-json\/wp\/v2\/categories?post=324750"},{"taxonomy":"post_tag","embeddable":true,"href":"https:\/\/www.europesays.com\/es\/wp-json\/wp\/v2\/tags?post=324750"}],"curies":[{"name":"wp","href":"https:\/\/api.w.org\/{rel}","templated":true}]}}