{"id":324770,"date":"2026-01-05T20:11:10","date_gmt":"2026-01-05T20:11:10","guid":{"rendered":"https:\/\/www.europesays.com\/es\/324770\/"},"modified":"2026-01-05T20:11:10","modified_gmt":"2026-01-05T20:11:10","slug":"el-ayuntamiento-de-ponferrada-recibe-un-adelanto-de-50-880-euros-para-trabajos-medioambientales-dentro-del-plan-montel-2025","status":"publish","type":"post","link":"https:\/\/www.europesays.com\/es\/324770\/","title":{"rendered":"El Ayuntamiento de Ponferrada recibe un adelanto de 50.880 euros para trabajos medioambientales dentro del Plan Montel 2025"},"content":{"rendered":"<p class=\"cmParagraph\"><strong><img loading=\"lazy\" decoding=\"async\" src=\"https:\/\/www.europesays.com\/es\/wp-content\/uploads\/2026\/01\/18371-logo ayto Ponferrada - gen\u00e9rico.png\" width=\"226\" height=\"157\" alt=\"aAyuntamiento\"\/>Ponferrada, 5 de enero de 2026.<\/strong><\/p>\n<p class=\"cmParagraph\">El Servicio P\u00fablico de Empleo de Castilla y Le\u00f3n ha resuelto conceder al Ayuntamiento de Ponferrada un anticipo de 50.880 euros, correspondiente al 53% de la subvenci\u00f3n aprobada, para la ejecuci\u00f3n de trabajos medioambientales en el marco del Plan Montel 2025.<\/p>\n<p class=\"cmParagraph\">Gracias a la Junta de Castilla y Le\u00f3n, el consistorio contratar\u00e1 a cuatro personas durante un a\u00f1o para desarrollar labores vinculadas a la mejora, conservaci\u00f3n y mantenimiento del entorno natural del municipio.<\/p>\n<p class=\"cmParagraph\">Asimismo, este equipo se ver\u00e1 reforzado con la incorporaci\u00f3n de dos personas m\u00e1s, que ser\u00e1n contratadas durante seis meses para tareas de limpieza y desbroce, gracias a la aportaci\u00f3n complementaria de la Junta de Castilla y Le\u00f3n a trav\u00e9s del Plan Renacer.<\/p>\n","protected":false},"excerpt":{"rendered":"Ponferrada, 5 de enero de 2026. El Servicio P\u00fablico de Empleo de Castilla y Le\u00f3n ha resuelto conceder&hellip;\n","protected":false},"author":2,"featured_media":51564,"comment_status":"","ping_status":"","sticky":false,"template":"","format":"standard","meta":{"footnotes":""},"categories":[8],"tags":[22820,22815,22824,22822,22809,17,18,22821,22808,6093,22807,22810,3343,22811,22801,22806,22819,22805,25,24,13,14,22804,22828,11,22803,22817,22802,22816,19,20,12064,9,10,15,16,22813,22800,22829,22832,22831,22830,1811,585,22825,22826,22814,20740,22812,23,22818,6538,12,4664,21,22,22827,22823,8374],"class_list":{"0":"post-324770","1":"post","2":"type-post","3":"status-publish","4":"format-standard","5":"has-post-thumbnail","7":"category-espana","8":"tag-administracioacuten-puacuteblica","9":"tag-almacenamiento","10":"tag-almacenamiento-y-backup","11":"tag-aulas-conectadas-y-seguras","12":"tag-bpm","13":"tag-breaking-news","14":"tag-breakingnews","15":"tag-ciudades-digitales","16":"tag-cms","17":"tag-contenidos","18":"tag-content","19":"tag-crm","20":"tag-desarrollo","21":"tag-disentildeo","22":"tag-divisa","23":"tag-document","24":"tag-educacioacuten","25":"tag-emagazine","26":"tag-es","27":"tag-espana","28":"tag-featured-news","29":"tag-featurednews","30":"tag-gestioacuten","31":"tag-gestioacuten-de-la-calidad-del-software","32":"tag-headlines","33":"tag-informaacutetica","34":"tag-isp","35":"tag-it","36":"tag-java","37":"tag-latest-news","38":"tag-latestnews","39":"tag-manager","40":"tag-news","41":"tag-noticias","42":"tag-noticias-destacadas","43":"tag-noticiasdestacadas","44":"tag-portales","45":"tag-proxia","46":"tag-proxiareg-carpeta-del-paciente","47":"tag-proxiareg-ecclesia","48":"tag-proxiareg-esede","49":"tag-proxiareg-hygia","50":"tag-sanidad","51":"tag-seguridad","52":"tag-seguridad-perimetral-avanzada","53":"tag-servicios-gestionados","54":"tag-sistemas","55":"tag-soluciones","56":"tag-solutions","57":"tag-spain","58":"tag-sun","59":"tag-telecomunicaciones","60":"tag-titulares","61":"tag-turismo","62":"tag-ultimas-noticias","63":"tag-ultimasnoticias","64":"tag-videovigilancia-y-control-de-accesos","65":"tag-virtualizacioacuten","66":"tag-web"},"share_on_mastodon":{"url":"","error":"Validation failed: Text character limit of 500 exceeded"},"_links":{"self":[{"href":"https:\/\/www.europesays.com\/es\/wp-json\/wp\/v2\/posts\/324770","targetHints":{"allow":["GET"]}}],"collection":[{"href":"https:\/\/www.europesays.com\/es\/wp-json\/wp\/v2\/posts"}],"about":[{"href":"https:\/\/www.europesays.com\/es\/wp-json\/wp\/v2\/types\/post"}],"author":[{"embeddable":true,"href":"https:\/\/www.europesays.com\/es\/wp-json\/wp\/v2\/users\/2"}],"replies":[{"embeddable":true,"href":"https:\/\/www.europesays.com\/es\/wp-json\/wp\/v2\/comments?post=324770"}],"version-history":[{"count":0,"href":"https:\/\/www.europesays.com\/es\/wp-json\/wp\/v2\/posts\/324770\/revisions"}],"wp:featuredmedia":[{"embeddable":true,"href":"https:\/\/www.europesays.com\/es\/wp-json\/wp\/v2\/media\/51564"}],"wp:attachment":[{"href":"https:\/\/www.europesays.com\/es\/wp-json\/wp\/v2\/media?parent=324770"}],"wp:term":[{"taxonomy":"category","embeddable":true,"href":"https:\/\/www.europesays.com\/es\/wp-json\/wp\/v2\/categories?post=324770"},{"taxonomy":"post_tag","embeddable":true,"href":"https:\/\/www.europesays.com\/es\/wp-json\/wp\/v2\/tags?post=324770"}],"curies":[{"name":"wp","href":"https:\/\/api.w.org\/{rel}","templated":true}]}}