{"id":324771,"date":"2026-01-05T20:12:31","date_gmt":"2026-01-05T20:12:31","guid":{"rendered":"https:\/\/www.europesays.com\/es\/324771\/"},"modified":"2026-01-05T20:12:31","modified_gmt":"2026-01-05T20:12:31","slug":"el-ayuntamiento-de-mostoles-recuerda-las-recomendaciones-ante-la-ola-de-frio","status":"publish","type":"post","link":"https:\/\/www.europesays.com\/es\/324771\/","title":{"rendered":"El Ayuntamiento de M\u00f3stoles recuerda las recomendaciones ante la ola de fr\u00edo"},"content":{"rendered":"<ul>\n<li><strong>Entre las recomendaciones, se aconseja informarse de la situaci\u00f3n atmosf\u00e9rica por fuentes oficiales, disponer siempre de tel\u00e9fono m\u00f3vil con suficiente carga de bater\u00eda y en caso de emergencia llamar al 112 para recibir ayuda de manera inmediata.<\/strong><\/li>\n<li><strong>El Ayuntamiento mantiene activo el Plan de Actuaci\u00f3n en Emergencias por Inclemencias Invernales 2025-2026 para combatir las condiciones climatol\u00f3gicas adversas de la \u00e9poca invernal, garantizando la seguridad de los vecinos.<\/strong><\/li>\n<\/ul>\n<p class=\"cmParagraph\"><img loading=\"lazy\" decoding=\"async\" src=\"https:\/\/www.europesays.com\/es\/wp-content\/uploads\/2026\/01\/1428254-Plan Inclemencias Invernales 1.jpg\"  width=\"400\" height=\"533\" alt=\"Plan Inclemencias Invernales 1\"\/>Ante las bajas temperaturas previstas para los pr\u00f3ximos d\u00edas, el Ayuntamiento de M\u00f3stoles recuerda a los vecinos una serie de recomendaciones para hacer frente a la ola de fr\u00edo, elaboradas por la Agencia de Seguridad y Emergencias Madrid 112 (ASEM).<\/p>\n<p class=\"cmParagraph\">Entre las principales medidas, se aconseja contar con ropa y calzado adecuados, disponer de alimentos y medicamentos suficientes, especialmente en el caso de personas con enfermedades cr\u00f3nicas, y evitar que las personas mayores salgan a la calle si no es estrictamente necesario. Asimismo, se recomienda asegurarse de contar con combustible suficiente para varios d\u00edas.<\/p>\n<p class=\"cmParagraph\">Es importante mantenerse informado a trav\u00e9s de fuentes oficiales sobre la evoluci\u00f3n de la situaci\u00f3n meteorol\u00f3gica, llevar siempre un tel\u00e9fono m\u00f3vil con la bater\u00eda cargada y, en caso de emergencia, llamar al 112 para recibir asistencia inmediata.<\/p>\n<p class=\"cmParagraph\">En el \u00e1mbito dom\u00e9stico, se recomienda revisar el estado de la calefacci\u00f3n, as\u00ed como tejados, bajantes de agua y el correcto cierre de puertas y ventanas exteriores. Se deber\u00e1 extremar la precauci\u00f3n en el uso de estufas el\u00e9ctricas, de gas o de carb\u00f3n, manteni\u00e9ndolas alejadas de cortinas, visillos u otros elementos inflamables. Del mismo modo, es fundamental ventilar adecuadamente los espacios cuando se utilicen braseros de pic\u00f3n o estufas de carb\u00f3n, le\u00f1a o gas, y proteger la llave de paso del agua para evitar que se congelen las ca\u00f1er\u00edas, cubri\u00e9ndola con pl\u00e1sticos o pa\u00f1os aislantes.<\/p>\n<p class=\"cmParagraph\">Tambi\u00e9n se recomienda disponer en cada vivienda de linternas o velas, pilas de repuesto, cocinas o estufas tipo camping con provisi\u00f3n de gas, una reserva de alimentos y un botiqu\u00edn b\u00e1sico.<\/p>\n<p class=\"cmParagraph\">En caso de desplazamientos, es necesario revisar previamente el estado de frenos, neum\u00e1ticos y sistemas de alumbrado del veh\u00edculo, comprobar el nivel del l\u00edquido anticongelante y llevarlo de repuesto. Adem\u00e1s, se aconseja llenar el dep\u00f3sito de combustible y portar cadenas, pala, cuerda, radio, linterna, ropa de abrigo y alimentos ricos en calor\u00edas.<\/p>\n<p class=\"cmParagraph\"><strong>Plan de Actuaci\u00f3n en Emergencias por Inclemencias Invernales 2025-2026<\/strong><\/p>\n<p class=\"cmParagraph\">El Ayuntamiento mantiene activo el Plan de Actuaci\u00f3n en Emergencias por Inclemencias Invernales 2025-2026 para hacer frente a esta \u00e9poca con clima adverso, comprendido entre diciembre y marzo, en coordinaci\u00f3n con Polic\u00eda Municipal, Bomberos y la Agrupaci\u00f3n de Voluntarios de Protecci\u00f3n Civil.<\/p>\n<p class=\"cmParagraph\">El plan desarrolla acciones conjuntas entre \u00e1reas municipales como Seguridad, Emergencias, Mantenimiento de la Ciudad y Bienestar Social, junto al resto de los servicios municipales, como los del \u00c1rea de Limpieza.<\/p>\n<p class=\"cmParagraph\">Entre otras acciones, el plan incluye el reparto de sal, con el objetivo de facilitar un tr\u00e1nsito seguro para los peatones por las calles de la ciudad, as\u00ed como los accesos a centros de salud, hospitales, servicios sociales, centros educativos y otros centros municipales. Asimismo, incluye acuerdos con Servicios Sociales y diversas asociaciones como Punto Omega, gracias al cual se habilita el Centro de Emergencia Social para acoger a las personas sin hogar durante la \u00e9poca de fr\u00edo, hasta el 31 de marzo.<\/p>\n","protected":false},"excerpt":{"rendered":"Entre las recomendaciones, se aconseja informarse de la situaci\u00f3n atmosf\u00e9rica por fuentes oficiales, disponer siempre de tel\u00e9fono m\u00f3vil&hellip;\n","protected":false},"author":2,"featured_media":324772,"comment_status":"","ping_status":"","sticky":false,"template":"","format":"standard","meta":{"footnotes":""},"categories":[5],"tags":[1201,6853,1250,17,18,6854,777,2800,5509,25,24,13,14,11,6852,1928,6850,19,20,6849,9,10,15,16,4111,6851,23,12,21,22,6855],"class_list":{"0":"post-324771","1":"post","2":"type-post","3":"status-publish","4":"format-standard","5":"has-post-thumbnail","7":"category-titulares","8":"tag-alcalde","9":"tag-atencioacuten-ciudadana","10":"tag-ayuntamiento","11":"tag-breaking-news","12":"tag-breakingnews","13":"tag-callejero","14":"tag-ciudad","15":"tag-distritos","16":"tag-empleo","17":"tag-es","18":"tag-espana","19":"tag-featured-news","20":"tag-featurednews","21":"tag-headlines","22":"tag-inversioacuten","23":"tag-joven","24":"tag-juventud","25":"tag-latest-news","26":"tag-latestnews","27":"tag-moacutestoles","28":"tag-news","29":"tag-noticias","30":"tag-noticias-destacadas","31":"tag-noticiasdestacadas","32":"tag-presupuestos","33":"tag-sede-electroacutenica","34":"tag-spain","35":"tag-titulares","36":"tag-ultimas-noticias","37":"tag-ultimasnoticias","38":"tag-webs-municipales"},"share_on_mastodon":{"url":"","error":"Validation failed: Text character limit of 500 exceeded"},"_links":{"self":[{"href":"https:\/\/www.europesays.com\/es\/wp-json\/wp\/v2\/posts\/324771","targetHints":{"allow":["GET"]}}],"collection":[{"href":"https:\/\/www.europesays.com\/es\/wp-json\/wp\/v2\/posts"}],"about":[{"href":"https:\/\/www.europesays.com\/es\/wp-json\/wp\/v2\/types\/post"}],"author":[{"embeddable":true,"href":"https:\/\/www.europesays.com\/es\/wp-json\/wp\/v2\/users\/2"}],"replies":[{"embeddable":true,"href":"https:\/\/www.europesays.com\/es\/wp-json\/wp\/v2\/comments?post=324771"}],"version-history":[{"count":0,"href":"https:\/\/www.europesays.com\/es\/wp-json\/wp\/v2\/posts\/324771\/revisions"}],"wp:featuredmedia":[{"embeddable":true,"href":"https:\/\/www.europesays.com\/es\/wp-json\/wp\/v2\/media\/324772"}],"wp:attachment":[{"href":"https:\/\/www.europesays.com\/es\/wp-json\/wp\/v2\/media?parent=324771"}],"wp:term":[{"taxonomy":"category","embeddable":true,"href":"https:\/\/www.europesays.com\/es\/wp-json\/wp\/v2\/categories?post=324771"},{"taxonomy":"post_tag","embeddable":true,"href":"https:\/\/www.europesays.com\/es\/wp-json\/wp\/v2\/tags?post=324771"}],"curies":[{"name":"wp","href":"https:\/\/api.w.org\/{rel}","templated":true}]}}