{"id":324777,"date":"2026-01-05T20:20:11","date_gmt":"2026-01-05T20:20:11","guid":{"rendered":"https:\/\/www.europesays.com\/es\/324777\/"},"modified":"2026-01-05T20:20:11","modified_gmt":"2026-01-05T20:20:11","slug":"tyrique-jones-se-marcha-a-olympiacos","status":"publish","type":"post","link":"https:\/\/www.europesays.com\/es\/324777\/","title":{"rendered":"Tyrique Jones se marcha a Olympiacos"},"content":{"rendered":"<p class=\"ft-text\">Ya es oficial. <strong>Tyrique Jones<\/strong> abandona el <a class=\"ft-link ft-link--decoration\" href=\"https:\/\/www.sport.es\/es\/noticias\/baloncesto\/aficion-partizan-culpable-caos-equipo-125179753\" rel=\"nofollow noopener\" target=\"_blank\">Partizan de Belgrado<\/a> para marcharse a otro equipo de la Euroliga: <strong>el Olympiacos<\/strong>. El estadounidense, un jugador de gran calidad y que era pretendido por varios grandes de Europa, estaba en la rampa de salida desde hac\u00eda varios d\u00edas.<strong> La afici\u00f3n serbia lo acusaba de ser uno de los culpables de la marcha de Zeljko Obradovic. <\/strong><\/p>\n<p class=\"ft-text\">El desorden, el descontento y el enfrentamiento han estado a la orden del d\u00eda en Belgrado durante las \u00faltimas semanas. <strong>Incluso a Obradovic le pareci\u00f3 una situaci\u00f3n insostenible, y es por eso que decidi\u00f3 largarse de all\u00ed cuanto antes<\/strong>. Tanto Tyrique Jones como Jabari Parker han sido pitados, pr\u00e1cticamente de manera un\u00e1nime, en su propio pabell\u00f3n al saltar a pista.<\/p>\n<p class=\"ft-text\">Olympiacos ha sido el equipo que ha aprovechado el mal momento en Serbia para hacerse con un gran jugador. <strong>Un interior veterano a sus 28 a\u00f1os<\/strong>, con m\u00e1s de 80 partidos en la m\u00e1xima competici\u00f3n continental y unos buenos n\u00fameros. Esta misma temporada, que no ha sido nada f\u00e1cil, el estadounidense ha promediado <strong>10,6 puntos, 6,1 rebotes y 2,1 asistencias por encuentro. <\/strong><\/p>\n<p class=\"ft-text\">Aunque la marcha de Tyrique era una necesidad, <strong>Joan Pe\u00f1arroya se queda sin su jugador diferencial en el juego interior del equipo.<\/strong> Para cubrir esta baja, el Partizan ha hecho oficial <strong>la llegada de Tonye Jekiri<\/strong>, experimentado p\u00edvot nigeriano procedente del <strong>CSKA de Mosc\u00fa. <\/strong>El nuevo fichaje de Partizan tambi\u00e9n estuvo en las filas del Fenerbah\u00e7e hace tres temporadas y en Baskonia en el curso 20\/21.<\/p>\n<p><img decoding=\"async\" src=\"https:\/\/www.europesays.com\/es\/wp-content\/uploads\/2025\/12\/6a3ad67d-2c33-46ce-9659-a149313cd9b6_alta-libre-aspect-ratio_default_0.jpg\" width=\"1200\" height=\"675\" alt=\"Joan Pe\u00f1arroya, en el duelo ante Valencia Basket\" class=\"ft-helper-img-rd\" loading=\"lazy\"\/><\/p>\n<p class=\"ft-helper-fontColor-quaternary ft-helper-fontSize-body-S ft-helper-spacer-t-xxs\">Joan Pe\u00f1arroya, en el duelo ante Valencia Basket  \/ EFE<\/p>\n<p class=\"ft-text\">Muchos cambios para un Pe\u00f1arroya que debe revertir una situaci\u00f3n muy complicada. <strong>En Euroliga, los serbios son uno de los peores equipos de la competici\u00f3n y esta semana visitar\u00e1n M\u00f3naco y Barcelona<\/strong>. Precisamente contra dos de los equipos que m\u00e1s en forma est\u00e1n del continente. <strong>El partido en el Palau ser\u00e1 especial para el t\u00e9cnico catal\u00e1n<\/strong>, que hace apenas dos meses todav\u00eda dirig\u00eda al Bar\u00e7a.<\/p>\n<p>Otros fichajes en la Euroliga<\/p>\n<p class=\"ft-text\">\u00abNo es posible estar feliz cuando pierdes el partido, pero creo que mejoramos nuestro trabajo.<strong> Quiero jugar m\u00e1s juntos en los dos lados de la pista, compartir mejor y saber a qu\u00e9 queremos jugar<\/strong>, sobre todo cuando no corremos. <strong>Y tambi\u00e9n tenemos que correr mejor y en defensa ser m\u00e1s consistentes y s\u00f3lidos<\/strong>\u00ab, comentaba Pe\u00f1arroya tras perder el \u00faltimo partido en la pista de Valencia Basket.<\/p>\n<p class=\"ft-text\"><strong>Olympiacos y Partizan<\/strong> no son los \u00fanicos equipos que se est\u00e1n moviendo en este inicio de a\u00f1o. <strong>Fenerbah\u00e7e tambi\u00e9n ha incorporado a dos nuevos jugadores en los \u00faltimos d\u00edas: Chris Silva y la leyenda Nando de Colo.<\/strong> Lo mismo en Alemania, donde el <strong>Bayern de M\u00fanich<\/strong> ha hecho oficial la salida de Spencer Dinwiddie por motivos personales. En cambio, los equipos espa\u00f1oles no mueven ficha.<\/p>\n","protected":false},"excerpt":{"rendered":"Ya es oficial. Tyrique Jones abandona el Partizan de Belgrado para marcharse a otro equipo de la Euroliga:&hellip;\n","protected":false},"author":2,"featured_media":324778,"comment_status":"","ping_status":"","sticky":false,"template":"","format":"standard","meta":{"footnotes":""},"categories":[269],"tags":[299,298,168,25,24,39075,7342,4819,23,167,75245],"class_list":{"0":"post-324777","1":"post","2":"type-post","3":"status-publish","4":"format-standard","5":"has-post-thumbnail","7":"category-baloncesto","8":"tag-baloncesto","9":"tag-basketball","10":"tag-deportes","11":"tag-es","12":"tag-espana","13":"tag-olympiacos","14":"tag-palau-blaugrana","15":"tag-penarroya","16":"tag-spain","17":"tag-sports","18":"tag-tyrique-jones"},"share_on_mastodon":{"url":"https:\/\/pubeurope.com\/@es\/115844351537440392","error":""},"_links":{"self":[{"href":"https:\/\/www.europesays.com\/es\/wp-json\/wp\/v2\/posts\/324777","targetHints":{"allow":["GET"]}}],"collection":[{"href":"https:\/\/www.europesays.com\/es\/wp-json\/wp\/v2\/posts"}],"about":[{"href":"https:\/\/www.europesays.com\/es\/wp-json\/wp\/v2\/types\/post"}],"author":[{"embeddable":true,"href":"https:\/\/www.europesays.com\/es\/wp-json\/wp\/v2\/users\/2"}],"replies":[{"embeddable":true,"href":"https:\/\/www.europesays.com\/es\/wp-json\/wp\/v2\/comments?post=324777"}],"version-history":[{"count":0,"href":"https:\/\/www.europesays.com\/es\/wp-json\/wp\/v2\/posts\/324777\/revisions"}],"wp:featuredmedia":[{"embeddable":true,"href":"https:\/\/www.europesays.com\/es\/wp-json\/wp\/v2\/media\/324778"}],"wp:attachment":[{"href":"https:\/\/www.europesays.com\/es\/wp-json\/wp\/v2\/media?parent=324777"}],"wp:term":[{"taxonomy":"category","embeddable":true,"href":"https:\/\/www.europesays.com\/es\/wp-json\/wp\/v2\/categories?post=324777"},{"taxonomy":"post_tag","embeddable":true,"href":"https:\/\/www.europesays.com\/es\/wp-json\/wp\/v2\/tags?post=324777"}],"curies":[{"name":"wp","href":"https:\/\/api.w.org\/{rel}","templated":true}]}}