{"id":324842,"date":"2026-01-05T21:06:08","date_gmt":"2026-01-05T21:06:08","guid":{"rendered":"https:\/\/www.europesays.com\/es\/324842\/"},"modified":"2026-01-05T21:06:08","modified_gmt":"2026-01-05T21:06:08","slug":"la-aficion-nos-da-carino-pero-le-pido-que-siga-a-muerte-con-el-equipo","status":"publish","type":"post","link":"https:\/\/www.europesays.com\/es\/324842\/","title":{"rendered":"\u00abLa afici\u00f3n nos da cari\u00f1o, pero le pido que siga a muerte con el equipo\u00bb"},"content":{"rendered":"<p>\u00d3scar Fern\u00e1ndez &#8211; Arenas, presidente del Covir\u00e1n Granada, dedic\u00f3 unas palabras a la afici\u00f3n nazar\u00ed tras la presentaci\u00f3n de Arturo Ruiz como nuevo entrenador. \u00abTenemos 8. &#8230; 000 asientos en el Palacio, pero nuestros datos de media son de 7.200 espectadores por partido. Esto demuestra que Granada da mucho cari\u00f1o al baloncesto, pero le pido un poco m\u00e1s. Sabiendo las complicaciones que vivimos cada a\u00f1o, hay que hacer una pi\u00f1a y estar a muerte con el equipo aunque la situaci\u00f3n sea dif\u00edcil\u00ab, espet\u00f3.<\/p>\n<p class=\"v-p\">\u00abEst\u00e1 claro que la gente viene a ver ganar a su equipo, pero es que aqu\u00ed eso es precisamente lo dif\u00edcil. Somos el Covir\u00e1n Granada, hay que tenerlo en cuenta. Vamos a pelearle a todos los clubes, como hicimos con UCAM Murcia o Lenovo Tenerife. Al final nos falt\u00f3 algo de f\u00edsico, algo mental&#8230; No lo s\u00e9. Si la afici\u00f3n tampoco est\u00e1 con nosotros en el Palacio, todo se hace m\u00e1s complicado a\u00fan\u00bb, a\u00f1adi\u00f3 antes de sacar pecho por la profesionalidad de los miembros que componen la entidad.<\/p>\n<p class=\"v-p\">\u00abOdio la expresi\u00f3n de que somos un club &#8216;de colegas&#8217;. Alguna gente no sabe la preparaci\u00f3n tan buena de los profesionales que tenemos en Granada. Este club, sin la relaci\u00f3n personal de tantos a\u00f1os que tenemos los que estamos aqu\u00ed, seguramente no existir\u00eda. El nivel de profesionalismo es alto, m\u00e1s que en otros clubes. El compromiso de todos es m\u00e1ximo. Tanto a nivel deportivo con el &#8216;staff&#8217;, con la gente de la oficina&#8230; Me ir\u00eda al fin del mundo con ellos\u00bb, apunt\u00f3.<\/p>\n<p>Mercado<\/p>\n<p class=\"v-p\">Fern\u00e1ndez &#8211; Arenas no dio demasiados detalles sobre la situaci\u00f3n econ\u00f3mica actual del Covir\u00e1n, pero s\u00ed asever\u00f3 que la direcci\u00f3n \u00abtendr\u00e1 en cuenta aquellas operaciones que puedan resultar interesantes. Estamos atentos a todo y lo demostramos con la rescisi\u00f3n de Micah Speight, pues nos reforzamos muy pronto con Llu\u00eds Costa. Con nuestros recursos, cuando vamos a fichar a un jugador debemos ser los m\u00e1s r\u00e1pidos, eficaces y silenciosos para llev\u00e1rnoslo. Con Amar (Alibegovic) hab\u00eda cuatro clubes interesados. Si la noticia se filtra antes, seguro que hubiese acabado en otro equipo con m\u00e1s dinero\u00bb.<\/p>\n<p class=\"v-p\">\u00abNuestro abanico por tanto debe llegar a todos los escaparates, pero debemos centrarnos en los jugadores que tenemos ahora. Mi convencimiento con Arturo tambi\u00e9n vino por lo que me propuso a nivel de ideas y de qu\u00e9 quiere hacer con el equipo. As\u00ed, debe aplicar su parte de entrenador para sacar lo mejor de los chicos\u00bb, a\u00f1adi\u00f3. A su vez, afirm\u00f3 que el regalo de Reyes del club ser\u00e1 \u00abla vuelta de Jovan Kljajic. Creemos que estar\u00e1 preparado para el par\u00f3n de Copa de febrero\u00bb.<\/p>\n<p class=\"v-p\">Por \u00faltimo, neg\u00f3 los rumores de una posible marcha de Matt Thomas a Grecia. \u00abDe todo lo que se escuch\u00f3 sobre el AEK, la realidad es que hubo cero. Ya sabemos c\u00f3mo funcionan las redes. Publicas una cosa y crece porque lo comparten miles de usuarios, pero el compromiso de Matt aqu\u00ed es del 2.000%. Es de los jugadores m\u00e1s profesionales que hemos visto en Granada. No pienso en su marcha, sino en los que pueden regresar a tiempo como Kljajic o Valtonen m\u00e1s los que ya est\u00e1n\u00bb, sentenci\u00f3.<\/p>\n","protected":false},"excerpt":{"rendered":"\u00d3scar Fern\u00e1ndez &#8211; Arenas, presidente del Covir\u00e1n Granada, dedic\u00f3 unas palabras a la afici\u00f3n nazar\u00ed tras la presentaci\u00f3n&hellip;\n","protected":false},"author":2,"featured_media":324843,"comment_status":"","ping_status":"","sticky":false,"template":"","format":"standard","meta":{"footnotes":""},"categories":[269],"tags":[3437,299,298,18841,168,622,25,24,4920,46529,20897,23,167],"class_list":{"0":"post-324842","1":"post","2":"type-post","3":"status-publish","4":"format-standard","5":"has-post-thumbnail","7":"category-baloncesto","8":"tag-aficion","9":"tag-baloncesto","10":"tag-basketball","11":"tag-carino","12":"tag-deportes","13":"tag-equipo","14":"tag-es","15":"tag-espana","16":"tag-muerte","17":"tag-pido","18":"tag-siga","19":"tag-spain","20":"tag-sports"},"share_on_mastodon":{"url":"https:\/\/pubeurope.com\/@es\/115844532396764740","error":""},"_links":{"self":[{"href":"https:\/\/www.europesays.com\/es\/wp-json\/wp\/v2\/posts\/324842","targetHints":{"allow":["GET"]}}],"collection":[{"href":"https:\/\/www.europesays.com\/es\/wp-json\/wp\/v2\/posts"}],"about":[{"href":"https:\/\/www.europesays.com\/es\/wp-json\/wp\/v2\/types\/post"}],"author":[{"embeddable":true,"href":"https:\/\/www.europesays.com\/es\/wp-json\/wp\/v2\/users\/2"}],"replies":[{"embeddable":true,"href":"https:\/\/www.europesays.com\/es\/wp-json\/wp\/v2\/comments?post=324842"}],"version-history":[{"count":0,"href":"https:\/\/www.europesays.com\/es\/wp-json\/wp\/v2\/posts\/324842\/revisions"}],"wp:featuredmedia":[{"embeddable":true,"href":"https:\/\/www.europesays.com\/es\/wp-json\/wp\/v2\/media\/324843"}],"wp:attachment":[{"href":"https:\/\/www.europesays.com\/es\/wp-json\/wp\/v2\/media?parent=324842"}],"wp:term":[{"taxonomy":"category","embeddable":true,"href":"https:\/\/www.europesays.com\/es\/wp-json\/wp\/v2\/categories?post=324842"},{"taxonomy":"post_tag","embeddable":true,"href":"https:\/\/www.europesays.com\/es\/wp-json\/wp\/v2\/tags?post=324842"}],"curies":[{"name":"wp","href":"https:\/\/api.w.org\/{rel}","templated":true}]}}